{"id":812,"date":"2012-12-12T02:13:12","date_gmt":"2012-12-12T01:13:12","guid":{"rendered":"http:\/\/www.culturalusa.com\/news\/?p=812"},"modified":"2012-12-12T02:13:12","modified_gmt":"2012-12-12T01:13:12","slug":"manoel-de-oliveira-age-de-104-ans-et-toujours-au-travail","status":"publish","type":"post","link":"https:\/\/www.culturalusa.com\/news\/culture\/manoel-de-oliveira-age-de-104-ans-et-toujours-au-travail\/","title":{"rendered":"Manoel de Oliveira ag\u00e9 de 104 ans et toujours au travail"},"content":{"rendered":"<p><img loading=\"lazy\" decoding=\"async\" src=\"http:\/\/www.culturalusa.com\/news\/wp-content\/uploads\/2012\/12\/manoel_de_oliveira.jpg\" alt=\"\" title=\"Manoel de Oliveira\" width=\"467\" height=\"280\" class=\"aligncenter size-full wp-image-813\" srcset=\"https:\/\/www.culturalusa.com\/news\/wp-content\/uploads\/2012\/12\/manoel_de_oliveira.jpg 467w, https:\/\/www.culturalusa.com\/news\/wp-content\/uploads\/2012\/12\/manoel_de_oliveira-275x165.jpg 275w\" sizes=\"auto, (max-width: 467px) 100vw, 467px\" \/>Doyen des cin\u00e9astes en activit\u00e9, le Portugais Manoel de Oliveira f\u00eatait mardi ses 104 ans en continuant de travailler malgr\u00e9 de r\u00e9cents probl\u00e8mes de sant\u00e9 et les difficult\u00e9s \u00e0 trouver les moyens de financer ses prochains projets.<\/p>\n<p>Enregistr\u00e9 \u00e0 l&rsquo;\u00e9tat civil le 12 d\u00e9cembre 1908 \u00e0 Porto, dans le nord du Portugal, le metteur en sc\u00e8ne est en r\u00e9alit\u00e9 n\u00e9 la veille et sa famille devait se r\u00e9unir mardi pour c\u00e9l\u00e9brer son anniversaire.<\/p>\n<p>Hospitalis\u00e9 pendant une semaine en juillet dernier, en raison de probl\u00e8mes pulmonaires, le r\u00e9alisateur \u00ab\u00a0s&rsquo;en est bien remis, mais son m\u00e9decin veut qu&rsquo;il sorte le moins possible par ce temps froid\u00a0\u00bb, a indiqu\u00e9 sa fille, Adelaide Maria Tr\u00eapa, \u00e0 l&rsquo;AFP.<\/p>\n<p>\u00ab\u00a0Il continue de travailler chez lui\u00a0\u00bb, a-t-elle affirm\u00e9 en pr\u00e9cisant que son p\u00e8re avait termin\u00e9 le sc\u00e9nario d&rsquo;un prochain film, \u00ab\u00a0L&rsquo;Eglise du diable\u00a0\u00bb, inspir\u00e9 de l&rsquo;auteur br\u00e9silien Machado de Assis, et qu&rsquo;il travaillait actuellement sur celui d&rsquo;un nouveau court m\u00e9trage.<\/p>\n<p>Aucun calendrier n&rsquo;est pr\u00e9vu pour le tournage de ces projets, a toutefois indiqu\u00e9 Mme Tr\u00eapa.<\/p>\n<p>Le film \u00ab\u00a0L&rsquo;Eglise du diable\u00a0\u00bb est \u00ab\u00a0en phase de pr\u00e9-production, en attente de financement\u00a0\u00bb, a pr\u00e9cis\u00e9 le producteur Luis Urbano, de la soci\u00e9t\u00e9 O Som e a Furia.<\/p>\n<p>\u00ab\u00a0L&rsquo;Institut du cin\u00e9ma et de l&rsquo;audiovisuel n&rsquo;a pas ouvert de concours cette ann\u00e9e donc nous cherchons des financements ailleurs, au Br\u00e9sil notamment\u00a0\u00bb, a-t-il expliqu\u00e9 en regrettant la \u00ab\u00a0situation dramatique\u00a0\u00bb que vit le cin\u00e9ma portugais alors que le pays, sous assistance financi\u00e8re internationale, est soumis \u00e0 d&rsquo;importantes restrictions budg\u00e9taires.<\/p>\n<p>Malgr\u00e9 ces difficult\u00e9s, le r\u00e9alisateur \u00ab\u00a0a tr\u00e8s envie de tourner et de continuer \u00e0 faire ce qu&rsquo;il a fait toute sa vie\u00a0\u00bb, a ajout\u00e9 le producteur.<\/p>\n<p>Le plus r\u00e9cent film de Manoel de Oliveira, \u00ab\u00a0Gebo et l&rsquo;ombre\u00a0\u00bb &#8212; une com\u00e9die dramatique adapt\u00e9e de la pi\u00e8ce \u00e9ponyme du Portugais Raul Brandao, avec les acteurs Michael Lonsdale, Claudia Cardinale et Jeanne Moreau &#8211;, a \u00e9t\u00e9 pr\u00e9sent\u00e9 l&rsquo;\u00e9t\u00e9 dernier \u00e0 la Mostra de Venise.<\/p>\n<p>Au printemps, il a encore tourn\u00e9 un court-m\u00e9trage sur Guimaraes, ville du nord du Portugal d\u00e9sign\u00e9e capitale europ\u00e9enne de la Culture 2012.<\/p>\n<p>Depuis ses d\u00e9buts derri\u00e8re la cam\u00e9ra, encore au temps du cin\u00e9ma muet, Oliveira a r\u00e9alis\u00e9 une cinquantaine de films de fiction et de documentaires, une \u0153uvre marqu\u00e9e par une perp\u00e9tuelle interrogation sur le sens de la vie et de la mort.(AFP)<\/p>\n<p style=\"text-align:center;\"><script type=\"text\/javascript\"><!--\ngoogle_ad_client = \"ca-pub-2727717456356200\";\n\/* CulturaLusa 468x60 *\/\ngoogle_ad_slot = \"2785499263\";\ngoogle_ad_width = 468;\ngoogle_ad_height = 60;\n\/\/-->\n<\/script><br \/>\n<script type=\"text\/javascript\"\nsrc=\"http:\/\/pagead2.googlesyndication.com\/pagead\/show_ads.js\">\n<\/script><\/p>\n","protected":false},"excerpt":{"rendered":"<p>Doyen des cin\u00e9astes en activit\u00e9, le Portugais Manoel de Oliveira f\u00eatait mardi ses 104 ans en continuant de travailler malgr\u00e9 de r\u00e9cents probl\u00e8mes de sant\u00e9 et les difficult\u00e9s \u00e0 trouver les moyens de financer ses prochains projets. Enregistr\u00e9 \u00e0 l&rsquo;\u00e9tat civil le 12 d\u00e9cembre 1908 \u00e0 Porto, dans le nord du Portugal, le metteur en [&hellip;]<\/p>\n","protected":false},"author":1,"featured_media":0,"comment_status":"open","ping_status":"closed","sticky":false,"template":"","format":"standard","meta":{"footnotes":""},"categories":[4],"tags":[],"class_list":["post-812","post","type-post","status-publish","format-standard","hentry","category-culture"],"aioseo_notices":[],"_links":{"self":[{"href":"https:\/\/www.culturalusa.com\/news\/wp-json\/wp\/v2\/posts\/812","targetHints":{"allow":["GET"]}}],"collection":[{"href":"https:\/\/www.culturalusa.com\/news\/wp-json\/wp\/v2\/posts"}],"about":[{"href":"https:\/\/www.culturalusa.com\/news\/wp-json\/wp\/v2\/types\/post"}],"author":[{"embeddable":true,"href":"https:\/\/www.culturalusa.com\/news\/wp-json\/wp\/v2\/users\/1"}],"replies":[{"embeddable":true,"href":"https:\/\/www.culturalusa.com\/news\/wp-json\/wp\/v2\/comments?post=812"}],"version-history":[{"count":0,"href":"https:\/\/www.culturalusa.com\/news\/wp-json\/wp\/v2\/posts\/812\/revisions"}],"wp:attachment":[{"href":"https:\/\/www.culturalusa.com\/news\/wp-json\/wp\/v2\/media?parent=812"}],"wp:term":[{"taxonomy":"category","embeddable":true,"href":"https:\/\/www.culturalusa.com\/news\/wp-json\/wp\/v2\/categories?post=812"},{"taxonomy":"post_tag","embeddable":true,"href":"https:\/\/www.culturalusa.com\/news\/wp-json\/wp\/v2\/tags?post=812"}],"curies":[{"name":"wp","href":"https:\/\/api.w.org\/{rel}","templated":true}]}}