{"id":8170,"date":"2020-10-22T12:00:04","date_gmt":"2020-10-22T10:00:04","guid":{"rendered":"https:\/\/www.culturalusa.com\/news\/?p=8170"},"modified":"2020-10-22T16:53:29","modified_gmt":"2020-10-22T14:53:29","slug":"islamisme-marine-le-pen-votera-tres-certainement-la-loi-contre-les-separatismes","status":"publish","type":"post","link":"https:\/\/www.culturalusa.com\/news\/actualite\/islamisme-marine-le-pen-votera-tres-certainement-la-loi-contre-les-separatismes\/","title":{"rendered":"Islamisme: Marine Le Pen votera tr\u00e8s certainement la \u00ab\u00a0loi contre les s\u00e9paratismes\u00a0\u00bb"},"content":{"rendered":"<p><strong>Marine Le Pen<\/strong> a affirm\u00e9 qu&rsquo;elle voterait \u00ab\u00a0tr\u00e8s certainement\u00a0\u00bb le projet de loi en pr\u00e9paration contre les s\u00e9paratismes et l&rsquo;<strong>islamisme radical<\/strong>.<\/p>\n<p>Interrog\u00e9e sur Europe 1 pour savoir si elle voterait en faveur de ce texte renfor\u00e7ant la la\u00efcit\u00e9 et la lutte contre les s\u00e9paratismes, qui doit \u00eatre pr\u00e9sent\u00e9 en Conseil des ministres le 9 d\u00e9cembre, la pr\u00e9sidente du Rasemblement national et d\u00e9put\u00e9e a r\u00e9pondu: \u00ab\u00a0tr\u00e8s certainement oui\u00a0\u00bb.<\/p>\n<p>\u00ab\u00a0M\u00eame si \u00e7a n&rsquo;est qu&rsquo;un pas sur les mille pas qu&rsquo;il faut faire, de toute fa\u00e7on c&rsquo;est mieux qu&rsquo;absolument rien\u00a0\u00bb, a fait valoir l&rsquo;\u00e9lue du Pas-de-Calais et candidate \u00e0 la pr\u00e9sidentielle.<\/p>\n<p>\u00ab\u00a0J&rsquo;entends v\u00e9ritablement avoir un comportement tr\u00e8s constructif parce que je pense tr\u00e8s sinc\u00e8rement que le fondamentalisme islamiste est un des majeurs dangers qui p\u00e8se sur notre pays aujourd&rsquo;hui\u00a0\u00bb, a ajout\u00e9 Marine Le Pen.<\/p>\n<p>Pour autant, <strong>la dirigeante du parti RN<\/strong>, qui r\u00e9clame une \u00ab\u00a0<strong>l\u00e9gislation de guerre contre l&rsquo;islam radical<\/strong>\u00a0\u00bb et des \u00ab\u00a0lois d&rsquo;exception\u00a0\u00bb compatibles \u00e0 ses yeux avec l&rsquo;Etat de droit, \u00ab\u00a0essaiera par tous les amendements que nous d\u00e9poserons de rendre cette loi efficace car j&rsquo;ai vu trop de lois sur ce sujet \u00eatre totalement inefficaces\u00a0\u00bb, a-t-elle poursuivi.<\/p>\n<p>En revanche, elle a pr\u00e9venu qu&rsquo;elle ne \u00ab\u00a0servirait pas de caution au gouvernement\u00a0\u00bb. \u00ab\u00a0Je n&rsquo;accepterai plus aucune excuse, plus aucune compromission, plus aucune des petites l\u00e2chet\u00e9s qui ont cr\u00e9\u00e9 la situation dans laquelle nous vivons aujourd&rsquo;hui\u00a0\u00bb, a-t-elle d\u00e9clar\u00e9.<\/p>\n<blockquote><p>Marine Le Pen a salu\u00e9 la dissolution en Conseil des ministres de l&rsquo;<strong>association Cheikh Yassine<\/strong>, \u00ab\u00a0<span style=\"color: #800000;\">directement impliqu\u00e9e dans l&rsquo;assassinat de l&rsquo;enseignant Samuel Paty<\/span>\u00a0\u00bb dans les Yvelines selon Emmanuel Macron, mais a pr\u00e9venu qu&rsquo;il y a \u00ab\u00a0l&rsquo;association d&rsquo;\u00e0 c\u00f4t\u00e9 qui peut-\u00eatre est encore plus dangereuse\u00a0\u00bb <span style=\"color: #800000;\"><strong>et a r\u00e9clam\u00e9 \u00e0 nouveau la dissolution de la f\u00e9d\u00e9ration Musulmans de France (ex-UOIF), proche des Fr\u00e8res musulmans<\/strong><\/span>.<\/p><\/blockquote>\n<p>Elle a aussi demand\u00e9 de \u00ab\u00a0s&rsquo;attaquer\u00a0\u00bb \u00e0 \u00ab\u00a0la politique globale d&rsquo;immigration\u00a0\u00bb, sur laquelle elle r\u00e9clame un \u00ab\u00a0moratoire imm\u00e9diat\u00a0\u00bb. \u00ab\u00a0<strong>Si on n&rsquo;ass\u00e8che pas le terreau du communautarisme qui est l&rsquo;immigration massive, alors on n&rsquo;ass\u00e8chera pas le terreau du fondamentalisme islamiste qui est le communautarisme<\/strong>\u00ab\u00a0.<br \/>\n(AFP)<\/p>\n","protected":false},"excerpt":{"rendered":"<p>Marine Le Pen a affirm\u00e9 qu&rsquo;elle voterait \u00ab\u00a0tr\u00e8s certainement\u00a0\u00bb le projet de loi en pr\u00e9paration contre les s\u00e9paratismes et l&rsquo;islamisme radical. Interrog\u00e9e sur Europe 1 pour savoir si elle voterait en faveur de ce texte renfor\u00e7ant la la\u00efcit\u00e9 et la lutte contre les s\u00e9paratismes, qui doit \u00eatre pr\u00e9sent\u00e9 en Conseil des ministres le 9 d\u00e9cembre, [&hellip;]<\/p>\n","protected":false},"author":1,"featured_media":7154,"comment_status":"open","ping_status":"closed","sticky":false,"template":"","format":"standard","meta":{"footnotes":""},"categories":[30],"tags":[1420,391],"class_list":["post-8170","post","type-post","status-publish","format-standard","has-post-thumbnail","hentry","category-actualite","tag-islamisme","tag-marine-le-pen"],"aioseo_notices":[],"_links":{"self":[{"href":"https:\/\/www.culturalusa.com\/news\/wp-json\/wp\/v2\/posts\/8170","targetHints":{"allow":["GET"]}}],"collection":[{"href":"https:\/\/www.culturalusa.com\/news\/wp-json\/wp\/v2\/posts"}],"about":[{"href":"https:\/\/www.culturalusa.com\/news\/wp-json\/wp\/v2\/types\/post"}],"author":[{"embeddable":true,"href":"https:\/\/www.culturalusa.com\/news\/wp-json\/wp\/v2\/users\/1"}],"replies":[{"embeddable":true,"href":"https:\/\/www.culturalusa.com\/news\/wp-json\/wp\/v2\/comments?post=8170"}],"version-history":[{"count":0,"href":"https:\/\/www.culturalusa.com\/news\/wp-json\/wp\/v2\/posts\/8170\/revisions"}],"wp:featuredmedia":[{"embeddable":true,"href":"https:\/\/www.culturalusa.com\/news\/wp-json\/wp\/v2\/media\/7154"}],"wp:attachment":[{"href":"https:\/\/www.culturalusa.com\/news\/wp-json\/wp\/v2\/media?parent=8170"}],"wp:term":[{"taxonomy":"category","embeddable":true,"href":"https:\/\/www.culturalusa.com\/news\/wp-json\/wp\/v2\/categories?post=8170"},{"taxonomy":"post_tag","embeddable":true,"href":"https:\/\/www.culturalusa.com\/news\/wp-json\/wp\/v2\/tags?post=8170"}],"curies":[{"name":"wp","href":"https:\/\/api.w.org\/{rel}","templated":true}]}}