{"id":8182,"date":"2020-10-23T14:07:34","date_gmt":"2020-10-23T12:07:34","guid":{"rendered":"https:\/\/www.culturalusa.com\/news\/?p=8182"},"modified":"2020-10-23T14:10:50","modified_gmt":"2020-10-23T12:10:50","slug":"coronavirus-le-couvre-feu-setend-en-france-pour-faire-face-a-la-deuxieme-vague","status":"publish","type":"post","link":"https:\/\/www.culturalusa.com\/news\/actualite\/coronavirus-le-couvre-feu-setend-en-france-pour-faire-face-a-la-deuxieme-vague\/","title":{"rendered":"CoronaVirus: le couvre-feu s&rsquo;\u00e9tend en France pour faire face \u00e0 la deuxi\u00e8me vague"},"content":{"rendered":"<p><strong>Trente-huit nouveaux d\u00e9partements<\/strong> se pr\u00e9parent \u00e0 appliquer vendredi le <strong>couvre-feu nocturne<\/strong>, au moment o\u00f9 le niveau de contamination atteint des records en France, touch\u00e9e de plein fouet par la deuxi\u00e8me vague de l&rsquo;\u00e9pid\u00e9mie de Covid-19.<\/p>\n<p>Entre mercredi et jeudi, 41.622 nouveaux cas de Covid-19 ont \u00e9t\u00e9 d\u00e9pist\u00e9s, soit un bond de 15.000 cas en 24 heures. Un niveau jamais vu depuis le lancement des tests \u00e0 grande \u00e9chelle dans l&rsquo;Hexagone.<\/p>\n<p>\u00ab\u00a0<strong>Le mois de novembre sera \u00e9prouvant<\/strong>\u00a0\u00bb et \u00ab\u00a0le nombre de morts va continuer d&rsquo;augmenter\u00a0\u00bb, a averti jeudi le Premier ministre Jean Castex, en annon\u00e7ant l&rsquo;extension du couvre-feu nocturne qui concerne d\u00e9sormais les deux tiers des Fran\u00e7ais et des zones rurales \u00e0 la faible densit\u00e9 de population.<\/p>\n<p>Selon le dernier bilan de Sant\u00e9 publique France, 165 malades du Covid-19 sont d\u00e9c\u00e9d\u00e9s dans les derni\u00e8res 24 heures.<\/p>\n<p>Estimant que \u00ab\u00a0la situation est grave\u00a0\u00bb, M. Castex a averti que si l&rsquo;\u00e9pid\u00e9mie n&rsquo;\u00e9tait pas jugul\u00e9e, le gouvernement devrait \u00ab\u00a0envisager des mesures beaucoup plus dures\u00a0\u00bb. \u00ab\u00a0Il est encore temps de l&rsquo;\u00e9viter, mais il ne nous reste plus beaucoup de temps\u00a0\u00bb.<\/p>\n<p>\u00ab\u00a0Tout est sur la table\u00a0\u00bb, a estim\u00e9 vendredi sur BFM TV le Pr Arnaud Fontanet, membre du <strong>Conseil scientifique<\/strong>, qui guide le gouvernement, expliquant que \u00ab\u00a0le virus circule plus vite qu&rsquo;au printemps\u00a0\u00bb, mais qu&rsquo;il s&rsquo;agit \u00ab\u00a0exactement\u00a0\u00bb du m\u00eame coronavirus, avec \u00ab\u00a0la m\u00eame distribution d\u2019\u00e2ge\u00a0\u00bb et \u00ab\u00a0les m\u00eames sympt\u00f4mes\u00a0\u00bb.<\/p>\n<p>Un confinement \u00ab\u00a0g\u00e9n\u00e9ral, je n&rsquo;esp\u00e8re pas parce qu&rsquo;on fait tout pour l&rsquo;\u00e9viter, local \u00e7a fait partie des options\u00a0\u00bb, a poursuivi l&rsquo;\u00e9pid\u00e9miologiste.<\/p>\n<p><strong>\u00ab\u00a0Jouer collectif\u00a0\u00bb<\/strong><\/p>\n<p>\u00ab\u00a0Il y a eu la perception, depuis quelques mois, que soit la deuxi\u00e8me vague n&rsquo;existait pas, soit que c&rsquo;\u00e9tait une vaguelette. La situation est l&rsquo;inverse: il est possible que la deuxi\u00e8me vague soit pire que la premi\u00e8re\u00a0\u00bb, a estim\u00e9 Martin Hirsch, directeur g\u00e9n\u00e9ral de l&rsquo;Assistance publique &#8211; H\u00f4pitaux de Paris (AP-HP), sur RTL.<\/p>\n<p>L&rsquo;\u00e2ge m\u00e9dian des personnes malades du Covid-19 et admises en r\u00e9animation dans les h\u00f4pitaux de l&rsquo;AP-HP est de 62 ans.<\/p>\n<p>\u00ab\u00a0On est collectivement sur la ligne de cr\u00eate\u00a0\u00bb, a insist\u00e9 Etienne Gayat, m\u00e9decin anesth\u00e9siste et directeur m\u00e9dical de crise \u00e0 l&rsquo;h\u00f4pital Lariboisi\u00e8re, sur LCI.<\/p>\n<p>Pour freiner la circulation du virus et \u00e9viter \u00ab\u00a0<strong>la saturation du syst\u00e8me de sant\u00e9<\/strong>\u00ab\u00a0, \u00ab\u00a0il faut qu&rsquo;on joue collectif\u00a0\u00bb, a-t-il rappel\u00e9.<\/p>\n<p>Au total, 54 d\u00e9partements et 46 millions d&rsquo;habitants, en plus de la Polyn\u00e9sie, sont d\u00e9sormais soumis \u00e0 un couvre-feu nocturne qui entrera en vigueur dans la nuit de vendredi \u00e0 samedi \u00e0 minuit.<\/p>\n<p><strong>Il s&rsquo;appliquera de 21H00 \u00e0 06H00 et donnera lieu \u00e0 des amendes en cas de non-respect.<\/strong><\/p>\n<p>Ces mesures vont peser sur l&rsquo;\u00e9conomie, a averti vendredi sur Europe 1 le ministre de l&rsquo;Economie Bruno Le Maire, avec la possibilit\u00e9 \u00ab\u00a0d&rsquo;avoir un chiffre de croissance n\u00e9gatif\u00a0\u00bb au quatri\u00e8me trimestre.<\/p>\n<p>Pour tenter d&rsquo;amortir les cons\u00e9quences \u00e9conomiques, les mesures de soutien seront \u00e9tendues \u00e0 tous les d\u00e9partements concern\u00e9s, pour \u00ab\u00a0un co\u00fbt global d&rsquo;un peu plus de 2 milliards d&rsquo;euros\u00a0\u00bb, a-t-il indiqu\u00e9.<\/p>\n<p>Les acteurs du spectacle vivant et du cin\u00e9ma, particuli\u00e8rement touch\u00e9s par le couvre-feu, ont appris jeudi qu&rsquo;ils recevraient respectivement 85 millions et 30 millions d&rsquo;euros d&rsquo;aides suppl\u00e9mentaires pour traverser la crise sanitaire.<\/p>\n<h3><strong>Etat d&rsquo;urgence sanitaire prolong\u00e9<\/strong><\/h3>\n<p><strong>La nouvelle version de l&rsquo;application<\/strong> de \u00ab\u00a0tra\u00e7age\u00a0\u00bb du virus, rebaptis\u00e9e \u00ab\u00a0<strong>Tous anti-Covid<\/strong>\u00ab\u00a0, a \u00e9t\u00e9 pr\u00e9sent\u00e9e par le secr\u00e9taire d&rsquo;Etat charg\u00e9 du Num\u00e9rique, C\u00e9dric O. Elle remplace StopCovid qui avait \u00e9t\u00e9 t\u00e9l\u00e9charg\u00e9e seulement 2,6 millions de fois depuis d\u00e9but juin.<\/p>\n<p>Des probl\u00e8mes ont \u00e9t\u00e9 rencontr\u00e9s jeudi sur \u00ab\u00a0Tous anti-Covid\u00a0\u00bb, dus \u00e0 \u00ab\u00a0un trop grand afflux de personnes en m\u00eame temps sur l&rsquo;application\u00a0\u00bb, mais ils ont \u00e9t\u00e9 r\u00e9solus, a affirm\u00e9 vendredi C\u00e9dric O sur France 2.<\/p>\n<p>\u00ab\u00a0Ses premi\u00e8res fonctionnalit\u00e9s seront enrichies toutes les deux semaines\u00a0\u00bb, avait-il dit, notamment avec l&rsquo;int\u00e9gration de l&rsquo;attestation de sortie ou les registres d&rsquo;enregistrement des restaurants.<\/p>\n<p>L&rsquo;ex\u00e9cutif a par ailleurs adopt\u00e9 en Conseil des ministres un projet de loi pour prolonger l&rsquo;\u00e9tat d&rsquo;urgence sanitaire jusqu&rsquo;au 16 f\u00e9vrier 2021 inclus.<\/p>\n<p>N\u00e9cessitant un vote au Parlement, il sera examin\u00e9 d\u00e8s ce week-end \u00e0 l&rsquo;Assembl\u00e9e nationale.<\/p>\n<p><strong>L&rsquo;ex\u00e9cutif entend aussi pouvoir appliquer des mesures de restrictions de circulation, de rassemblements ou d&rsquo;ouvertures des \u00e9tablissements au moins jusqu&rsquo;au 1er avril 2021<\/strong>, sur tout ou partie du territoire et en fonction de la situation \u00e9pid\u00e9mique, selon le texte. (AFP)<\/p>\n","protected":false},"excerpt":{"rendered":"<p>Trente-huit nouveaux d\u00e9partements se pr\u00e9parent \u00e0 appliquer vendredi le couvre-feu nocturne, au moment o\u00f9 le niveau de contamination atteint des records en France, touch\u00e9e de plein fouet par la deuxi\u00e8me vague de l&rsquo;\u00e9pid\u00e9mie de Covid-19. Entre mercredi et jeudi, 41.622 nouveaux cas de Covid-19 ont \u00e9t\u00e9 d\u00e9pist\u00e9s, soit un bond de 15.000 cas en 24 [&hellip;]<\/p>\n","protected":false},"author":1,"featured_media":6889,"comment_status":"open","ping_status":"closed","sticky":false,"template":"","format":"standard","meta":{"footnotes":""},"categories":[30],"tags":[1439,1208,1415],"class_list":["post-8182","post","type-post","status-publish","format-standard","has-post-thumbnail","hentry","category-actualite","tag-conseil-scientifique","tag-coronavirus-france","tag-couvre-feu"],"aioseo_notices":[],"_links":{"self":[{"href":"https:\/\/www.culturalusa.com\/news\/wp-json\/wp\/v2\/posts\/8182","targetHints":{"allow":["GET"]}}],"collection":[{"href":"https:\/\/www.culturalusa.com\/news\/wp-json\/wp\/v2\/posts"}],"about":[{"href":"https:\/\/www.culturalusa.com\/news\/wp-json\/wp\/v2\/types\/post"}],"author":[{"embeddable":true,"href":"https:\/\/www.culturalusa.com\/news\/wp-json\/wp\/v2\/users\/1"}],"replies":[{"embeddable":true,"href":"https:\/\/www.culturalusa.com\/news\/wp-json\/wp\/v2\/comments?post=8182"}],"version-history":[{"count":0,"href":"https:\/\/www.culturalusa.com\/news\/wp-json\/wp\/v2\/posts\/8182\/revisions"}],"wp:featuredmedia":[{"embeddable":true,"href":"https:\/\/www.culturalusa.com\/news\/wp-json\/wp\/v2\/media\/6889"}],"wp:attachment":[{"href":"https:\/\/www.culturalusa.com\/news\/wp-json\/wp\/v2\/media?parent=8182"}],"wp:term":[{"taxonomy":"category","embeddable":true,"href":"https:\/\/www.culturalusa.com\/news\/wp-json\/wp\/v2\/categories?post=8182"},{"taxonomy":"post_tag","embeddable":true,"href":"https:\/\/www.culturalusa.com\/news\/wp-json\/wp\/v2\/tags?post=8182"}],"curies":[{"name":"wp","href":"https:\/\/api.w.org\/{rel}","templated":true}]}}