{"id":8221,"date":"2020-10-26T01:13:37","date_gmt":"2020-10-26T00:13:37","guid":{"rendered":"https:\/\/www.culturalusa.com\/news\/?p=8221"},"modified":"2020-10-26T01:19:07","modified_gmt":"2020-10-26T00:19:07","slug":"apres-ses-attaques-erdogan-est-critique-en-france-de-gauche-a-droite","status":"publish","type":"post","link":"https:\/\/www.culturalusa.com\/news\/actualite\/apres-ses-attaques-erdogan-est-critique-en-france-de-gauche-a-droite\/","title":{"rendered":"Apr\u00e8s ses attaques, Erdogan est critiqu\u00e9 en France de gauche \u00e0 droite"},"content":{"rendered":"<p>De Marine Le Pen (RN) \u00e0 Adrien Quatennens (LFI), les attaques verbales contre le pr\u00e9sident Emmanuel Macron de son homologue turc Recep Tayyip Erdogan ont \u00e9t\u00e9 vivement critiqu\u00e9es par les politiques fran\u00e7ais dimanche.<\/p>\n<p>Le pr\u00e9sident Emmanuel Macron, en butte \u00e0 une nouvelle controverse avec la Turquie et \u00e0 un appel au boycott des produits fran\u00e7ais dans le monde arabe, a diffus\u00e9 dimanche soir plusieurs tweets affirmant ses valeurs, et soulignant notamment son rejet des \u00ab\u00a0discours de haine\u00a0\u00bb.<\/p>\n<blockquote><p>\u00ab\u00a0La libert\u00e9, nous la ch\u00e9rissons ; l&rsquo;\u00e9galit\u00e9, nous la garantissons ; la fraternit\u00e9, nous la vivons avec intensit\u00e9. Rien ne nous fera reculer, jamais\u00a0\u00bb, \u00e9crit le chef de l&rsquo;Etat, qui a \u00e9galement tweet\u00e9 des versions en anglais et en arabe.<\/p><\/blockquote>\n<p>La pr\u00e9sidente du RN a r\u00e9agi en particulier en appelant \u00e0 une r\u00e9ponse fran\u00e7aise et europ\u00e9enne plus forte.<\/p>\n<p>Le rappel \u00e0 Paris de l&rsquo;ambassadeur de France \u00e0 Ankara \u00ab\u00a0est un geste significatif, on ne peut pas dire que c&rsquo;est un geste fort\u00a0\u00bb, a-t-elle estim\u00e9 lors du Grand Jury RTL-Le Figaro-LCI.<\/p>\n<p>A la suite de l&rsquo;Elys\u00e9e samedi soir, le chef de la diplomatie europ\u00e9enne, Josep Borrell, a d\u00e9nonc\u00e9 dimanche les propos \u00ab\u00a0inacceptables\u00a0\u00bb du pr\u00e9sident turc Recep Tayyip Erdogan, qui avait mis en question \u00ab\u00a0la sant\u00e9 mentale\u00a0\u00bb de son homologue fran\u00e7ais Emmanuel Macron en raison de son attitude envers les musulmans. M. Erdogan a, depuis, r\u00e9it\u00e9r\u00e9 ses propos dans un nouveau discours dimanche.<\/p>\n<p>Mme Le Pen a invit\u00e9 \u00e0 se tourner vers l&rsquo;Union europ\u00e9enne pour l&rsquo;interroger sur sa \u00ab\u00a0complaisance totale\u00a0\u00bb envers la Turquie. Ankara, a-t-elle soutenu, fait un \u00ab\u00a0chantage\u00a0\u00bb \u00e0 la r\u00e9tention des migrants pr\u00e9sents sur son sol en \u00e9change de \u00ab\u00a0milliards\u00a0\u00bb vers\u00e9s par Bruxelles. Selon elle, \u00ab\u00a0un signal clair\u00a0\u00bb serait \u00ab\u00a0d&rsquo;abord arr\u00eater de leur verser de l&rsquo;argent\u00a0\u00bb.<\/p>\n<p><strong>\u00ab\u00a0<span style=\"color: #800000;\">M. Erdogan a choisi de ne pas pr\u00e9senter de condol\u00e9ances apr\u00e8s la d\u00e9capitation d&rsquo;un professeur<\/span> et pr\u00e9f\u00e8re insulter gravement le Pr\u00e9sident de la R\u00e9publique alors que la France est en deuil. Le rappel de notre ambassadeur \u00e9tait in\u00e9vitable et doit \u00eatre salu\u00e9\u00a0\u00bb<\/strong>, avait-elle pr\u00e9c\u00e9demment tweet\u00e9.<\/p>\n<p>A gauche, le d\u00e9put\u00e9 LFI Adrien Quatennens a \u00e9galement condamn\u00e9 \u00ab\u00a0fermement\u00a0\u00bb les propos du pr\u00e9sident turc.<\/p>\n<p>\u00ab\u00a0Je ne supporte pas qu&rsquo;une puissance \u00e9trang\u00e8re insulte le pr\u00e9sident de la R\u00e9publique de mon pays, c&rsquo;est inacceptable\u00a0\u00bb, a-t-il d\u00e9clar\u00e9 sur BFMTV. \u00ab\u00a0Mais je mets aussi en garde M. Macron de ne pas surjouer l&rsquo;indignation, parce que M. Macron, en Turquie a parfois \u00e9t\u00e9 aux abonn\u00e9s absents quand il le fallait, quand les opposants turcs \u00e9taient emprisonn\u00e9s et que nous nous opposions a ce qui \u00e9tait en train de se passer\u00a0\u00bb.<\/p>\n<p><strong>Le chef de file des d\u00e9put\u00e9s LR, Damien Abad, a accus\u00e9 Recep Tayyip Erdogan de pratiquer \u00ab\u00a0un amalgame volontaire pour encourager l&rsquo;islamisme\u00a0\u00bb.<\/strong><\/p>\n<p>\u00ab\u00a0C&rsquo;est cela qui n&rsquo;est pas acceptable\u00a0\u00bb, a-t-il expliqu\u00e9 lors de l&rsquo;\u00e9mission Dimanche en politique sur France 3 : \u00ab\u00a0D&rsquo;un c\u00f4t\u00e9 Erdogan le fait au nom de la d\u00e9fense des musulmans, \u00e0 tort, d&rsquo;un autre c\u00f4t\u00e9 vous avez Mme Le Pen du Rassemblement national qui le fait elle aussi et qui confond les musulmans et l&rsquo;int\u00e9grisme, qui sont deux choses bien diff\u00e9rentes\u00a0\u00bb.<\/p>\n<p>Pour M. Abad, \u00ab\u00a0l&rsquo;enjeu de la R\u00e9publique, c&rsquo;est de bien diff\u00e9rencier, et d&rsquo;agir fermement, sans rel\u00e2che, contre l&rsquo;islamisme radical, et dans le m\u00eame temps d&rsquo;int\u00e9grer davantage les musulmans en France\u00a0\u00bb.<\/p>\n<p>Le d\u00e9put\u00e9 LR Eric Ciotti a jug\u00e9 pour sa part que \u00ab\u00a0cette Turquie n&rsquo;a plus rien \u00e0 faire dans l&rsquo;OTAN et ne peut pas int\u00e9grer l&rsquo;Union Europ\u00e9enne ! Il est temps de s&rsquo;affirmer et d&rsquo;\u00eatre clair sur la sc\u00e8ne internationale\u00a0\u00bb.<\/p>\n<p>L&rsquo;eurod\u00e9put\u00e9 LREM St\u00e9phane S\u00e9journ\u00e9 a enfin ironis\u00e9 sur Twitter : \u00ab\u00a0Une semaine apr\u00e8s l&rsquo;assassinat du professeur #SamuelPaty, le dictateur #Erdogan sort de son silence pour pr\u00e9senter ses condol\u00e9ances&#8230; ah, non, pour insulter le Pr\u00e9sident fran\u00e7ais ! M\u00e9galomane, intempestif, narcissique, dangereux et maintenant grossier, de pire en pire&#8230;\u00a0\u00bb.<\/p>\n","protected":false},"excerpt":{"rendered":"<p>De Marine Le Pen (RN) \u00e0 Adrien Quatennens (LFI), les attaques verbales contre le pr\u00e9sident Emmanuel Macron de son homologue turc Recep Tayyip Erdogan ont \u00e9t\u00e9 vivement critiqu\u00e9es par les politiques fran\u00e7ais dimanche. Le pr\u00e9sident Emmanuel Macron, en butte \u00e0 une nouvelle controverse avec la Turquie et \u00e0 un appel au boycott des produits fran\u00e7ais [&hellip;]<\/p>\n","protected":false},"author":1,"featured_media":8222,"comment_status":"open","ping_status":"closed","sticky":false,"template":"","format":"standard","meta":{"footnotes":""},"categories":[30],"tags":[387,626,379],"class_list":["post-8221","post","type-post","status-publish","format-standard","has-post-thumbnail","hentry","category-actualite","tag-erdogan","tag-macron","tag-turquie"],"aioseo_notices":[],"_links":{"self":[{"href":"https:\/\/www.culturalusa.com\/news\/wp-json\/wp\/v2\/posts\/8221","targetHints":{"allow":["GET"]}}],"collection":[{"href":"https:\/\/www.culturalusa.com\/news\/wp-json\/wp\/v2\/posts"}],"about":[{"href":"https:\/\/www.culturalusa.com\/news\/wp-json\/wp\/v2\/types\/post"}],"author":[{"embeddable":true,"href":"https:\/\/www.culturalusa.com\/news\/wp-json\/wp\/v2\/users\/1"}],"replies":[{"embeddable":true,"href":"https:\/\/www.culturalusa.com\/news\/wp-json\/wp\/v2\/comments?post=8221"}],"version-history":[{"count":0,"href":"https:\/\/www.culturalusa.com\/news\/wp-json\/wp\/v2\/posts\/8221\/revisions"}],"wp:featuredmedia":[{"embeddable":true,"href":"https:\/\/www.culturalusa.com\/news\/wp-json\/wp\/v2\/media\/8222"}],"wp:attachment":[{"href":"https:\/\/www.culturalusa.com\/news\/wp-json\/wp\/v2\/media?parent=8221"}],"wp:term":[{"taxonomy":"category","embeddable":true,"href":"https:\/\/www.culturalusa.com\/news\/wp-json\/wp\/v2\/categories?post=8221"},{"taxonomy":"post_tag","embeddable":true,"href":"https:\/\/www.culturalusa.com\/news\/wp-json\/wp\/v2\/tags?post=8221"}],"curies":[{"name":"wp","href":"https:\/\/api.w.org\/{rel}","templated":true}]}}