{"id":8227,"date":"2020-10-27T01:18:10","date_gmt":"2020-10-27T00:18:10","guid":{"rendered":"https:\/\/www.culturalusa.com\/news\/?p=8227"},"modified":"2026-01-29T16:07:36","modified_gmt":"2026-01-29T15:07:36","slug":"gerald-darmanin-le-ccif-une-officine-islamiste-qui-oeuvre-contre-la-republique","status":"publish","type":"post","link":"https:\/\/www.culturalusa.com\/news\/actualite\/gerald-darmanin-le-ccif-une-officine-islamiste-qui-oeuvre-contre-la-republique\/","title":{"rendered":"G\u00e9rald Darmanin: le CCIF \u00ab\u00a0une officine islamiste\u00a0\u00bb qui oeuvre \u00ab\u00a0contre la R\u00e9publique\u00a0\u00bb"},"content":{"rendered":"<h2><strong>\u00a0(CCIF) est \u00ab\u00a0une officine islamique\u00a0\u00bb, \u00ab\u00a0une officine contre la R\u00e9publique\u00a0\u00bb<\/strong>, et assure que le gouvernement dispose d&rsquo;\u00e9l\u00e9ments permettant de \u00ab\u00a0proposer sa dissolution\u00a0\u00bb, dans une entretien \u00e0 Lib\u00e9ration mise en ligne soir.<\/h2>\n<blockquote><p>\u00ab\u00a0C&rsquo;est une officine islamiste qui invite des islamistes radicaux. C&rsquo;est le cas de M. Hani Ramadan (un fr\u00e8re de Tariq Ramadan, ndlr), il y en a d&rsquo;autres\u00a0\u00bb, fait valoir le ministre de l&rsquo;Int\u00e9rieur.<\/p><\/blockquote>\n<p>\u00ab\u00a0Je ne vais pas d\u00e9tailler&#8230; ce que nous allons envoyer au CCIF, mais qui nous donne les moyens, effectivement, de proposer sa dissolution\u00a0\u00bb.<\/p>\n<blockquote><p>\u00ab\u00a0Cette association est une officine contre la R\u00e9publique. Elle consid\u00e8re qu&rsquo;il y a une [islamophobie d&rsquo;Etat], tout en \u00e9tant subventionn\u00e9e par l&rsquo;Etat fran\u00e7ais puisque ses donateurs b\u00e9n\u00e9ficient par ailleurs de re\u00e7us fiscaux\u00a0\u00bb, a-t-il poursuivi, \u00ab\u00a0il est temps d&rsquo;arr\u00eater d&rsquo;\u00eatre na\u00eff avec ces officines sur notre sol\u00a0\u00bb.<\/p><\/blockquote>\n<p>M. Darmanin a propos\u00e9 la semaine derni\u00e8re la dissolution du CCIF apr\u00e8s la d\u00e9capitation d&rsquo;un enseignant d&rsquo;un coll\u00e8ge des Yvelines par un Russe tch\u00e9tch\u00e8ne de 18 ans qui lui reprochait d&rsquo;avoir montr\u00e9 des caricatures de Mahomet \u00e0 ses \u00e9l\u00e8ves.<\/p>\n<p>Dans une vid\u00e9o post\u00e9e sur les r\u00e9seaux sociaux, Brahim Chnina, le p\u00e8re d&rsquo;une \u00e9l\u00e8ve avait appel\u00e9 \u00e0 la mobilisation contre le professeur d&rsquo;histoire, Samuel Paty, et demand\u00e9 d&rsquo;\u00e9crire au CCIF.<\/p>\n<p>Pour G\u00e9rald Darmanin, cette vid\u00e9o \u00e9tait une \u00ab\u00a0fatwa\u00a0\u00bb, une \u00ab\u00a0sorte de chasse \u00e0 l&rsquo;homme qui ne le dit pas\u00a0\u00bb.<\/p>\n<p>Le CCIF, ajoute le ministre, \u00ab\u00a0est une officine islamiste qui ne condamne pas les attentats\u00a0\u00bb. \u00ab\u00a0En ce qui concerne le dernier attentat, alors qu&rsquo;elle est cit\u00e9e dans l&rsquo;affaire, que M. Chnina la cite, donne son num\u00e9ro de t\u00e9l\u00e9phone, elle n&rsquo;appelle qu&rsquo;au deuil\u00a0\u00bb.<\/p>\n<h3>M. Darmanin souligne que le gouvernement cherche \u00ab\u00a0\u00e0 combattre une id\u00e9ologie, pas une religion\u00a0\u00bb. \u00ab\u00a0Les Fran\u00e7ais musulmans\u00a0\u00bb sont \u00ab\u00a0les premiers \u00e0 \u00eatre vis\u00e9s par ces islamistes qui veulent \u00e9tendre leur pouvoir\u00a0\u00bb, assure-t-il.<\/h3>\n<p>\u00ab\u00a0Une tr\u00e8s grande partie des musulmans de France sont les premiers \u00e0 demander des actes forts de la part de l&rsquo;Etat fran\u00e7ais\u00a0\u00bb.<\/p>\n<p>Dans son entretien \u00e0 Lib\u00e9ration, le ministre justifie par ailleurs les \u00ab\u00a0visites domiciliaires\u00a0\u00bb men\u00e9es ces derniers jours aupr\u00e8s d&rsquo;individus li\u00e9s selon les autorit\u00e9s \u00e0 la mouvance islamiste en expliquant que \u00ab\u00a0c&rsquo;est pour faire passer un message \u00e0 la fois \u00e0 nos concitoyens et aux islamistes politiques\u00a0\u00bb.<\/p>\n<p>\u00ab\u00a0243\u00a0\u00bb demandes \u00ab\u00a0ont \u00e9t\u00e9 faites ou sont en cours. Sur les 109 examin\u00e9es \u00e0 ce stade par le juge des libert\u00e9s et de la d\u00e9tention, 93 ont \u00e9t\u00e9 autoris\u00e9es\u00a0\u00bb et \u00ab\u00a0sept ont donn\u00e9 lieu \u00e0 une judiciarisation\u00a0\u00bb, conclut le ministre de l&rsquo;Int\u00e9rieur. (AFP)<\/p>\n","protected":false},"excerpt":{"rendered":"<p>\u00a0(CCIF) est \u00ab\u00a0une officine islamique\u00a0\u00bb, \u00ab\u00a0une officine contre la R\u00e9publique\u00a0\u00bb, et assure que le gouvernement dispose d&rsquo;\u00e9l\u00e9ments permettant de \u00ab\u00a0proposer sa dissolution\u00a0\u00bb, dans une entretien \u00e0 Lib\u00e9ration mise en ligne soir. \u00ab\u00a0C&rsquo;est une officine islamiste qui invite des islamistes radicaux. C&rsquo;est le cas de M. Hani Ramadan (un fr\u00e8re de Tariq Ramadan, ndlr), il y [&hellip;]<\/p>\n","protected":false},"author":1,"featured_media":8228,"comment_status":"open","ping_status":"closed","sticky":false,"template":"","format":"standard","meta":{"footnotes":""},"categories":[30],"tags":[1443,1282,1444],"class_list":["post-8227","post","type-post","status-publish","format-standard","has-post-thumbnail","hentry","category-actualite","tag-ccif","tag-gerald-darmanin","tag-islamistes-radicaux"],"aioseo_notices":[],"_links":{"self":[{"href":"https:\/\/www.culturalusa.com\/news\/wp-json\/wp\/v2\/posts\/8227","targetHints":{"allow":["GET"]}}],"collection":[{"href":"https:\/\/www.culturalusa.com\/news\/wp-json\/wp\/v2\/posts"}],"about":[{"href":"https:\/\/www.culturalusa.com\/news\/wp-json\/wp\/v2\/types\/post"}],"author":[{"embeddable":true,"href":"https:\/\/www.culturalusa.com\/news\/wp-json\/wp\/v2\/users\/1"}],"replies":[{"embeddable":true,"href":"https:\/\/www.culturalusa.com\/news\/wp-json\/wp\/v2\/comments?post=8227"}],"version-history":[{"count":2,"href":"https:\/\/www.culturalusa.com\/news\/wp-json\/wp\/v2\/posts\/8227\/revisions"}],"predecessor-version":[{"id":14012,"href":"https:\/\/www.culturalusa.com\/news\/wp-json\/wp\/v2\/posts\/8227\/revisions\/14012"}],"wp:featuredmedia":[{"embeddable":true,"href":"https:\/\/www.culturalusa.com\/news\/wp-json\/wp\/v2\/media\/8228"}],"wp:attachment":[{"href":"https:\/\/www.culturalusa.com\/news\/wp-json\/wp\/v2\/media?parent=8227"}],"wp:term":[{"taxonomy":"category","embeddable":true,"href":"https:\/\/www.culturalusa.com\/news\/wp-json\/wp\/v2\/categories?post=8227"},{"taxonomy":"post_tag","embeddable":true,"href":"https:\/\/www.culturalusa.com\/news\/wp-json\/wp\/v2\/tags?post=8227"}],"curies":[{"name":"wp","href":"https:\/\/api.w.org\/{rel}","templated":true}]}}