{"id":8233,"date":"2020-10-28T01:07:49","date_gmt":"2020-10-28T00:07:49","guid":{"rendered":"https:\/\/www.culturalusa.com\/news\/?p=8233"},"modified":"2020-11-18T03:25:26","modified_gmt":"2020-11-18T02:25:26","slug":"lassemblee-nationale-vote-le-budget-de-la-secu-greve-dincertitudes-face-au-covid","status":"publish","type":"post","link":"https:\/\/www.culturalusa.com\/news\/economie\/lassemblee-nationale-vote-le-budget-de-la-secu-greve-dincertitudes-face-au-covid\/","title":{"rendered":"L&rsquo;Assembl\u00e9e nationale vote le budget de la S\u00e9cu, grev\u00e9 d&rsquo;incertitudes face au Covid"},"content":{"rendered":"<p>La \u00ab\u00a0deuxi\u00e8me vague\u00a0\u00bb va encore alourdir la facture: l&rsquo;Assembl\u00e9e nationale a vot\u00e9 mardi un projet de budget de la S\u00e9cu o\u00f9 le Covid-19 a creus\u00e9 des d\u00e9ficits abyssaux, qui risquent encore de s&rsquo;aggraver avec le rebond \u00e9pid\u00e9mique.<\/p>\n<p>Ce projet de loi de financement de la s\u00e9curit\u00e9 sociale (PLFSS) 2021 a \u00e9t\u00e9 adopt\u00e9 en premi\u00e8re lecture par 326 voix pour, 204 contre et quatre abstentions. Le texte doit maintenant passer devant le S\u00e9nat.<\/p>\n<p>\u00ab\u00a0Nous sommes sur la face nord de l&rsquo;Everest en plein hiver, la visibilit\u00e9 est vraiment mauvaise\u00a0\u00bb, avait reconnu mardi dernier le ministre de la Sant\u00e9 Olivier V\u00e9ran en ouvrant l&rsquo;examen du texte.<\/p>\n<p>Traduction concr\u00e8te: le projet ent\u00e9rine une demande de rallonge d\u00e8s cette ann\u00e9e de 2,4 milliards pour aider les \u00e9tablissement de sant\u00e9, notamment l&rsquo;ouverture de lits \u00ab\u00a0\u00e0 la demande\u00a0\u00bb dans des h\u00f4pitaux confront\u00e9s \u00e0 une hausse exponentielle des cas de Covid-19.<\/p>\n<p>Cet argent doit aussi servir \u00e0 honorer l&rsquo;engagement du Premier ministre Jean Castex d&rsquo;avancer \u00e0 d\u00e9cembre des hausses de salaire du \u00ab\u00a0S\u00e9gur de la sant\u00e9\u00a0\u00bb et une \u00ab\u00a0survalorisation\u00a0\u00bb des heures suppl\u00e9mentaires pour des personnels \u00e9prouv\u00e9s par la premi\u00e8re vague \u00e9pid\u00e9mique, \u00e0 qui un surcro\u00eet d&rsquo;effort est \u00e0 nouveau demand\u00e9.<\/p>\n<p>D\u00e9j\u00e0 plomb\u00e9 par des rentr\u00e9es d&rsquo;imp\u00f4ts et cotisations moindres ainsi que par des d\u00e9penses exponentielles, le d\u00e9ficit de la S\u00e9cu se d\u00e9grade encore davantage du fait de cette nouvelle enveloppe: 46,6 milliards d&rsquo;euros cette ann\u00e9e et quelque 28 milliards en 2021.<\/p>\n<p>Cette ardoise ne tient pas compte des r\u00e9cents couvre-feux d\u00e9cr\u00e9t\u00e9s, \u00e0 ce stade, dans 54 d\u00e9partements et en Polyn\u00e9sie. Si bien que le projet de budget pourrait d\u00e9j\u00e0 \u00eatre caduc.<\/p>\n<p>Le retour \u00e0 l&rsquo;\u00e9quilibre est compromis pour plusieurs ann\u00e9es. Particuli\u00e8rement mal en point, la branche de l&rsquo;assurance maladie a pr\u00e9vu de provisionner 4,3 milliards pour les masques, les tests et les arr\u00eats de travail, dont 1,5 milliard pour une campagne de vaccination<\/p>\n<p>Les d\u00e9put\u00e9s LR ont d\u00e9nonc\u00e9 des d\u00e9ficits \u00ab\u00a0historiques\u00a0\u00bb dont les chiffres sont \u00ab\u00a0d\u00e9j\u00e0 sous estim\u00e9s\u00a0\u00bb en raison du rebond d&rsquo;\u00e9pid\u00e9mie. Le gouvernement laisse \u00ab\u00a0un syst\u00e8me de sant\u00e9 d\u00e9sarm\u00e9 face \u00e0 la crise\u00a0\u00bb, a d\u00e9plor\u00e9 le d\u00e9put\u00e9 Thibault Bazin.<\/p>\n<p>A gauche, le socialiste Jo\u00ebl Aviragnet a d\u00e9nonc\u00e9 un \u00ab\u00a0budget tr\u00e8s d\u00e9cevant qui n&rsquo;apporte qu&rsquo;une r\u00e9ponse \u00e0 court terme \u00e0 la crise sanitaire\u00a0\u00bb, sans r\u00e9soudre \u00ab\u00a0la crise structurelle de l&rsquo;h\u00f4pital\u00a0\u00bb.<br \/>\nDes d\u00e9put\u00e9s en blouse blanche<\/p>\n<p>Des d\u00e9put\u00e9s communistes, dont leur chef de file Andr\u00e9 Chassaigne, sont apparus en blouse blanche salle des Quatre Colonnes, \u00ab\u00a0pour relayer le cri d&rsquo;alerte, de col\u00e8re et de souffrance qui \u00e9mane des h\u00f4pitaux\u00a0\u00bb et fustiger un \u00ab\u00a0budget pas \u00e0 la hauteur\u00a0\u00bb.<\/p>\n<p>A l&rsquo;inverse, le patron des d\u00e9put\u00e9s LREM Christophe Castaner a salu\u00e9 un texte qui permet de relever un \u00ab\u00a0d\u00e9fi historique\u00a0\u00bb apr\u00e8s une ann\u00e9e 2020 \u00ab\u00a0in\u00e9dite\u00a0\u00bb en raison de la crise sanitaire.<\/p>\n<p>\u00ab\u00a0Les soignants qui r\u00e9clamaient, l\u00e9gitimement, des moyens ont \u00e9t\u00e9 entendus : le texte traduit dans les faits les engagements pris devant eux\u00a0\u00bb, a-t-il notamment soulign\u00e9 dans un communiqu\u00e9, en r\u00e9f\u00e9rence au \u00ab\u00a0S\u00e9gur\u00a0\u00bb.<\/p>\n<p>Au titre des r\u00e9formes, le projet de loi acte un nouveau \u00ab\u00a0forfait\u00a0\u00bb de 18 euros pour les patients allant aux urgences sans \u00eatre ensuite hospitalis\u00e9s, qui a \u00e9t\u00e9 valid\u00e9 malgr\u00e9 de fortes r\u00e9serves de la gauche.<\/p>\n<p>Le financement de la nouvelle branche \u00ab\u00a0autonomie\u00a0\u00bb, qui regroupe une grande partie des cr\u00e9dits destin\u00e9s aux personnes \u00e2g\u00e9es d\u00e9pendantes ou handicap\u00e9es, a aussi provoqu\u00e9 de vifs d\u00e9bats portant sur les incertitudes qui p\u00e8sent sur son financement.<\/p>\n<p>Majorit\u00e9 et gouvernement ont soutenu une \u00ab\u00a0premi\u00e8re \u00e9tape\u00a0\u00bb dans un projet de longue haleine de meilleure prise en charge du grand \u00e2ge, avec 2,5 milliards d&rsquo;euros suppl\u00e9mentaires en 2021 pour la modernisation des Ehpad notamment.<\/p>\n<p>Trop peu pour les oppositions, qui d\u00e9noncent un simple \u00ab\u00a0ripolinage\u00a0\u00bb face au d\u00e9fi du vieillissement: en 2040, pr\u00e8s de 15 % des Fran\u00e7ais (10,6 millions de personnes), auront 75 ans ou plus.<\/p>\n<p>Dans un des rares moments d&rsquo;unanimit\u00e9, les d\u00e9put\u00e9s ont cependant vot\u00e9 une enveloppe de 150 millions d&rsquo;euros en 2021 puis 200 millions \u00e0 partir de 2022, pour augmenter les salaires des aides \u00e0 domicile.<\/p>\n<p>Autre moment consensuel: les d\u00e9put\u00e9s ont donn\u00e9 leur feu vert au doublement du cong\u00e9 paternit\u00e9, de 14 \u00e0 28 jours dont 7 obligatoires, \u00e0 partir du 1er juillet prochain, une \u00ab\u00a0avanc\u00e9e majeure\u00a0\u00bb selon M. Castaner.<\/p>\n<p>Via un amendement parlementaire, le tiers payant obligatoire en cas d&rsquo;IVG a aussi \u00e9t\u00e9 approuv\u00e9. (AFP)<\/p>\n","protected":false},"excerpt":{"rendered":"<p>La \u00ab\u00a0deuxi\u00e8me vague\u00a0\u00bb va encore alourdir la facture: l&rsquo;Assembl\u00e9e nationale a vot\u00e9 mardi un projet de budget de la S\u00e9cu o\u00f9 le Covid-19 a creus\u00e9 des d\u00e9ficits abyssaux, qui risquent encore de s&rsquo;aggraver avec le rebond \u00e9pid\u00e9mique. Ce projet de loi de financement de la s\u00e9curit\u00e9 sociale (PLFSS) 2021 a \u00e9t\u00e9 adopt\u00e9 en premi\u00e8re lecture [&hellip;]<\/p>\n","protected":false},"author":1,"featured_media":8234,"comment_status":"open","ping_status":"closed","sticky":false,"template":"","format":"standard","meta":{"footnotes":""},"categories":[1],"tags":[],"class_list":["post-8233","post","type-post","status-publish","format-standard","has-post-thumbnail","hentry","category-economie"],"aioseo_notices":[],"_links":{"self":[{"href":"https:\/\/www.culturalusa.com\/news\/wp-json\/wp\/v2\/posts\/8233","targetHints":{"allow":["GET"]}}],"collection":[{"href":"https:\/\/www.culturalusa.com\/news\/wp-json\/wp\/v2\/posts"}],"about":[{"href":"https:\/\/www.culturalusa.com\/news\/wp-json\/wp\/v2\/types\/post"}],"author":[{"embeddable":true,"href":"https:\/\/www.culturalusa.com\/news\/wp-json\/wp\/v2\/users\/1"}],"replies":[{"embeddable":true,"href":"https:\/\/www.culturalusa.com\/news\/wp-json\/wp\/v2\/comments?post=8233"}],"version-history":[{"count":0,"href":"https:\/\/www.culturalusa.com\/news\/wp-json\/wp\/v2\/posts\/8233\/revisions"}],"wp:featuredmedia":[{"embeddable":true,"href":"https:\/\/www.culturalusa.com\/news\/wp-json\/wp\/v2\/media\/8234"}],"wp:attachment":[{"href":"https:\/\/www.culturalusa.com\/news\/wp-json\/wp\/v2\/media?parent=8233"}],"wp:term":[{"taxonomy":"category","embeddable":true,"href":"https:\/\/www.culturalusa.com\/news\/wp-json\/wp\/v2\/categories?post=8233"},{"taxonomy":"post_tag","embeddable":true,"href":"https:\/\/www.culturalusa.com\/news\/wp-json\/wp\/v2\/tags?post=8233"}],"curies":[{"name":"wp","href":"https:\/\/api.w.org\/{rel}","templated":true}]}}