{"id":8264,"date":"2020-11-04T10:24:06","date_gmt":"2020-11-04T09:24:06","guid":{"rendered":"https:\/\/www.culturalusa.com\/news\/?p=8264"},"modified":"2020-11-18T03:21:43","modified_gmt":"2020-11-18T02:21:43","slug":"attentat-terroriste-islamiste-en-autriche-lei-revendique","status":"publish","type":"post","link":"https:\/\/www.culturalusa.com\/news\/monde\/attentat-terroriste-islamiste-en-autriche-lei-revendique\/","title":{"rendered":"Attentat terroriste islamiste en Autriche, l&rsquo;EI revendique"},"content":{"rendered":"<p><strong>Vienne meurtrie par une attaque islamiste<\/strong>, les enqu\u00eateurs autrichiens tentaient mardi soir de retracer le macabre parcours de l&rsquo;assaillant de l&rsquo;attentat de Vienne, revendiqu\u00e9 par l&rsquo;EI, la premi\u00e8re attaque islamiste \u00e0 toucher le pays amenant le chancelier Kurz \u00e0 monter au cr\u00e9neau pour exiger une r\u00e9ponse europ\u00e9enne coordonn\u00e9e face \u00e0 la menace.<\/p>\n<p><span style=\"color: #800000;\">Sebastian Kurz<\/span>, chancelier autrichien, a appel\u00e9 l&rsquo;Union europ\u00e9enne (UE), au lendemain de l&rsquo;attentat de Vienne, \u00e0 <strong>\u00abcombattre l&rsquo;islam politique\u00bb<\/strong>, une <strong>\u00abid\u00e9ologie qui met en danger\u00bb<\/strong> le \u00abmod\u00e8le de vie europ\u00e9en\u00bb.<\/p>\n<p>\u00ab\u00a0<strong>L&rsquo;Union Europ\u00e9enne (UE) doit se concentrer davantage, \u00e0 l&rsquo;avenir, sur le probl\u00e8me de l&rsquo;islam politique<\/strong>\u00ab\u00a0, a d\u00e9clar\u00e9 la chanceli\u00e8re dans un entretien avec le quotidien allemand Die Welt.<\/p>\n<p>A l&rsquo;origine de cette attaque qui a fait quatre morts dans le centre de Vienne, un \u00ab\u00a0soldat du califat\u00a0\u00bb, selon le message de revendication envoy\u00e9 24h apr\u00e8s les faits par l&rsquo;agence de propagande de l&rsquo;EI.<\/p>\n<blockquote><p>Lundi 2 novembre, la capitale de l\u2019Autriche, Vienne, a \u00e9t\u00e9 frapp\u00e9e par une fusillade en pleine rue qui a fait au moins quatre morts et 22 bless\u00e9s, sous le choc, les habitants sont partag\u00e9s entre col\u00e8re et fatalisme.<\/p><\/blockquote>\n<p>L&rsquo;assaillant, originaire de Mac\u00e9doine du Nord et tu\u00e9 lundi soir par la police, a \u00e9t\u00e9 identifi\u00e9 comme Kujtim Fejzulai.<\/p>\n<p>Il avait essay\u00e9 de rejoindre la Syrie et avait \u00e9t\u00e9 condamn\u00e9 en 2019 \u00e0 de la prison en Autriche mais avait \u00e9t\u00e9 lib\u00e9r\u00e9 de mani\u00e8re anticip\u00e9e, a expliqu\u00e9 le ministre de l&rsquo;Int\u00e9rieur, Karl Nehammer, devant la presse.<\/p>\n<p>L&rsquo;homme de vingt ans a donc r\u00e9ussi \u00e0 \u00ab\u00a0tromper\u00a0\u00bb le programme de d\u00e9radicalisation et ceux qui \u00e9taient charg\u00e9s de son suivi, a d\u00e9plor\u00e9 le ministre.<\/p>\n<p>Il a visiblement agi seul, contrairement aux premi\u00e8res d\u00e9clarations des autorit\u00e9s qui avaient lanc\u00e9 une chasse \u00e0 l&rsquo;homme pour retrouver des complices. Il n&rsquo;y a pas de preuve \u00e0 ce stade de l&rsquo;existence d&rsquo;un deuxi\u00e8me assaillant, a soulign\u00e9 M. Nehammer.<\/p>\n<p>Le ministre a par ailleurs annonc\u00e9 18 perquisitions et 14 interpellations dans la journ\u00e9e. Deux jeunes de 18 et 24 ans ont \u00e9galement \u00e9t\u00e9 interpell\u00e9s en Suisse, pr\u00e8s de Zurich, a annonc\u00e9 la police locale, qui enqu\u00eate sur un lien \u00e9ventuel avec l&rsquo;auteur.<\/p>\n<p><strong>R\u00e9seaux sociaux<\/strong><\/p>\n<p>Selon la presse locale, les enqu\u00eateurs se concentraient sur l&rsquo;exploitation des tr\u00e8s nombreuses vid\u00e9os tourn\u00e9es par des habitants durant l&rsquo;attaque, pour tenter de retracer le parcours du tueur.<\/p>\n<p>La police de Vienne demandait explicitement que ces vid\u00e9os soient transmises aux autorit\u00e9s plut\u00f4t que d&rsquo;\u00eatre post\u00e9es sur les r\u00e9seaux sociaux.<\/p>\n<p>Face \u00e0 l&rsquo;irruption dans le quotidien des Viennois de la menace jihadiste qui avait jusqu&rsquo;alors \u00e9pargn\u00e9 le pays, le chancelier autrichien Sebastian Kurz est mont\u00e9 d\u00e8s mardi soir \u00e0 l&rsquo;offensive politique et diplomatique.<\/p>\n<p><strong>\u00ab\u00a0L&rsquo;UE doit beaucoup plus se concentrer \u00e0 l&rsquo;avenir sur le probl\u00e8me de l&rsquo;islam politique\u00a0\u00bb, une \u00ab\u00a0id\u00e9ologie\u00a0\u00bb qui repr\u00e9sente un \u00ab\u00a0danger\u00a0\u00bb pour le \u00ab\u00a0mode de vie europ\u00e9en\u00a0\u00bb, a estim\u00e9 le chancelier autrichien dans une interview au quotidien allemand Die Welt.<\/strong><\/p>\n<p>\u00ab\u00a0Je suis d\u00e9j\u00e0 en contact avec (le pr\u00e9sident fran\u00e7ais) Emmanuel Macron et de nombreux autres chefs de gouvernement sur cette question, afin que nous puissions nous coordonner plus \u00e9troitement au sein de l&rsquo;UE\u00a0\u00bb, explique M. Kurz.<\/p>\n<p>Cet attentat, qui intervient dans un climat tendu en Europe et apr\u00e8s une s\u00e9rie noire d&rsquo;attaques en France, a suscit\u00e9 un afflux de r\u00e9actions de solidarit\u00e9, du pr\u00e9sident am\u00e9ricain Donald Trump \u00e0 son homologue russe Vladimir Poutine en passant par l&rsquo;ensemble des dirigeants europ\u00e9ens, d&rsquo;Ursula von der Leyen \u00e0 Emmanuel Macron ou Angela Merkel.<\/p>\n<p><strong>Pas Berlin, pas Paris<\/strong><\/p>\n<p>L&rsquo;attaque s&rsquo;est d\u00e9roul\u00e9e lundi soir en plein coeur de la capitale autrichienne, pr\u00e8s d&rsquo;une importante synagogue et de l&rsquo;Op\u00e9ra.<\/p>\n<p>L&rsquo;assaillant a ouvert le feu alors que de nombreux Viennois profitaient d&rsquo;un dernier moment de libert\u00e9, en terrasse ou au restaurant, avant le confinement. Il \u00e9tait arm\u00e9 d&rsquo;un fusil d&rsquo;assaut, d&rsquo;une machette et d&rsquo;une ceinture d&rsquo;explosifs factice.<\/p>\n<p>Sur les lieux de l&rsquo;attentat, un imposant cordon de s\u00e9curit\u00e9 bouclait toujours mardi le p\u00e9rim\u00e8tre de l&rsquo;attaque.<\/p>\n<p>De premiers hommages, limit\u00e9s par le confinement, commen\u00e7aient \u00e0 s&rsquo;organiser, notamment \u00e0 la cath\u00e9drale de Vienne, o\u00f9 a \u00e9t\u00e9 organis\u00e9e une messe du souvenir.<\/p>\n<p>\u00ab\u00a0Ce n&rsquo;est pas Berlin et ce n&rsquo;est pas Paris, nous sommes peut-\u00eatre une tr\u00e8s grande ville mais il ne s&rsquo;y passe jamais rien de vraiment grave\u00a0\u00bb, explique \u00e0 l&rsquo;AFP Sharut G\u00fcnduz, r\u00e9ceptionniste dans un h\u00f4tel situ\u00e9 aux abords du p\u00e9rim\u00e8tre de s\u00e9curit\u00e9.<\/p>\n<blockquote><p>L&rsquo;Autriche, sous le choc, a d\u00e9cr\u00e9t\u00e9 trois jours de deuil national. A travers le pays, les drapeaux ont \u00e9t\u00e9 mis en berne sur les b\u00e2timents publics et une minute de silence observ\u00e9e \u00e0 midi, tandis que les cloches des \u00e9glises ont sonn\u00e9.<\/p><\/blockquote>\n<p>Parmi les quatre victimes, figurent un homme et une femme \u00e2g\u00e9s, un jeune passant et une serveuse, a pr\u00e9cis\u00e9 le chancelier Kurz. L&rsquo;une de ces victimes est allemande, a annonc\u00e9 Berlin.<\/p>\n<p>Vingt-trois personnes restaient hospitalis\u00e9es mardi, dont sept dans un \u00e9tat critique, selon l&rsquo;association hospitali\u00e8re de Vienne.<\/p>\n<p>Des policiers et des soldats ont \u00e9t\u00e9 mobilis\u00e9s pour prot\u00e9ger les b\u00e2timents importants de la capitale, et les enfants ont \u00e9t\u00e9 dispens\u00e9s d&rsquo;\u00e9cole mardi. (AFP)<\/p>\n<div><\/div>\n","protected":false},"excerpt":{"rendered":"<p>Vienne meurtrie par une attaque islamiste, les enqu\u00eateurs autrichiens tentaient mardi soir de retracer le macabre parcours de l&rsquo;assaillant de l&rsquo;attentat de Vienne, revendiqu\u00e9 par l&rsquo;EI, la premi\u00e8re attaque islamiste \u00e0 toucher le pays amenant le chancelier Kurz \u00e0 monter au cr\u00e9neau pour exiger une r\u00e9ponse europ\u00e9enne coordonn\u00e9e face \u00e0 la menace. Sebastian Kurz, chancelier [&hellip;]<\/p>\n","protected":false},"author":1,"featured_media":8265,"comment_status":"open","ping_status":"closed","sticky":false,"template":"","format":"standard","meta":{"footnotes":""},"categories":[1372],"tags":[1451,450,1080,1450],"class_list":["post-8264","post","type-post","status-publish","format-standard","has-post-thumbnail","hentry","category-monde","tag-attaque-islamiste","tag-autriche","tag-islam","tag-vienne"],"aioseo_notices":[],"_links":{"self":[{"href":"https:\/\/www.culturalusa.com\/news\/wp-json\/wp\/v2\/posts\/8264","targetHints":{"allow":["GET"]}}],"collection":[{"href":"https:\/\/www.culturalusa.com\/news\/wp-json\/wp\/v2\/posts"}],"about":[{"href":"https:\/\/www.culturalusa.com\/news\/wp-json\/wp\/v2\/types\/post"}],"author":[{"embeddable":true,"href":"https:\/\/www.culturalusa.com\/news\/wp-json\/wp\/v2\/users\/1"}],"replies":[{"embeddable":true,"href":"https:\/\/www.culturalusa.com\/news\/wp-json\/wp\/v2\/comments?post=8264"}],"version-history":[{"count":0,"href":"https:\/\/www.culturalusa.com\/news\/wp-json\/wp\/v2\/posts\/8264\/revisions"}],"wp:featuredmedia":[{"embeddable":true,"href":"https:\/\/www.culturalusa.com\/news\/wp-json\/wp\/v2\/media\/8265"}],"wp:attachment":[{"href":"https:\/\/www.culturalusa.com\/news\/wp-json\/wp\/v2\/media?parent=8264"}],"wp:term":[{"taxonomy":"category","embeddable":true,"href":"https:\/\/www.culturalusa.com\/news\/wp-json\/wp\/v2\/categories?post=8264"},{"taxonomy":"post_tag","embeddable":true,"href":"https:\/\/www.culturalusa.com\/news\/wp-json\/wp\/v2\/tags?post=8264"}],"curies":[{"name":"wp","href":"https:\/\/api.w.org\/{rel}","templated":true}]}}