{"id":8274,"date":"2020-11-04T14:06:25","date_gmt":"2020-11-04T13:06:25","guid":{"rendered":"https:\/\/www.culturalusa.com\/news\/?p=8274"},"modified":"2020-11-18T03:20:46","modified_gmt":"2020-11-18T02:20:46","slug":"le-gouvernement-est-contraint-de-revoir-de-nouveau-son-budget-2020","status":"publish","type":"post","link":"https:\/\/www.culturalusa.com\/news\/economie\/le-gouvernement-est-contraint-de-revoir-de-nouveau-son-budget-2020\/","title":{"rendered":"Le gouvernement est contraint de revoir de nouveau son budget 2020"},"content":{"rendered":"<p><strong>Reconfinement<\/strong>: le gouvernement a pr\u00e9sent\u00e9 en conseil des ministres un <strong>nouveau projet de budget rectifi\u00e9 pour 2020<\/strong>, le quatri\u00e8me depuis le d\u00e9but de la crise sanitaire, afin de <strong>d\u00e9bloquer 20 milliards d&rsquo;euros suppl\u00e9mentaires pour soutenir l&rsquo;\u00e9conomie<\/strong> mise \u00e0 mal par la deuxi\u00e8me vague de l&rsquo;\u00e9pid\u00e9mie et le reconfinement.<\/p>\n<p>C&rsquo;est un exercice qui sert habituellement \u00e0 ajuster \u00e0 la marge les cr\u00e9dits allou\u00e9s aux minist\u00e8res afin de coller au plus pr\u00e8s des d\u00e9penses et des recettes d\u00e9j\u00e0 constat\u00e9es durant l&rsquo;ann\u00e9e.<\/p>\n<p>Mais face au reconfinement d\u00e9cid\u00e9 pour tenter de circonscrire une deuxi\u00e8me vague \u00e9pid\u00e9mique, ce budget rectifi\u00e9 de fin d&rsquo;ann\u00e9e prend une tout autre mesure.<\/p>\n<p>Le gouvernement va ainsi ent\u00e9riner une nouvelle d\u00e9gradation des pr\u00e9visions \u00e9conomiques et <strong>d\u00e9bloquer 20 milliards d&rsquo;euros de d\u00e9penses suppl\u00e9mentaires pour soutenir l&rsquo;\u00e9conomie<\/strong>.<\/p>\n<p>Le produit int\u00e9rieur brut (PIB) devrait ainsi finalement se contracter de 11% cette ann\u00e9e, contre 10% anticip\u00e9 dans la pr\u00e9c\u00e9dente pr\u00e9vision de septembre.<\/p>\n<p><strong>Une r\u00e9cession d&rsquo;une ampleur in\u00e9dite due aux deux confinements<\/strong>, dont le dernier est d\u00e9cid\u00e9 \u00e0 ce stade pour un mois, et qui va faire replonger l&rsquo;activit\u00e9 apr\u00e8s le rebond du troisi\u00e8me trimestre.<\/p>\n<p>M\u00eame s&rsquo;il est moins strict que le premier, de nombreux commerces, d\u00e9j\u00e0 fragilis\u00e9s par la crise, se retrouvent contraints de fermer, malgr\u00e9 leurs protestations.<\/p>\n<p>Pour \u00e9teindre leur col\u00e8re et limiter les faillites, <strong>le gouvernement met donc 20 milliards d&rsquo;euros suppl\u00e9mentaires sur la table<\/strong>, <span style=\"color: #800000;\">apr\u00e8s pr\u00e8s de 470 milliards d\u00e9bloqu\u00e9s depuis mars<\/span> (dont plus de 300 milliards de garanties publiques). La d\u00e9pense publique atteindra ainsi le niveau record de 64,3% du PIB cette ann\u00e9e.<\/p>\n<blockquote><p>\u00ab\u00a0On fait face autant que n\u00e9cessaire, on fera face durant toute la dur\u00e9e de circulation du virus, parce que rien ne serait pire que de perdre nos entreprises, nos salari\u00e9s et nos qualifications\u00a0\u00bb, a assur\u00e9 le ministre de l&rsquo;Economie Bruno Le Maire mercredi matin sur Radio Classique.<\/p><\/blockquote>\n<p>Principale mesure: le fonds de solidarit\u00e9 d\u00e9di\u00e9 aux petites entreprises est gonfl\u00e9 de 10,9 milliards en plus des 9 milliards d\u00e9j\u00e0 pr\u00e9vus. Son acc\u00e8s a \u00e9t\u00e9 \u00e9largi et les montants allou\u00e9s augment\u00e9s.<\/p>\n<p>Le dispositif d&rsquo;activit\u00e9 partielle est, lui, dot\u00e9 de 3,2 milliards d&rsquo;euros suppl\u00e9mentaires, apr\u00e8s 31 milliards d\u00e9j\u00e0 budg\u00e9t\u00e9s et plus de 22 milliards d\u00e9pens\u00e9s.<\/p>\n<p>Le gouvernement pr\u00e9voit aussi 3 milliards d&rsquo;euros d&rsquo;exon\u00e9rations de cotisations sociales, et 1,9 milliard d&rsquo;euros de nouvelles d\u00e9penses de sant\u00e9 dans le cadre de l&rsquo;Objectif national des d\u00e9penses d&rsquo;assurance maladie (Ondam).<\/p>\n<p>Enfin, accus\u00e9 de ne pas en faire assez pour soutenir les plus modestes, le gouvernement va verser des primes exceptionnelles aux b\u00e9n\u00e9ficiaires du RSA, des ch\u00f4meurs en fin de droits et aux moins de 25 ans, qui co\u00fbteront 1,1 milliard d&rsquo;euros.<\/p>\n<p><strong>Meilleures rentr\u00e9es fiscales<\/strong><\/p>\n<p>Ces d\u00e9penses couvrent plus d&rsquo;un mois de confinement &#8211; dont le co\u00fbt a \u00e9t\u00e9 \u00e9valu\u00e9 \u00e0 15 milliards d&rsquo;euros par Bruno Le Maire &#8211; laissant penser que le gouvernement anticipe une prolongation du confinement.<\/p>\n<p>Il n&rsquo;en est rien, r\u00e9pond-on \u00e0 Bercy, o\u00f9 on justifie cette enveloppe par une \u00ab\u00a0sortie progressive des dispositifs\u00a0\u00bb de soutien apr\u00e8s le d\u00e9confinement et non un arr\u00eat brutal.<\/p>\n<p>Cons\u00e9quence: le d\u00e9ficit public devrait finalement se creuser \u00e0 11,3% du PIB et la dette s&rsquo;envoler \u00e0 119,8% en 2020.<\/p>\n<p>Avec ces hypoth\u00e8ses, Bercy d\u00e9fend un quasi-retour au sc\u00e9nario envisag\u00e9 en juillet, lorsque le gouvernement ne s&rsquo;attendait pourtant pas \u00e0 une deuxi\u00e8me vague de l&rsquo;\u00e9pid\u00e9mie, mettant en avant la vigueur du rebond de l&rsquo;\u00e9conomique au troisi\u00e8me trimestre.<\/p>\n<p>Un rebond qui s&rsquo;est notamment traduit par de meilleures rentr\u00e9es fiscales &#8211; 2,7 milliards de plus que ce qui \u00e9tait anticip\u00e9 dans les derni\u00e8res pr\u00e9visions &#8211; et en particulier de TVA, d&rsquo;imp\u00f4t sur le revenu et d&rsquo;imp\u00f4t sur les soci\u00e9t\u00e9s.<\/p>\n<p>Un signe \u00ab\u00a0de confiance et d&rsquo;espoir dans la capacit\u00e9 de notre \u00e9conomie \u00e0 rebondir une fois que l&rsquo;\u00e9pid\u00e9mie sera derri\u00e8re nous et \u00e0 redresser les finances publiques gr\u00e2ce au retour de la croissance\u00a0\u00bb, veut-on croire \u00e0 Bercy.<\/p>\n<p>Mais si le gouvernement ne pense plus atteindre en 2021 les 8% de croissance pr\u00e9vu jusqu&rsquo;ici, il se refuse \u00e0 ce stade \u00e0 d\u00e9voiler toute nouvelle pr\u00e9vision. (AFP)<\/p>\n<div><\/div>\n","protected":false},"excerpt":{"rendered":"<p>Reconfinement: le gouvernement a pr\u00e9sent\u00e9 en conseil des ministres un nouveau projet de budget rectifi\u00e9 pour 2020, le quatri\u00e8me depuis le d\u00e9but de la crise sanitaire, afin de d\u00e9bloquer 20 milliards d&rsquo;euros suppl\u00e9mentaires pour soutenir l&rsquo;\u00e9conomie mise \u00e0 mal par la deuxi\u00e8me vague de l&rsquo;\u00e9pid\u00e9mie et le reconfinement. C&rsquo;est un exercice qui sert habituellement \u00e0 [&hellip;]<\/p>\n","protected":false},"author":1,"featured_media":8275,"comment_status":"open","ping_status":"closed","sticky":false,"template":"","format":"standard","meta":{"footnotes":""},"categories":[1],"tags":[1189,1454,1311],"class_list":["post-8274","post","type-post","status-publish","format-standard","has-post-thumbnail","hentry","category-economie","tag-economie","tag-budget-2020","tag-reconfinement"],"aioseo_notices":[],"_links":{"self":[{"href":"https:\/\/www.culturalusa.com\/news\/wp-json\/wp\/v2\/posts\/8274","targetHints":{"allow":["GET"]}}],"collection":[{"href":"https:\/\/www.culturalusa.com\/news\/wp-json\/wp\/v2\/posts"}],"about":[{"href":"https:\/\/www.culturalusa.com\/news\/wp-json\/wp\/v2\/types\/post"}],"author":[{"embeddable":true,"href":"https:\/\/www.culturalusa.com\/news\/wp-json\/wp\/v2\/users\/1"}],"replies":[{"embeddable":true,"href":"https:\/\/www.culturalusa.com\/news\/wp-json\/wp\/v2\/comments?post=8274"}],"version-history":[{"count":0,"href":"https:\/\/www.culturalusa.com\/news\/wp-json\/wp\/v2\/posts\/8274\/revisions"}],"wp:featuredmedia":[{"embeddable":true,"href":"https:\/\/www.culturalusa.com\/news\/wp-json\/wp\/v2\/media\/8275"}],"wp:attachment":[{"href":"https:\/\/www.culturalusa.com\/news\/wp-json\/wp\/v2\/media?parent=8274"}],"wp:term":[{"taxonomy":"category","embeddable":true,"href":"https:\/\/www.culturalusa.com\/news\/wp-json\/wp\/v2\/categories?post=8274"},{"taxonomy":"post_tag","embeddable":true,"href":"https:\/\/www.culturalusa.com\/news\/wp-json\/wp\/v2\/tags?post=8274"}],"curies":[{"name":"wp","href":"https:\/\/api.w.org\/{rel}","templated":true}]}}