{"id":8400,"date":"2020-11-11T01:21:31","date_gmt":"2020-11-11T00:21:31","guid":{"rendered":"https:\/\/www.culturalusa.com\/news\/?p=8400"},"modified":"2020-11-11T02:48:33","modified_gmt":"2020-11-11T01:48:33","slug":"il-y-aura-une-transition-en-douceur-vers-une-seconde-administration-trump-affirme-mike-pompeo","status":"publish","type":"post","link":"https:\/\/www.culturalusa.com\/news\/monde\/il-y-aura-une-transition-en-douceur-vers-une-seconde-administration-trump-affirme-mike-pompeo\/","title":{"rendered":"\u00ab\u00a0Il y aura une transition en douceur vers une seconde administration Trump\u00a0\u00bb affirme Mike Pompeo"},"content":{"rendered":"<p>Le secr\u00e9taire d&rsquo;Etat <strong>Mike Pompeo<\/strong> \u00e9voquait, envers et contre tout, la perspective d&rsquo;un \u00ab\u00a0<strong>second mandat<\/strong>\u00a0\u00bb pour <strong>Donald Trump<\/strong>.<\/p>\n<p>Rejetant implicitement l&rsquo;annonce de la victoire par la presse am\u00e9ricaine de <strong>Joe Biden<\/strong> \u00e0 la pr\u00e9sidentielle, le secr\u00e9taire d&rsquo;Etat am\u00e9ricain Mike Pompeo a assur\u00e9, lors d&rsquo;une conf\u00e9rence de presse, que \u00abtoutes les voix\u00bb du scrutin seraient compt\u00e9es.<\/p>\n<p>Le grand \u00e9cart diplomatique de la premi\u00e8re puissance mondiale devrait \u00eatre encore plus manifeste lorsque Mike Pompeo se rendra, vendredi, en tourn\u00e9e dans plusieurs pays qui viennent justement de f\u00e9liciter le d\u00e9mocrate pour son \u00e9lection.<\/p>\n<p>A Washington, le chef de la diplomatie am\u00e9ricaine a \u00e9t\u00e9 interrog\u00e9 sur les mesures prises par le d\u00e9partement d&rsquo;Etat, un minist\u00e8re-cl\u00e9 en mati\u00e8re de s\u00e9curit\u00e9 nationale, pour favoriser la transition avec les \u00e9quipes du pr\u00e9sident \u00e9lu.<\/p>\n<p>\u00ab\u00a0<strong>Il y aura une transition en douceur vers une seconde administration Trump<\/strong>\u00ab\u00a0, a l\u00e2ch\u00e9 d&rsquo;un ton neutre le plus fid\u00e8le des ministres trumpistes, avant d&rsquo;esquisser un sourire. Second degr\u00e9 ou affirmation s\u00e9rieuse ? Le secr\u00e9taire d&rsquo;Etat a en tout cas refus\u00e9 de reconna\u00eetre la d\u00e9faite du pr\u00e9sident r\u00e9publicain sortant.<\/p>\n<blockquote><p>\u00ab\u00a0Nous allons compter toutes les voix\u00a0\u00bb, a-t-il ajout\u00e9, assurant que le reste du monde \u00e9tait conscient qu&rsquo;il s&rsquo;agissait d&rsquo;un \u00ab\u00a0processus l\u00e9gal\u00a0\u00bb qui \u00ab\u00a0prend du temps\u00a0\u00bb.<\/p><\/blockquote>\n<blockquote class=\"twitter-tweet\">\n<p lang=\"en\" dir=\"ltr\">WE WILL WIN!<\/p>\n<p>&mdash; Donald J. Trump (@realDonaldTrump) <a href=\"https:\/\/twitter.com\/realDonaldTrump\/status\/1326158760826560515?ref_src=twsrc%5Etfw\">November 10, 2020<\/a><\/p><\/blockquote>\n<p> <script async src=\"https:\/\/platform.twitter.com\/widgets.js\" charset=\"utf-8\"><\/script> <\/p>\n<p>Visiblement agac\u00e9, il a jug\u00e9 \u00ab\u00a0ridicule\u00a0\u00bb d&rsquo;\u00eatre interrog\u00e9 sur le risque que la position de Donald Trump sape les efforts de la diplomatie am\u00e9ricaine pour garantir des \u00e9lections \u00ab\u00a0libres et justes\u00a0\u00bb dans d&rsquo;autres pays.<\/p>\n<p>\u00ab\u00a0Dans un autre contexte, dans un autre monde, \u00e0 un autre moment\u00a0\u00bb, ces propos \u00ab\u00a0auraient pu \u00eatre dr\u00f4les\u00a0\u00bb, a r\u00e9agi l&rsquo;ex-diplomate Richard Haass. \u00ab\u00a0Mais pas dans ce contexte, dans ce monde, en ce moment. Les enjeux sont trop gros pour notre d\u00e9mocratie et notre rang.\u00a0\u00bb<\/p>\n<p><strong>Le r\u00e9publicain Donald Trump, affirme avoir gagn\u00e9 l&rsquo;\u00e9lection pr\u00e9sidentielle<\/strong> et a promis de batailler en justice pour obtenir un renversement des r\u00e9sultats, sans pour l&rsquo;instant apporter la moindre preuve des \u00ab\u00a0fraudes\u00a0\u00bb qu&rsquo;il d\u00e9nonce.<\/p>\n<p>Avec ses propos, Mike Pompeo semble se positionner parmi les jusqu&rsquo;au-boutistes du camp trumpiste.<\/p>\n<p>Or vendredi, il doit s&rsquo;envoler pour la France, puis la Turquie, Isra\u00ebl ou encore l&rsquo;Arabie saoudite, autant de proches alli\u00e9s des Etats-Unis dont les dirigeants ont f\u00e9licit\u00e9 Joe Biden.<\/p>\n<p>Ce qui devrait \u00eatre la tourn\u00e9e d&rsquo;adieu d&rsquo;un secr\u00e9taire d&rsquo;Etat \u00ab\u00a0canard boiteux\u00a0\u00bb, comme on d\u00e9signe un responsable dont on sait d\u00e9j\u00e0 qu&rsquo;il sera bient\u00f4t balay\u00e9 par l&rsquo;alternance, risque de se transformer en voyage lunaire aux c\u00f4t\u00e9s d&rsquo;homologues qui ont d\u00e9j\u00e0 tourn\u00e9 la page des tumultueuses ann\u00e9es Trump.<\/p>\n<p>L&rsquo;Am\u00e9rique est \u00ab\u00a0de retour\u00a0\u00bb<\/p>\n<p>Wilmington, Delaware. Autre ville, autre conf\u00e9rence de presse. Et une autre diplomatie am\u00e9ricaine en gestation.<\/p>\n<p>Joe Biden, qui se pr\u00e9pare \u00e0 prendre ses fonctions le 20 janvier en faisant mine de ne pas se soucier des r\u00e9sistances de Donald Trump, a annonc\u00e9 s&rsquo;\u00eatre entretenu avec plusieurs futurs homologues.<\/p>\n<p>\u00ab\u00a0Je leur ai dit que l&rsquo;Am\u00e9rique \u00e9tait de retour\u00a0\u00bb, \u00ab\u00a0ce n&rsquo;est plus l&rsquo;Am\u00e9rique seule\u00a0\u00bb, a-t-il lanc\u00e9, brocardant l&rsquo;unilat\u00e9ralisme de son rival, chantre de \u00ab\u00a0l&rsquo;Am\u00e9rique d&rsquo;abord\u00a0\u00bb.<\/p>\n<p>Leur r\u00e9ponse a \u00e9t\u00e9 \u00ab\u00a0enthousiaste\u00a0\u00bb, \u00ab\u00a0j&rsquo;ai confiance, nous allons r\u00e9ussir \u00e0 restaurer le respect dont l&rsquo;Am\u00e9rique jouissait auparavant\u00a0\u00bb, a-t-il ajout\u00e9.<\/p>\n<p>A 77 ans, l&rsquo;ancien vice-pr\u00e9sident de Barack Obama promet de restaurer le leadership am\u00e9ricain.<\/p>\n<p>C\u00f4t\u00e9 europ\u00e9en, la rupture est particuli\u00e8rement attendue sur l&rsquo;accord de Paris sur le climat, dont le pr\u00e9sident r\u00e9publicain est sorti et auquel Joe Biden veut r\u00e9-adh\u00e9rer au premier jour de son mandat, mais aussi sur la lutte contre la pand\u00e9mie.<\/p>\n<p>Le d\u00e9mocrate propose aussi d&rsquo;organiser, pendant sa premi\u00e8re ann\u00e9e \u00e0 la Maison Blanche, un \u00ab\u00a0sommet des d\u00e9mocraties\u00a0\u00bb pour r\u00e9affirmer l&rsquo;attachement des Etats-Unis au multilat\u00e9ralisme et \u00e0 leurs alli\u00e9s, pris d&rsquo;assaut pendant quatre ans.<\/p>\n<p>Et ses premiers entretiens t\u00e9l\u00e9phoniques, depuis lundi, ont abond\u00e9 en ce sens.<\/p>\n<p>A Emmanuel Macron, Joe Biden a promis de \u00ab\u00a0redynamiser\u00a0\u00bb les relations avec l&rsquo;Otan et l&rsquo;Union europ\u00e9enne, malmen\u00e9es par Donald Trump. Le pr\u00e9sident fran\u00e7ais l&rsquo;a \u00ab\u00a0assur\u00e9 de sa volont\u00e9 de travailler ensemble\u00a0\u00bb sur le climat, la sant\u00e9 et la lutte antiterroriste.<\/p>\n<p>Le Premier ministre britannique Boris Johnson, pourtant plus proche du r\u00e9publicain, s&rsquo;est dit \u00ab\u00a0impatient\u00a0\u00bb de travailler avec le d\u00e9mocrate sur ces m\u00eames sujets, tandis que la chanceli\u00e8re allemande Angela Merkel, particuli\u00e8rement bouscul\u00e9e par le pr\u00e9sident sortant, a \u00e9mis \u00ab\u00a0le voeu d&rsquo;une collaboration \u00e9troite et bas\u00e9e sur la confiance\u00a0\u00bb.<\/p>\n<p>Ces leaders europ\u00e9ens avaient f\u00e9licit\u00e9 Joe Biden d\u00e8s samedi lorsqu&rsquo;il avait \u00e9t\u00e9 d\u00e9clar\u00e9 vainqueur.<\/p>\n<p>Mais m\u00eame les dirigeants qui s&rsquo;\u00e9taient montr\u00e9s plus prudents commencent \u00e0 se joindre au choeur international. Le Turc Recep Tayyip Erdogan a ainsi adress\u00e9 mardi au pr\u00e9sident \u00e9lu un message pour l&rsquo;appeler \u00e0 un \u00ab\u00a0renforcement\u00a0\u00bb des relations bilat\u00e9rales &#8212; tout en remerciant Donald Trump de sa \u00ab\u00a0chaleureuse amiti\u00e9\u00a0\u00bb.<\/p>\n","protected":false},"excerpt":{"rendered":"<p>Le secr\u00e9taire d&rsquo;Etat Mike Pompeo \u00e9voquait, envers et contre tout, la perspective d&rsquo;un \u00ab\u00a0second mandat\u00a0\u00bb pour Donald Trump. Rejetant implicitement l&rsquo;annonce de la victoire par la presse am\u00e9ricaine de Joe Biden \u00e0 la pr\u00e9sidentielle, le secr\u00e9taire d&rsquo;Etat am\u00e9ricain Mike Pompeo a assur\u00e9, lors d&rsquo;une conf\u00e9rence de presse, que \u00abtoutes les voix\u00bb du scrutin seraient compt\u00e9es. [&hellip;]<\/p>\n","protected":false},"author":1,"featured_media":8401,"comment_status":"open","ping_status":"closed","sticky":false,"template":"","format":"standard","meta":{"footnotes":""},"categories":[1372],"tags":[574,513,1357,1297],"class_list":["post-8400","post","type-post","status-publish","format-standard","has-post-thumbnail","hentry","category-monde","tag-donald-trump","tag-etats-unis","tag-joe-biden","tag-mike-pompeo"],"aioseo_notices":[],"_links":{"self":[{"href":"https:\/\/www.culturalusa.com\/news\/wp-json\/wp\/v2\/posts\/8400","targetHints":{"allow":["GET"]}}],"collection":[{"href":"https:\/\/www.culturalusa.com\/news\/wp-json\/wp\/v2\/posts"}],"about":[{"href":"https:\/\/www.culturalusa.com\/news\/wp-json\/wp\/v2\/types\/post"}],"author":[{"embeddable":true,"href":"https:\/\/www.culturalusa.com\/news\/wp-json\/wp\/v2\/users\/1"}],"replies":[{"embeddable":true,"href":"https:\/\/www.culturalusa.com\/news\/wp-json\/wp\/v2\/comments?post=8400"}],"version-history":[{"count":0,"href":"https:\/\/www.culturalusa.com\/news\/wp-json\/wp\/v2\/posts\/8400\/revisions"}],"wp:featuredmedia":[{"embeddable":true,"href":"https:\/\/www.culturalusa.com\/news\/wp-json\/wp\/v2\/media\/8401"}],"wp:attachment":[{"href":"https:\/\/www.culturalusa.com\/news\/wp-json\/wp\/v2\/media?parent=8400"}],"wp:term":[{"taxonomy":"category","embeddable":true,"href":"https:\/\/www.culturalusa.com\/news\/wp-json\/wp\/v2\/categories?post=8400"},{"taxonomy":"post_tag","embeddable":true,"href":"https:\/\/www.culturalusa.com\/news\/wp-json\/wp\/v2\/tags?post=8400"}],"curies":[{"name":"wp","href":"https:\/\/api.w.org\/{rel}","templated":true}]}}