{"id":8423,"date":"2020-11-13T12:11:52","date_gmt":"2020-11-13T11:11:52","guid":{"rendered":"https:\/\/www.culturalusa.com\/news\/?p=8423"},"modified":"2020-11-18T03:16:31","modified_gmt":"2020-11-18T02:16:31","slug":"48-expulsions-detrangers-radicalises-en-france-depuis-juillet-selon-darmanin","status":"publish","type":"post","link":"https:\/\/www.culturalusa.com\/news\/actualite\/48-expulsions-detrangers-radicalises-en-france-depuis-juillet-selon-darmanin\/","title":{"rendered":"48 expulsions d&rsquo;Etrangers radicalis\u00e9s en France depuis juillet, selon Darmanin"},"content":{"rendered":"<p>Un total de <strong>48 \u00e9trangers en situation irr\u00e9guli\u00e8re<\/strong> et <strong>soup\u00e7onn\u00e9s de radicalisation ont \u00e9t\u00e9 expuls\u00e9s de France<\/strong> depuis le 1er juillet, a indiqu\u00e9 vendredi G\u00e9rald Darmanin sur franceinfo.<\/p>\n<p>Mi-octobre, le ministre de l&rsquo;Int\u00e9rieur avait affirm\u00e9 que la France souhaitait expulser de son territoire 231 \u00e9trangers en situation irr\u00e9guli\u00e8re suivis pour radicalisation.<\/p>\n<p>Outre les 48 expulsions, \u00ab\u00a0la moiti\u00e9 de ces 231 personnes sont d\u00e9sormais hors d&rsquo;\u00e9tat de nuire\u00a0\u00bb, a soulign\u00e9 le ministre. 50 d&rsquo;entre eux sont actuellement en centre de r\u00e9tention administrative dans l&rsquo;attente de leur expulsion et 43 autres sont assign\u00e9es \u00e0 r\u00e9sidence, selon son entourage.<\/p>\n<blockquote><p>\u00ab\u00a0Il y a encore plus d&rsquo;une centaine d&rsquo;\u00e9trangers en situation irr\u00e9guli\u00e8re que nous soup\u00e7onnons de radicalisation\u00a0\u00bb sur le territoire national, a ajout\u00e9 M. Darmanin.<\/p><\/blockquote>\n<p>Le ministre a dit esp\u00e9rer que ses d\u00e9placements successifs au Maroc, en Tunisie, en Alg\u00e9rie ou encore jeudi en Russie, pays les plus repr\u00e9sent\u00e9s parmi les \u00e9trangers radicalis\u00e9s en situation irr\u00e9guli\u00e8re en France, \u00ab\u00a0vont faire acc\u00e9l\u00e9rer ces expulsions\u00a0\u00bb.<\/p>\n<p>Ces d\u00e9placements, lors desquels il a pr\u00e9sent\u00e9 aux autorit\u00e9s une liste de personnes \u00e0 expulser, ont \u00ab\u00a0d\u00e9j\u00e0 donn\u00e9 un certain nombre de r\u00e9sultats\u00a0\u00bb, a-t-il affirm\u00e9.<\/p>\n<p>Au total, \u00ab\u00a0plus de 450\u00a0\u00bb \u00e9trangers en situation irr\u00e9guli\u00e8re, inscrits au fichier des signalements pour la pr\u00e9vention de la radicalisation \u00e0 caract\u00e8re terroriste (FSPRT), ont \u00e9t\u00e9 expuls\u00e9s de France depuis le d\u00e9but du quinquennat, a rappel\u00e9 M. Darmanin. (AFP)<\/p>\n","protected":false},"excerpt":{"rendered":"<p>Un total de 48 \u00e9trangers en situation irr\u00e9guli\u00e8re et soup\u00e7onn\u00e9s de radicalisation ont \u00e9t\u00e9 expuls\u00e9s de France depuis le 1er juillet, a indiqu\u00e9 vendredi G\u00e9rald Darmanin sur franceinfo. Mi-octobre, le ministre de l&rsquo;Int\u00e9rieur avait affirm\u00e9 que la France souhaitait expulser de son territoire 231 \u00e9trangers en situation irr\u00e9guli\u00e8re suivis pour radicalisation. Outre les 48 expulsions, [&hellip;]<\/p>\n","protected":false},"author":1,"featured_media":8424,"comment_status":"open","ping_status":"closed","sticky":false,"template":"","format":"standard","meta":{"footnotes":""},"categories":[30],"tags":[1466,1467,1388,1468],"class_list":["post-8423","post","type-post","status-publish","format-standard","has-post-thumbnail","hentry","category-actualite","tag-darmanin","tag-etrangers-radicalises","tag-islam-radical","tag-radicalisation"],"aioseo_notices":[],"_links":{"self":[{"href":"https:\/\/www.culturalusa.com\/news\/wp-json\/wp\/v2\/posts\/8423","targetHints":{"allow":["GET"]}}],"collection":[{"href":"https:\/\/www.culturalusa.com\/news\/wp-json\/wp\/v2\/posts"}],"about":[{"href":"https:\/\/www.culturalusa.com\/news\/wp-json\/wp\/v2\/types\/post"}],"author":[{"embeddable":true,"href":"https:\/\/www.culturalusa.com\/news\/wp-json\/wp\/v2\/users\/1"}],"replies":[{"embeddable":true,"href":"https:\/\/www.culturalusa.com\/news\/wp-json\/wp\/v2\/comments?post=8423"}],"version-history":[{"count":0,"href":"https:\/\/www.culturalusa.com\/news\/wp-json\/wp\/v2\/posts\/8423\/revisions"}],"wp:featuredmedia":[{"embeddable":true,"href":"https:\/\/www.culturalusa.com\/news\/wp-json\/wp\/v2\/media\/8424"}],"wp:attachment":[{"href":"https:\/\/www.culturalusa.com\/news\/wp-json\/wp\/v2\/media?parent=8423"}],"wp:term":[{"taxonomy":"category","embeddable":true,"href":"https:\/\/www.culturalusa.com\/news\/wp-json\/wp\/v2\/categories?post=8423"},{"taxonomy":"post_tag","embeddable":true,"href":"https:\/\/www.culturalusa.com\/news\/wp-json\/wp\/v2\/tags?post=8423"}],"curies":[{"name":"wp","href":"https:\/\/api.w.org\/{rel}","templated":true}]}}