{"id":8442,"date":"2020-11-16T18:08:43","date_gmt":"2020-11-16T17:08:43","guid":{"rendered":"https:\/\/www.culturalusa.com\/news\/?p=8442"},"modified":"2020-11-18T03:14:14","modified_gmt":"2020-11-18T02:14:14","slug":"hongrie-et-pologne-bloquent-ladoption-au-niveau-des-27-du-budget-europeen-2021-2027","status":"publish","type":"post","link":"https:\/\/www.culturalusa.com\/news\/economie\/hongrie-et-pologne-bloquent-ladoption-au-niveau-des-27-du-budget-europeen-2021-2027\/","title":{"rendered":"Hongrie et Pologne bloquent l&rsquo;adoption au niveau des 27, du Budget europ\u00e9en 2021-2027"},"content":{"rendered":"<p>C&rsquo;\u00e9tait \u00e0 pr\u00e9voir&#8230; <strong>Aucun accord n&rsquo;a pu \u00eatre obtenu au niveau des 27<\/strong> pour l&rsquo;adoption des textes sur le prochain <strong>budget \u00e0 long terme de l&rsquo;UE<\/strong> et le vaste instrument de relance europ\u00e9en pens\u00e9 pour relever l&rsquo;\u00e9conomie apr\u00e8s la pand\u00e9mie de Covid-19.<\/p>\n<p><strong>La Hongrie et la Pologne ont en effet exprim\u00e9 des \u00ab\u00a0r\u00e9serves\u00a0\u00bb<\/strong> sur les deux \u00e9l\u00e9ments, <strong>bloquant l&rsquo;unanimit\u00e9 n\u00e9cessaire pour poursuivre la proc\u00e9dure<\/strong>, a d\u00e9voil\u00e9 dans l&rsquo;apr\u00e8s-midi Sebastian Fischer, porte-parole au niveau de la pr\u00e9sidence allemande du Conseil.<\/p>\n<p>Les ambassadeurs des 27 Etats membres aupr\u00e8s de l&rsquo;UE \u00e9taient rassembl\u00e9s lundi \u00e0 Bruxelles, avec l&rsquo;espoir de donner le feu vert des Etats d&rsquo;une part \u00e0 l&rsquo;accord provisoire sur le cadre financier de l&rsquo;UE pour les ann\u00e9es 2021-2027, et d&rsquo;autre part \u00e0 la d\u00e9cision sur les ressources propres.<\/p>\n<p>Cette derni\u00e8re est le texte qui juridiquement permettra \u00e0 l&rsquo;ex\u00e9cutif europ\u00e9en d&#8217;emprunter 750 milliards d&rsquo;euros sur les march\u00e9s des capitaux pour alimenter son plan de relance post-coronavirus, baptis\u00e9 \u00ab\u00a0Next Generation EU\u00a0\u00bb. Cet instrument s&rsquo;adosse et s&rsquo;additionne au budget des 7 prochaines ann\u00e9es, qui devrait atteindre 1.074,3 milliard d&rsquo;euros.<\/p>\n<p>La Hongrie et la Pologne avaient cependant menac\u00e9 ces derniers jours d&rsquo;opposer leur v\u00e9to \u00e0 l&rsquo;adoption du budget et des bases de l&rsquo;instrument de relance, \u00e0 cause d&rsquo;un m\u00e9canisme liant l&rsquo;octroi des fonds europ\u00e9ens au respect des principes fondamentaux dont l&rsquo;Etat de droit.<\/p>\n<p>D\u00e9but novembre, les n\u00e9gociateurs du Parlement europ\u00e9en et du Conseil (Etats membres) avaient atteint un accord sur un tel m\u00e9canisme de conditionnalit\u00e9, une des revendications phares du Parlement.<\/p>\n<p>Le budget des 7 prochaines ann\u00e9es doit recevoir le feu vert du Parlement europ\u00e9en, mais doit aussi recueillir l&rsquo;unanimit\u00e9 des 27.<\/p>\n<p>Hongrie et Pologne ont mis leurs menaces \u00e0 ex\u00e9cution lundi, bloquant pour le moment la poursuite du processus.<\/p>\n<p><iframe loading=\"lazy\" src=\"https:\/\/www.rtbf.be\/embed\/m?id=2660843&amp;autoplay=0\" width=\"100%\" height=\"375\" frameborder=\"0\" scrolling=\"no\" allowfullscreen=\"allowfullscreen\"><\/iframe><br \/>\n(RTBF)<\/p>\n","protected":false},"excerpt":{"rendered":"<p>C&rsquo;\u00e9tait \u00e0 pr\u00e9voir&#8230; Aucun accord n&rsquo;a pu \u00eatre obtenu au niveau des 27 pour l&rsquo;adoption des textes sur le prochain budget \u00e0 long terme de l&rsquo;UE et le vaste instrument de relance europ\u00e9en pens\u00e9 pour relever l&rsquo;\u00e9conomie apr\u00e8s la pand\u00e9mie de Covid-19. La Hongrie et la Pologne ont en effet exprim\u00e9 des \u00ab\u00a0r\u00e9serves\u00a0\u00bb sur les [&hellip;]<\/p>\n","protected":false},"author":1,"featured_media":8443,"comment_status":"open","ping_status":"closed","sticky":false,"template":"","format":"standard","meta":{"footnotes":""},"categories":[1],"tags":[1476,809,1160,815,173],"class_list":["post-8442","post","type-post","status-publish","format-standard","has-post-thumbnail","hentry","category-economie","tag-budget-europeen","tag-hongrie","tag-pologne","tag-ue","tag-union-europeenne"],"aioseo_notices":[],"_links":{"self":[{"href":"https:\/\/www.culturalusa.com\/news\/wp-json\/wp\/v2\/posts\/8442","targetHints":{"allow":["GET"]}}],"collection":[{"href":"https:\/\/www.culturalusa.com\/news\/wp-json\/wp\/v2\/posts"}],"about":[{"href":"https:\/\/www.culturalusa.com\/news\/wp-json\/wp\/v2\/types\/post"}],"author":[{"embeddable":true,"href":"https:\/\/www.culturalusa.com\/news\/wp-json\/wp\/v2\/users\/1"}],"replies":[{"embeddable":true,"href":"https:\/\/www.culturalusa.com\/news\/wp-json\/wp\/v2\/comments?post=8442"}],"version-history":[{"count":0,"href":"https:\/\/www.culturalusa.com\/news\/wp-json\/wp\/v2\/posts\/8442\/revisions"}],"wp:featuredmedia":[{"embeddable":true,"href":"https:\/\/www.culturalusa.com\/news\/wp-json\/wp\/v2\/media\/8443"}],"wp:attachment":[{"href":"https:\/\/www.culturalusa.com\/news\/wp-json\/wp\/v2\/media?parent=8442"}],"wp:term":[{"taxonomy":"category","embeddable":true,"href":"https:\/\/www.culturalusa.com\/news\/wp-json\/wp\/v2\/categories?post=8442"},{"taxonomy":"post_tag","embeddable":true,"href":"https:\/\/www.culturalusa.com\/news\/wp-json\/wp\/v2\/tags?post=8442"}],"curies":[{"name":"wp","href":"https:\/\/api.w.org\/{rel}","templated":true}]}}