{"id":8471,"date":"2020-11-28T01:41:00","date_gmt":"2020-11-28T00:41:00","guid":{"rendered":"https:\/\/www.culturalusa.com\/news\/?p=8471"},"modified":"2020-11-28T01:43:32","modified_gmt":"2020-11-28T00:43:32","slug":"le-debat-sur-le-plan-de-relance-a-derape-au-senat","status":"publish","type":"post","link":"https:\/\/www.culturalusa.com\/news\/economie\/le-debat-sur-le-plan-de-relance-a-derape-au-senat\/","title":{"rendered":"Le d\u00e9bat sur le \u00ab\u00a0plan de relance\u00a0\u00bb a d\u00e9rap\u00e9 au S\u00e9nat"},"content":{"rendered":"<p><strong>Plan de relance<\/strong>: Le d\u00e9bat a d\u00e9rap\u00e9 \u00e0 la Chambre haute, avec des votes plus ou moins inattendus entrecoup\u00e9s de suspensions de s\u00e9ance.<\/p>\n<p>Compteurs \u00ab\u2009explos\u00e9s \u00bb, \u00ab\u2009ambiance plomb\u00e9e \u00bb, suspensions de s\u00e9ance \u00e0 r\u00e9p\u00e9tition et ministre manifestement agac\u00e9\u2026 Le d\u00e9bat sur le plan de relance a d\u00e9rap\u00e9 au S\u00e9nat, s&rsquo;enlisant dans une grande confusion, tout \u00e0 fait inhabituelle \u00e0 la Chambre haute.<\/p>\n<p>Les s\u00e9nateurs ont vot\u00e9 \u00e0 main lev\u00e9e, dans la nuit de jeudi \u00e0 vendredi, les cr\u00e9dits de la mission \u00ab\u2009Plan de relance \u00bb, mais sans avoir \u00e9t\u00e9 au bout de la discussion. Il leur restera encore \u00e0 examiner, samedi, les articles rattach\u00e9s, avec une quarantaine d&rsquo;amendements.<\/p>\n<p>\u00ab C&rsquo;est parti en vrille \u00bb, a comment\u00e9 un s\u00e9nateur LR d\u00e9pit\u00e9 aupr\u00e8s de l&rsquo;Agence France-Presse, \u00e0 l&rsquo;issue de la s\u00e9ance tandis que le ministre charg\u00e9 des Comptes publics, Olivier Dussopt, \u00e9voquait dans un tweet un texte \u00ab\u2009d\u00e9natur\u00e9\u2009\u00bb. Les d\u00e9put\u00e9s pourront cependant d\u00e9tricoter les modifications adopt\u00e9es par les s\u00e9nateurs.<\/p>\n<p>Le malaise est parti du vote surprise dans l&rsquo;apr\u00e8s-midi d&rsquo;un amendement du socialiste Victorin Lurel octroyant 2,5 milliards d&rsquo;euros pour un nouveau programme \u00ab\u2009Plan pour l&rsquo;\u00e9galit\u00e9 r\u00e9elle en outre-mer \u00bb. La somme serait ponctionn\u00e9e sur des cr\u00e9dits normalement affect\u00e9s \u00e0 la r\u00e9novation \u00e9nerg\u00e9tique et au d\u00e9veloppement du num\u00e9rique.<\/p>\n<p>Cet amendement a \u00ab\u2009fait exploser tous les compteurs\u2009\u00bb, a comment\u00e9 le pr\u00e9sident PS de la commission des Finances, Claude Raynal, pointant du doigt un probl\u00e8me \u00ab d&rsquo;\u00e9quilibre budg\u00e9taire\u2009\u00bb avec d&rsquo;autres amendements insuffisamment gag\u00e9s.<\/p>\n<h3>Conciliabules (<span class=\"wording\">conversation secr\u00e8te)<\/span><\/h3>\n<p>Suspensions de s\u00e9ance, conciliabules : les s\u00e9nateurs ont finalement repris le fil de la discussion, en compl\u00e9tant le disp&rsquo;ositif actuel du fonds de solidarit\u00e9 afin de tenir compte des co\u00fbts fixes des travailleurs ind\u00e9pendants et des tr\u00e8s petites entreprises.<\/p>\n<p>Ils avaient au pr\u00e9alable ajout\u00e9 une prime \u00e0 l&#8217;embauche (4 000 euros maximum), de f\u00e9vrier \u00e0 juillet 2021, pour les petites et moyennes entreprises (PME), qui serait bonifi\u00e9e pour le recrutement de jeunes en sortie de formation initiale ou de travailleurs en situation de handicap.<\/p>\n<p><strong>Pour les m\u00e9nages, les s\u00e9nateurs ont augment\u00e9 de 500 millions d&rsquo;euros le budget de la prime \u00e0 la conversion pour l&rsquo;achat de v\u00e9hicules plus propres.<\/strong><\/p>\n<p>En d\u00e9but de soir\u00e9e, les d\u00e9bats ont \u00e0 nouveau d\u00e9rap\u00e9, avec des votes plus ou moins inattendus entrecoup\u00e9s de suspensions de s\u00e9ance. La s\u00e9natrice centriste de Polyn\u00e9sie Lana Tetuanui a fait voter un amendement pour abonder \u00e0 hauteur de 250 millions d&rsquo;euros un nouveau programme \u00ab\u2009plan de relance pour la Polyn\u00e9sie fran\u00e7aise \u00bb, pris sur le programme \u00c9cologie.<\/p>\n<p>Quatre cents millions d&rsquo;euros ont \u00e9t\u00e9 ponctionn\u00e9s sur ce m\u00eame programme pour alimenter la prise en charge par l&rsquo;\u00c9tat de \u00ab\u2009ch\u00e8ques-restaurant \u00bb \u00e0 destination des m\u00e9nages les plus modestes.<\/p>\n<h3>Ambiance plomb\u00e9e<\/h3>\n<p>Dans le groupe \u00e9cologiste, Sophie Taill\u00e9-Polian a fini par s&rsquo;alarmer de voir le programme \u00c9cologie \u00ab \u2009tellement amput\u00e9 \u00bb.<\/p>\n<p>Le porte-parole du groupe RDPI \u00e0 majorit\u00e9 LREM, Julien Bargeton, a, lui, demand\u00e9 de faire les comptes pour tenter d&rsquo;y voir clair, alors que le rapporteur Jean-Fran\u00e7ois Husson (LR) d\u00e9plorait \u00ab \u2009une ambiance plomb\u00e9e \u00bb. Pour le socialiste R\u00e9mi F\u00e9raud, la confusion des d\u00e9bats \u00ab \u2009d\u00e9montre que le plan de relance du gouvernement est insuffisant, lacunaire \u00bb.<\/p>\n<p><strong>Le plan de relance est cens\u00e9 permettre \u00e0 l&rsquo;\u00e9conomie fran\u00e7aise, brutalement mise \u00e0 l&rsquo;arr\u00eat par la crise du Covid-19, de rebondir<\/strong>. Sur les 100 milliards d&rsquo;euros du plan de relance pr\u00e9vu pour deux ans, l&rsquo;\u00c9tat doit en porter 86 milliards, dont 66 milliards de cr\u00e9dits budg\u00e9taires et 20 milliards de mesures fiscales par la baisse des imp\u00f4ts de production, vot\u00e9e en premi\u00e8re partie du projet de loi de finances 2021.<\/p>\n<p><strong>Sur ces 66 milliards d&rsquo;euros, la mission \u00ab \u2009Plan de relance\u2009 \u00bb financera 36,4 milliards, dont 22 milliards d\u00e9caiss\u00e9s d\u00e8s 2021<\/strong>. (AFP)<\/p>\n","protected":false},"excerpt":{"rendered":"<p>Plan de relance: Le d\u00e9bat a d\u00e9rap\u00e9 \u00e0 la Chambre haute, avec des votes plus ou moins inattendus entrecoup\u00e9s de suspensions de s\u00e9ance. Compteurs \u00ab\u2009explos\u00e9s \u00bb, \u00ab\u2009ambiance plomb\u00e9e \u00bb, suspensions de s\u00e9ance \u00e0 r\u00e9p\u00e9tition et ministre manifestement agac\u00e9\u2026 Le d\u00e9bat sur le plan de relance a d\u00e9rap\u00e9 au S\u00e9nat, s&rsquo;enlisant dans une grande confusion, tout [&hellip;]<\/p>\n","protected":false},"author":1,"featured_media":8472,"comment_status":"open","ping_status":"closed","sticky":false,"template":"","format":"standard","meta":{"footnotes":""},"categories":[1],"tags":[1189,1247,1485,1486],"class_list":["post-8471","post","type-post","status-publish","format-standard","has-post-thumbnail","hentry","category-economie","tag-economie","tag-economie-france","tag-plan-de-relance","tag-senat"],"aioseo_notices":[],"_links":{"self":[{"href":"https:\/\/www.culturalusa.com\/news\/wp-json\/wp\/v2\/posts\/8471","targetHints":{"allow":["GET"]}}],"collection":[{"href":"https:\/\/www.culturalusa.com\/news\/wp-json\/wp\/v2\/posts"}],"about":[{"href":"https:\/\/www.culturalusa.com\/news\/wp-json\/wp\/v2\/types\/post"}],"author":[{"embeddable":true,"href":"https:\/\/www.culturalusa.com\/news\/wp-json\/wp\/v2\/users\/1"}],"replies":[{"embeddable":true,"href":"https:\/\/www.culturalusa.com\/news\/wp-json\/wp\/v2\/comments?post=8471"}],"version-history":[{"count":0,"href":"https:\/\/www.culturalusa.com\/news\/wp-json\/wp\/v2\/posts\/8471\/revisions"}],"wp:featuredmedia":[{"embeddable":true,"href":"https:\/\/www.culturalusa.com\/news\/wp-json\/wp\/v2\/media\/8472"}],"wp:attachment":[{"href":"https:\/\/www.culturalusa.com\/news\/wp-json\/wp\/v2\/media?parent=8471"}],"wp:term":[{"taxonomy":"category","embeddable":true,"href":"https:\/\/www.culturalusa.com\/news\/wp-json\/wp\/v2\/categories?post=8471"},{"taxonomy":"post_tag","embeddable":true,"href":"https:\/\/www.culturalusa.com\/news\/wp-json\/wp\/v2\/tags?post=8471"}],"curies":[{"name":"wp","href":"https:\/\/api.w.org\/{rel}","templated":true}]}}