{"id":8477,"date":"2020-12-01T01:33:27","date_gmt":"2020-12-01T00:33:27","guid":{"rendered":"https:\/\/www.culturalusa.com\/news\/?p=8477"},"modified":"2020-12-01T01:36:16","modified_gmt":"2020-12-01T00:36:16","slug":"marine-le-pen-denonce-la-complaisance-du-gouvernement-avec-les-black-blocs","status":"publish","type":"post","link":"https:\/\/www.culturalusa.com\/news\/actualite\/marine-le-pen-denonce-la-complaisance-du-gouvernement-avec-les-black-blocs\/","title":{"rendered":"Marine Le Pen d\u00e9nonce \u00ab\u00a0la complaisance\u00a0\u00bb du gouvernement avec les \u00ab\u00a0Black Blocs\u00a0\u00bb"},"content":{"rendered":"<p>La pr\u00e9sidente du Rassemblement national <strong>Marine Le Pen<\/strong> a d\u00e9nonc\u00e9 le \u00ab\u00a0<strong>d\u00e9sordre r\u00e9current qui s&rsquo;installe en France\u00a0\u00bb<\/strong> avec un gouvernement qui a \u00ab\u00a0perdu le contr\u00f4le\u00a0\u00bb mais fait, selon elle, preuve de \u00ab\u00a0<strong>complaisance\u00a0\u00bb avec les Black Blocs<\/strong>.<\/p>\n<p>\u00ab\u00a0On a le sentiment qu&rsquo;il y a un d\u00e9sordre r\u00e9current qui s&rsquo;installe dans notre pays\u00a0\u00bb car \u00ab\u00a0on est confront\u00e9 \u00e0 des violences qui sont syst\u00e9matiques, des violences de rue\u00a0\u00bb, a d\u00e9plor\u00e9 sur France 2 la d\u00e9put\u00e9e du Pas-de-Calais.<\/p>\n<p>Selon le dernier bilan du minist\u00e8re de l&rsquo;Int\u00e9rieur, 98 policiers et gendarmes ont \u00e9t\u00e9 bless\u00e9s et 81 personnes ont \u00e9t\u00e9 interpell\u00e9es samedi lors des manifestations contre le texte \u00ab\u00a0S\u00e9curit\u00e9 globale\u00a0\u00bb et les violences polici\u00e8res.<\/p>\n<blockquote><p>\u00ab\u00a0J&rsquo;attends d&rsquo;abord du ministre de l&rsquo;Int\u00e9rieur qu&rsquo;il m&rsquo;explique pourquoi rien n&rsquo;est fait contre les Black Blocs, c&rsquo;est-\u00e0-dire ces milices d&rsquo;extr\u00eame gauche qui, dans les cinquante derni\u00e8res manifestations ont syst\u00e9matiquement pill\u00e9, cass\u00e9, attaqu\u00e9 les forces de l&rsquo;ordre\u00a0\u00bb, a r\u00e9clam\u00e9 Mme Le Pen.<\/p><\/blockquote>\n<p>\u00ab\u00a0Il y a une forme de complaisance, ils sont arm\u00e9s et je ne comprends pas pourquoi est-ce qu&rsquo;on ne leur applique pas la l\u00e9gislation sur les ligues, c&rsquo;est-\u00e0-dire pourquoi ne sont-ils pas dissous ?\u00a0\u00bb, a-t-elle critiqu\u00e9.<\/p>\n<p>\u00ab\u00a0<strong>On a le sentiment, et pas seulement avec ce gouvernement mais peut-\u00eatre d\u00e9j\u00e0 avec le pr\u00e9c\u00e9dent, qu&rsquo;on se sert en r\u00e9alit\u00e9 de cette impunit\u00e9 laiss\u00e9e \u00e0 l&rsquo;extr\u00eame gauche, <span style=\"color: #800000;\">aux casseurs d&rsquo;extr\u00eame gauche<\/span>, pour peut-\u00eatre d\u00e9cr\u00e9dibiliser toute contestation \u00e0 l&rsquo;\u00e9gard du pouvoir en place<\/strong>\u00ab\u00a0, a-t-elle accus\u00e9.<\/p>\n<p>\u00ab\u00a0Je suis inqui\u00e8te parce que j&rsquo;ai le sentiment que l&rsquo;\u00c9tat a perdu le contr\u00f4le. Or un \u00c9tat qui n&rsquo;a plus le contr\u00f4le met en danger ses compatriotes\u00a0\u00bb, a-t-elle ajout\u00e9, en mettant en cause \u00ab\u00a0le chaos perp\u00e9tuel depuis l&rsquo;arriv\u00e9e \u00e0 la t\u00eate de l&rsquo;Etat de d&rsquo;Emmanuel Macron\u00a0\u00bb. (AFP)<\/p>\n","protected":false},"excerpt":{"rendered":"<p>La pr\u00e9sidente du Rassemblement national Marine Le Pen a d\u00e9nonc\u00e9 le \u00ab\u00a0d\u00e9sordre r\u00e9current qui s&rsquo;installe en France\u00a0\u00bb avec un gouvernement qui a \u00ab\u00a0perdu le contr\u00f4le\u00a0\u00bb mais fait, selon elle, preuve de \u00ab\u00a0complaisance\u00a0\u00bb avec les Black Blocs. \u00ab\u00a0On a le sentiment qu&rsquo;il y a un d\u00e9sordre r\u00e9current qui s&rsquo;installe dans notre pays\u00a0\u00bb car \u00ab\u00a0on est confront\u00e9 [&hellip;]<\/p>\n","protected":false},"author":1,"featured_media":8478,"comment_status":"open","ping_status":"closed","sticky":false,"template":"","format":"standard","meta":{"footnotes":""},"categories":[30],"tags":[1013,949,391],"class_list":["post-8477","post","type-post","status-publish","format-standard","has-post-thumbnail","hentry","category-actualite","tag-black-blocs","tag-extreme-gauche","tag-marine-le-pen"],"aioseo_notices":[],"_links":{"self":[{"href":"https:\/\/www.culturalusa.com\/news\/wp-json\/wp\/v2\/posts\/8477","targetHints":{"allow":["GET"]}}],"collection":[{"href":"https:\/\/www.culturalusa.com\/news\/wp-json\/wp\/v2\/posts"}],"about":[{"href":"https:\/\/www.culturalusa.com\/news\/wp-json\/wp\/v2\/types\/post"}],"author":[{"embeddable":true,"href":"https:\/\/www.culturalusa.com\/news\/wp-json\/wp\/v2\/users\/1"}],"replies":[{"embeddable":true,"href":"https:\/\/www.culturalusa.com\/news\/wp-json\/wp\/v2\/comments?post=8477"}],"version-history":[{"count":0,"href":"https:\/\/www.culturalusa.com\/news\/wp-json\/wp\/v2\/posts\/8477\/revisions"}],"wp:featuredmedia":[{"embeddable":true,"href":"https:\/\/www.culturalusa.com\/news\/wp-json\/wp\/v2\/media\/8478"}],"wp:attachment":[{"href":"https:\/\/www.culturalusa.com\/news\/wp-json\/wp\/v2\/media?parent=8477"}],"wp:term":[{"taxonomy":"category","embeddable":true,"href":"https:\/\/www.culturalusa.com\/news\/wp-json\/wp\/v2\/categories?post=8477"},{"taxonomy":"post_tag","embeddable":true,"href":"https:\/\/www.culturalusa.com\/news\/wp-json\/wp\/v2\/tags?post=8477"}],"curies":[{"name":"wp","href":"https:\/\/api.w.org\/{rel}","templated":true}]}}