{"id":8496,"date":"2020-12-03T00:01:36","date_gmt":"2020-12-02T23:01:36","guid":{"rendered":"https:\/\/www.culturalusa.com\/news\/?p=8496"},"modified":"2020-12-03T00:34:25","modified_gmt":"2020-12-02T23:34:25","slug":"france-action-massive-contre-le-separatisme-visant-76-mosquees","status":"publish","type":"post","link":"https:\/\/www.culturalusa.com\/news\/actualite\/france-action-massive-contre-le-separatisme-visant-76-mosquees\/","title":{"rendered":"France: \u00ab\u00a0Action massive\u00a0\u00bb contre le s\u00e9paratisme visant \u00ab\u00a076 mosqu\u00e9es\u00a0\u00bb"},"content":{"rendered":"<p>Le ministre fran\u00e7ais de l&rsquo;Int\u00e9rieur, G\u00e9rald Darmanin, a annonc\u00e9 mercredi soir le lancement, dans les \u00ab\u00a0prochains jours\u00a0\u00bb, d&rsquo;une \u00ab\u00a0action massive et in\u00e9dite contre le s\u00e9paratisme\u00a0\u00bb visant \u00ab\u00a076 mosqu\u00e9es\u00a0\u00bb.<\/p>\n<p>\u00ab\u00a0Conform\u00e9ment \u00e0 mes instructions, les services de l&rsquo;Etat vont lancer une action massive et in\u00e9dite contre le s\u00e9paratisme\u00a0\u00bb, \u00e9crit le ministre de l&rsquo;Int\u00e9rieur sur Twitter.<\/p>\n<blockquote><p>\u00ab\u00a076 mosqu\u00e9es soup\u00e7onn\u00e9es de s\u00e9paratisme vont \u00eatre contr\u00f4l\u00e9es dans les prochains jours et celles qui devront \u00eatre ferm\u00e9es le seront\u00a0\u00bb, ajoute-t-il.<\/p><\/blockquote>\n<p>M. Darmanin a adress\u00e9 \u00e0 l&rsquo;ensemble des pr\u00e9fets une note le 27 novembre leur d\u00e9taillant l&rsquo;action \u00e0 mener, selon des informations du quotidien Le Figaro confirm\u00e9es \u00e0 l&rsquo;AFP par l&rsquo;entourage du ministre.<\/p>\n<p><strong>Dans ce document, le ministre cible 76 lieux de culte, 16 en r\u00e9gion parisienne et 60 dans le reste de la France, \u00e0 contr\u00f4ler.<\/strong><\/p>\n<p>Sur ces 76 lieux de culte, 18 vont \u00eatre vis\u00e9s par des \u00ab\u00a0actions imm\u00e9diates\u00a0\u00bb \u00e0 la demande du ministre de l&rsquo;Int\u00e9rieur, qui peuvent aller jusqu&rsquo;\u00e0 la fermeture.<\/p>\n<p>Selon les informations du Figaro, confirm\u00e9es par le minist\u00e8re \u00e0 l&rsquo;AFP, sur ces 18 \u00ab\u00a0cibles\u00a0\u00bb, trois se trouvent en Seine-Saint-Denis: l&rsquo;une a ignor\u00e9 une d\u00e9cision de fermeture prise par le maire de la commune, une deuxi\u00e8me ferm\u00e9e en 2019 a continu\u00e9 \u00e0 organiser des pri\u00e8res et la troisi\u00e8me a \u00e9t\u00e9 vis\u00e9e par un avis d\u00e9favorable de la commission de s\u00e9curit\u00e9, sans que l&rsquo;\u00c9tat v\u00e9rifie la fermeture effective de la mosqu\u00e9e.<\/p>\n<p>Sur les 15 autres lieux, cinq sont situ\u00e9s en grande couronne parisienne ou \u00e0 proximit\u00e9 imm\u00e9diate de la r\u00e9gion \u00cele-de-France et 10 ailleurs en France.<\/p>\n<p>L&rsquo;annonce de cette op\u00e9ration intervient quelques jours avant que le Conseil des ministres examine mercredi prochain un projet de loi \u00ab\u00a0renfor\u00e7ant les principes r\u00e9publicains\u00a0\u00bb qui vise \u00e0 lutter contre \u00ab\u00a0les s\u00e9paratismes\u00a0\u00bb et l&rsquo;islamisme radical.<\/p>\n<p>Le pr\u00e9sident fran\u00e7ais Emmanuel Macron avait publi\u00e9 d\u00e9but novembre dans le quotidien britannique Financial Times une tribune pour expliquer que <strong>\u00ab\u00a0la France se bat contre le s\u00e9paratisme islamiste, jamais contre l&rsquo;islam\u00a0\u00bb<\/strong>. (AFP)<\/p>\n","protected":false},"excerpt":{"rendered":"<p>Le ministre fran\u00e7ais de l&rsquo;Int\u00e9rieur, G\u00e9rald Darmanin, a annonc\u00e9 mercredi soir le lancement, dans les \u00ab\u00a0prochains jours\u00a0\u00bb, d&rsquo;une \u00ab\u00a0action massive et in\u00e9dite contre le s\u00e9paratisme\u00a0\u00bb visant \u00ab\u00a076 mosqu\u00e9es\u00a0\u00bb. \u00ab\u00a0Conform\u00e9ment \u00e0 mes instructions, les services de l&rsquo;Etat vont lancer une action massive et in\u00e9dite contre le s\u00e9paratisme\u00a0\u00bb, \u00e9crit le ministre de l&rsquo;Int\u00e9rieur sur Twitter. \u00ab\u00a076 mosqu\u00e9es [&hellip;]<\/p>\n","protected":false},"author":1,"featured_media":8497,"comment_status":"open","ping_status":"closed","sticky":false,"template":"","format":"standard","meta":{"footnotes":""},"categories":[30],"tags":[1490],"class_list":["post-8496","post","type-post","status-publish","format-standard","has-post-thumbnail","hentry","category-actualite","tag-contre-le-separatisme"],"aioseo_notices":[],"_links":{"self":[{"href":"https:\/\/www.culturalusa.com\/news\/wp-json\/wp\/v2\/posts\/8496","targetHints":{"allow":["GET"]}}],"collection":[{"href":"https:\/\/www.culturalusa.com\/news\/wp-json\/wp\/v2\/posts"}],"about":[{"href":"https:\/\/www.culturalusa.com\/news\/wp-json\/wp\/v2\/types\/post"}],"author":[{"embeddable":true,"href":"https:\/\/www.culturalusa.com\/news\/wp-json\/wp\/v2\/users\/1"}],"replies":[{"embeddable":true,"href":"https:\/\/www.culturalusa.com\/news\/wp-json\/wp\/v2\/comments?post=8496"}],"version-history":[{"count":0,"href":"https:\/\/www.culturalusa.com\/news\/wp-json\/wp\/v2\/posts\/8496\/revisions"}],"wp:featuredmedia":[{"embeddable":true,"href":"https:\/\/www.culturalusa.com\/news\/wp-json\/wp\/v2\/media\/8497"}],"wp:attachment":[{"href":"https:\/\/www.culturalusa.com\/news\/wp-json\/wp\/v2\/media?parent=8496"}],"wp:term":[{"taxonomy":"category","embeddable":true,"href":"https:\/\/www.culturalusa.com\/news\/wp-json\/wp\/v2\/categories?post=8496"},{"taxonomy":"post_tag","embeddable":true,"href":"https:\/\/www.culturalusa.com\/news\/wp-json\/wp\/v2\/tags?post=8496"}],"curies":[{"name":"wp","href":"https:\/\/api.w.org\/{rel}","templated":true}]}}