{"id":8506,"date":"2020-12-04T00:02:46","date_gmt":"2020-12-03T23:02:46","guid":{"rendered":"https:\/\/www.culturalusa.com\/news\/?p=8506"},"modified":"2020-12-04T00:59:56","modified_gmt":"2020-12-03T23:59:56","slug":"lassociation-l214-porte-plainte-contre-herta-lelevage-de-cochons","status":"publish","type":"post","link":"https:\/\/www.culturalusa.com\/news\/actualite\/lassociation-l214-porte-plainte-contre-herta-lelevage-de-cochons\/","title":{"rendered":"L&rsquo;association L214 porte plainte contre \u00ab\u00a0Herta\u00a0\u00bb concernant l&rsquo;\u00e9levage de cochons"},"content":{"rendered":"<p><strong>L&rsquo;association de d\u00e9fense des animaux<\/strong> (L214) a annonc\u00e9 jeudi qu&rsquo;elle portait plainte contre un \u00e9levage de cochons fournisseur de la marque de charcuterie Herta dans l&rsquo;Allier, o\u00f9 les autorit\u00e9s sanitaires ont d\u00e9clench\u00e9 un contr\u00f4le selon la pr\u00e9fecture.<\/p>\n<p>\u00ab\u00a0L214 d\u00e9pose plainte pour mauvais traitements des animaux et tromperie du consommateur\u00a0\u00bb, indique l&rsquo;association dans un communiqu\u00e9 en d\u00e9non\u00e7ant, vid\u00e9o \u00e0 l&rsquo;appui comme elle le fait r\u00e9guli\u00e8rement, \u00ab\u00a0des conditions d&rsquo;\u00e9levage d\u00e9plorables\u00a0\u00bb et \u00ab\u00a0non conformes aux exigences r\u00e9glementaires\u00a0\u00bb.<\/p>\n<blockquote><p>\u00ab\u00a0Un contr\u00f4le inopin\u00e9 a \u00e9t\u00e9 d\u00e9clench\u00e9 d\u00e8s mercredi dans l&rsquo;exploitation concern\u00e9e\u00a0\u00bb, a indiqu\u00e9 de son c\u00f4t\u00e9 \u00e0 l&rsquo;AFP la pr\u00e9fecture de l&rsquo;Allier.<\/p><\/blockquote>\n<p>Quatre inspecteurs de la Direction d\u00e9partementale de la protection des populations \u00e9taient toujours sur place jeudi \u00e0 Limoise pour v\u00e9rifier la conformit\u00e9 des installations et le respect de la r\u00e9glementation en mati\u00e8re de protection animale, d&rsquo;utilisation de produits pharmaceutiques et de recours au v\u00e9t\u00e9rinaire.<\/p>\n<p>La vid\u00e9o intitul\u00e9e \u00ab\u00a0<strong>Le (d\u00e9)go\u00fbt des choses simples<\/strong>\u00ab\u00a0, d\u00e9tournant un slogan publicitaire de la marque, montre des truies en cage manquant de place pour mettre bas ou allaiter leurs petits. Le taux de mortalit\u00e9 serait particuli\u00e8rement \u00e9lev\u00e9, selon L214, qui \u00e9voque \u00ab\u00a0le ramassage de dizaines de porcelets morts\u00a0\u00bb.<\/p>\n<p><img decoding=\"async\" class=\"aligncenter size-full wp-image-8507\" src=\"https:\/\/www.culturalusa.com\/news\/wp-content\/uploads\/2020\/12\/elevage-de-cochons.jpg\" alt=\"\" width=\"100%\" srcset=\"https:\/\/www.culturalusa.com\/news\/wp-content\/uploads\/2020\/12\/elevage-de-cochons.jpg 750w, https:\/\/www.culturalusa.com\/news\/wp-content\/uploads\/2020\/12\/elevage-de-cochons-275x120.jpg 275w, https:\/\/www.culturalusa.com\/news\/wp-content\/uploads\/2020\/12\/elevage-de-cochons-480x209.jpg 480w\" sizes=\"(max-width: 750px) 100vw, 750px\" \/><\/p>\n<p>Les images, tourn\u00e9es \u00ab\u00a0en juin et septembre\u00a0\u00bb d&rsquo;apr\u00e8s l&rsquo;association, montrent aussi \u00ab\u00a0des cochons entass\u00e9s \u00e0 l&rsquo;engraissement\u00a0\u00bb, entra\u00eenant \u00ab\u00a0promiscuit\u00e9 et cannibalisme\u00a0\u00bb, avec des animaux gisant au sol dans la salet\u00e9 et couverts de griffures.<\/p>\n<p>\u00ab\u00a0Tous les cochons ont la queue coup\u00e9e de fa\u00e7on routini\u00e8re, ce qui est interdit\u00a0\u00bb, affirme L214 qui d\u00e9plore encore une \u00ab\u00a0utilisation massive d&rsquo;antibiotiques et de m\u00e9dicaments\u00a0\u00bb en montrant un flacon p\u00e9rim\u00e9 de longue date sur les \u00e9tag\u00e8res.<\/p>\n<p>Herta appartient \u00e0 40 % au g\u00e9ant suisse de l&rsquo;agroalimentaire Nestl\u00e9 et \u00e0 60 % \u00e0 l&rsquo;un des leaders espagnols du secteur, Casa Tarradellas.<\/p>\n<p>Son directeur g\u00e9n\u00e9ral, Arnaud de Belloy, a mis en garde sur france.info contre une \u00e9ventuelle manipulation des images par les militants de L214, qualifi\u00e9s de \u00ab\u00a0professionnels anti-\u00e9levage\u00a0\u00bb qui \u00ab\u00a0font leur propagande\u00a0\u00bb.<\/p>\n<p>\u00ab\u00a0On verra ce qui est conforme et ce qui est li\u00e9 \u00e0 des montages et, s&rsquo;il y a des d\u00e9viations, on prendra des actions qui s&rsquo;imposent\u00a0\u00bb, a-t-il ajout\u00e9, en assurant qu&rsquo;il prenait l&rsquo;affaire au s\u00e9rieux.<\/p>\n<p>Sollicit\u00e9e par l&rsquo;AFP, la marque n&rsquo;a pas fait d&rsquo;autres commentaires.<\/p>\n<p>L214 d\u00e9plore en outre que cet \u00e9levage intensif \u00ab\u00a0sordide\u00a0\u00bb soit \u00ab\u00a0mis en avant par Herta pour illustrer sa fili\u00e8re +Pr\u00e9f\u00e9rence+\u00a0\u00bb. Pour S\u00e9bastien Arsac, cofondateur de l&rsquo;association, \u00ab\u00a0Herta nous ment\u00a0\u00bb. (AFP)<\/p>\n","protected":false},"excerpt":{"rendered":"<p>L&rsquo;association de d\u00e9fense des animaux (L214) a annonc\u00e9 jeudi qu&rsquo;elle portait plainte contre un \u00e9levage de cochons fournisseur de la marque de charcuterie Herta dans l&rsquo;Allier, o\u00f9 les autorit\u00e9s sanitaires ont d\u00e9clench\u00e9 un contr\u00f4le selon la pr\u00e9fecture. \u00ab\u00a0L214 d\u00e9pose plainte pour mauvais traitements des animaux et tromperie du consommateur\u00a0\u00bb, indique l&rsquo;association dans un communiqu\u00e9 en [&hellip;]<\/p>\n","protected":false},"author":1,"featured_media":8508,"comment_status":"open","ping_status":"closed","sticky":false,"template":"","format":"standard","meta":{"footnotes":""},"categories":[30],"tags":[1463,1497,1495,1496,1498],"class_list":["post-8506","post","type-post","status-publish","format-standard","has-post-thumbnail","hentry","category-actualite","tag-alimentaire","tag-association-de-defense-des-animaux","tag-elevage-de-cochons","tag-herta","tag-l214"],"aioseo_notices":[],"_links":{"self":[{"href":"https:\/\/www.culturalusa.com\/news\/wp-json\/wp\/v2\/posts\/8506","targetHints":{"allow":["GET"]}}],"collection":[{"href":"https:\/\/www.culturalusa.com\/news\/wp-json\/wp\/v2\/posts"}],"about":[{"href":"https:\/\/www.culturalusa.com\/news\/wp-json\/wp\/v2\/types\/post"}],"author":[{"embeddable":true,"href":"https:\/\/www.culturalusa.com\/news\/wp-json\/wp\/v2\/users\/1"}],"replies":[{"embeddable":true,"href":"https:\/\/www.culturalusa.com\/news\/wp-json\/wp\/v2\/comments?post=8506"}],"version-history":[{"count":0,"href":"https:\/\/www.culturalusa.com\/news\/wp-json\/wp\/v2\/posts\/8506\/revisions"}],"wp:featuredmedia":[{"embeddable":true,"href":"https:\/\/www.culturalusa.com\/news\/wp-json\/wp\/v2\/media\/8508"}],"wp:attachment":[{"href":"https:\/\/www.culturalusa.com\/news\/wp-json\/wp\/v2\/media?parent=8506"}],"wp:term":[{"taxonomy":"category","embeddable":true,"href":"https:\/\/www.culturalusa.com\/news\/wp-json\/wp\/v2\/categories?post=8506"},{"taxonomy":"post_tag","embeddable":true,"href":"https:\/\/www.culturalusa.com\/news\/wp-json\/wp\/v2\/tags?post=8506"}],"curies":[{"name":"wp","href":"https:\/\/api.w.org\/{rel}","templated":true}]}}