{"id":8520,"date":"2020-12-09T02:25:53","date_gmt":"2020-12-09T01:25:53","guid":{"rendered":"https:\/\/www.culturalusa.com\/news\/?p=8520"},"modified":"2020-12-09T02:25:53","modified_gmt":"2020-12-09T01:25:53","slug":"etats-unis-proposition-dun-nouveau-plan-de-relance-pour-sauver-leconomie-americaine","status":"publish","type":"post","link":"https:\/\/www.culturalusa.com\/news\/monde\/etats-unis-proposition-dun-nouveau-plan-de-relance-pour-sauver-leconomie-americaine\/","title":{"rendered":"Etats-Unis: proposition d&rsquo;un nouveau plan de relance pour sauver l&rsquo;\u00e9conomie am\u00e9ricaine"},"content":{"rendered":"<p><strong>L&rsquo;administration Trump<\/strong> a fait mardi une nouvelle <strong>proposition pour un plan d&rsquo;aide \u00e0 l&rsquo;\u00e9conomie am\u00e9ricaine<\/strong>, esp\u00e9rant pouvoir d\u00e9bloquer une situation enlis\u00e9e depuis des mois et mettre d&rsquo;accord les parlementaires d\u00e9mocrates et r\u00e9publicains qui n\u00e9gocient de nouveau.<\/p>\n<blockquote><p>\u00ab\u00a0De la part du pr\u00e9sident (Donald Trump), j&rsquo;ai pr\u00e9sent\u00e9 une proposition \u00e0 916 milliards de dollars\u00a0\u00bb, a annonc\u00e9 mardi en fin de journ\u00e9e le secr\u00e9taire au Tr\u00e9sor Steven Mnuchin, dans un communiqu\u00e9 publi\u00e9 sur Twitter.<\/p><\/blockquote>\n<p>La proposition a \u00e9t\u00e9 pr\u00e9sent\u00e9e par le ministre de Donald Trump \u00e0 la pr\u00e9sidente d\u00e9mocrate de la Chambre des repr\u00e9sentants Nancy Pelosi, lors d&rsquo;un entretien mardi en fin de journ\u00e9e.<\/p>\n<p>Le montant est un peu plus \u00e9lev\u00e9 que les 908 milliards de dollars propos\u00e9s r\u00e9cemment par un petit groupe de parlementaires d\u00e9mocrates et r\u00e9publicains, et qui servait de base aux n\u00e9gociations.<\/p>\n<p>Ces discussions pi\u00e9tinent depuis des mois et avaient r\u00e9cemment repris. Le futur pr\u00e9sident Joe Biden avait lui-m\u00eame insist\u00e9 sur la n\u00e9cessit\u00e9 d&rsquo;aider les m\u00e9nages les plus vuln\u00e9rables et les entreprises \u00e0 sortir de cette situation, et d&rsquo;\u00e9viter que la crise \u00e9conomique actuelle ne s&rsquo;auto-alimente.<\/p>\n<p>Il s&rsquo;agit seulement, pour le pr\u00e9sident \u00e9lu, d&rsquo;un \u00ab\u00a0acompte\u00a0\u00bb, avant un vaste plan de relance qui pourrait \u00eatre pr\u00e9sent\u00e9 rapidement apr\u00e8s son entr\u00e9e \u00e0 la Maison Blanche, le 20 janvier.<\/p>\n<h3>Protection des entreprises<\/h3>\n<p>Les discussions men\u00e9es par les \u00e9lus du Congr\u00e8s se heurtent toujours \u00e0 deux principaux points de d\u00e9saccord: la protection des entreprises contre certaines poursuites, notamment en cas de contamination d&#8217;employ\u00e9s au Covid-19, d\u00e9fendue par les r\u00e9publicains, et une aide aux Etats et aux collectivit\u00e9s locales, r\u00e9clam\u00e9e par les d\u00e9mocrates.<\/p>\n<p>La proposition de la Maison Blanche inclut les deux sujets, ce qui pourrait permettre aux deux camps de s&rsquo;entendre enfin. La protection juridique pr\u00e9vue concerne \u00e9galement les \u00e9coles et universit\u00e9s.<\/p>\n<p>Pour financer cette proposition, la Maison Blanche compte notamment utiliser une enveloppe de 140 milliards de dollars, d\u00e9bloqu\u00e9e mais pas utilis\u00e9e pour les pr\u00eats dits PPP aux petites entreprises, et 429 milliards de dollars de \u00ab\u00a0fonds du Tr\u00e9sor\u00a0\u00bb.<\/p>\n<p>Cette offre ne pr\u00e9voit pas de ch\u00e8que aux m\u00e9nages am\u00e9ricains, contrairement au premier plan de relance adopt\u00e9 en mars, au d\u00e9but de la pand\u00e9mie.<\/p>\n<p>Elle tranche toutefois avec les propos, plus t\u00f4t dans l&rsquo;apr\u00e8s-midi, du pr\u00e9sident r\u00e9publicain du S\u00e9nat, Mitch McConnell, qui avait sugg\u00e9r\u00e9 d&rsquo;approuver rapidement les sujets consensuels, et laisser de c\u00f4t\u00e9 les deux \u00e9l\u00e9ments de controverse.<\/p>\n<p>Pas question, lui a r\u00e9pondu le chef de la minorit\u00e9 d\u00e9mocrate au S\u00e9nat, Chuck Schumer.<\/p>\n<p>\u00ab\u00a0Les efforts du leader McConnell pour discr\u00e9diter des n\u00e9gociations bipartismes de bonne foi sont d\u00e9testables\u00a0\u00bb, a r\u00e9agi pour sa part Nancy Pelosi dans un communiqu\u00e9, soulignant que les discussions avaient fait de \u00ab\u00a0bons progr\u00e8s\u00a0\u00bb et appelant \u00e0 les poursuivre \u00ab\u00a0sans l&rsquo;obstruction de McConnell\u00a0\u00bb.<\/p>\n<p>Les chefs du Congr\u00e8s esp\u00e8rent voter des mesures d&rsquo;ici la fin de la semaine prochaine. Le temps presse car des Am\u00e9ricains vont bient\u00f4t se retrouver sans ressource: les aides vot\u00e9es fin mars dans le cadre du gigantesque plan de relance de 2.200 milliards de dollars, le Cares Act, rallong\u00e9 en avril de 500 milliards, arrivent \u00e0 expiration au lendemain de No\u00ebl. (AFP)<\/p>\n","protected":false},"excerpt":{"rendered":"<p>L&rsquo;administration Trump a fait mardi une nouvelle proposition pour un plan d&rsquo;aide \u00e0 l&rsquo;\u00e9conomie am\u00e9ricaine, esp\u00e9rant pouvoir d\u00e9bloquer une situation enlis\u00e9e depuis des mois et mettre d&rsquo;accord les parlementaires d\u00e9mocrates et r\u00e9publicains qui n\u00e9gocient de nouveau. \u00ab\u00a0De la part du pr\u00e9sident (Donald Trump), j&rsquo;ai pr\u00e9sent\u00e9 une proposition \u00e0 916 milliards de dollars\u00a0\u00bb, a annonc\u00e9 mardi [&hellip;]<\/p>\n","protected":false},"author":1,"featured_media":8521,"comment_status":"open","ping_status":"closed","sticky":false,"template":"","format":"standard","meta":{"footnotes":""},"categories":[1372],"tags":[1503,513],"class_list":["post-8520","post","type-post","status-publish","format-standard","has-post-thumbnail","hentry","category-monde","tag-economie-americaine","tag-etats-unis"],"aioseo_notices":[],"_links":{"self":[{"href":"https:\/\/www.culturalusa.com\/news\/wp-json\/wp\/v2\/posts\/8520","targetHints":{"allow":["GET"]}}],"collection":[{"href":"https:\/\/www.culturalusa.com\/news\/wp-json\/wp\/v2\/posts"}],"about":[{"href":"https:\/\/www.culturalusa.com\/news\/wp-json\/wp\/v2\/types\/post"}],"author":[{"embeddable":true,"href":"https:\/\/www.culturalusa.com\/news\/wp-json\/wp\/v2\/users\/1"}],"replies":[{"embeddable":true,"href":"https:\/\/www.culturalusa.com\/news\/wp-json\/wp\/v2\/comments?post=8520"}],"version-history":[{"count":0,"href":"https:\/\/www.culturalusa.com\/news\/wp-json\/wp\/v2\/posts\/8520\/revisions"}],"wp:featuredmedia":[{"embeddable":true,"href":"https:\/\/www.culturalusa.com\/news\/wp-json\/wp\/v2\/media\/8521"}],"wp:attachment":[{"href":"https:\/\/www.culturalusa.com\/news\/wp-json\/wp\/v2\/media?parent=8520"}],"wp:term":[{"taxonomy":"category","embeddable":true,"href":"https:\/\/www.culturalusa.com\/news\/wp-json\/wp\/v2\/categories?post=8520"},{"taxonomy":"post_tag","embeddable":true,"href":"https:\/\/www.culturalusa.com\/news\/wp-json\/wp\/v2\/tags?post=8520"}],"curies":[{"name":"wp","href":"https:\/\/api.w.org\/{rel}","templated":true}]}}