{"id":8523,"date":"2020-12-09T18:35:40","date_gmt":"2020-12-09T17:35:40","guid":{"rendered":"https:\/\/www.culturalusa.com\/news\/?p=8523"},"modified":"2020-12-09T18:43:09","modified_gmt":"2020-12-09T17:43:09","slug":"le-gouvernement-presente-sa-loi-contre-lislamisme-radical-mais-pas-contre-les-religions","status":"publish","type":"post","link":"https:\/\/www.culturalusa.com\/news\/actualite\/le-gouvernement-presente-sa-loi-contre-lislamisme-radical-mais-pas-contre-les-religions\/","title":{"rendered":"Le gouvernement pr\u00e9sente sa loi contre \u00ab\u00a0l&rsquo;islamisme radical\u00a0\u00bb mais pas \u00ab\u00a0contre les religions\u00a0\u00bb"},"content":{"rendered":"<p>Pour renforcer <strong>la lutte contre \u00ab\u00a0l&rsquo;id\u00e9ologie pernicieuse\u00a0\u00bb de \u00ab\u00a0l&rsquo;islamisme radical\u00a0\u00bb mais pas \u00ab\u00a0contre les religions\u00a0\u00bb<\/strong>, le gouvernement a pr\u00e9sent\u00e9 un projet de loi sensible et controvers\u00e9, comprenant une batterie de mesures allant de l&rsquo;\u00e9ducation aux associations en passant par la haine en ligne ou le financement des cultes.<\/p>\n<blockquote><p>Les \u00ab\u00a0principes\u00a0\u00bb de la\u00efcit\u00e9 \u00ab\u00a0font l&rsquo;objet d&rsquo;attaques r\u00e9p\u00e9t\u00e9es, insidieuses\u00a0\u00bb et ce \u00ab\u00a0travail de sape est bien souvent le fait d&rsquo;une id\u00e9ologie pernicieuse portant le nom d&rsquo;islamisme radical\u00a0\u00bb, a soulign\u00e9 Jean Castex qui a d\u00e9taill\u00e9 mercredi depuis l&rsquo;Elys\u00e9e le texte, entour\u00e9 des principaux ministres concern\u00e9s (Int\u00e9rieur, Education, Justice).<\/p><\/blockquote>\n<p>Enfants \u00ab\u00a0retir\u00e9s de l&rsquo;\u00e9cole pour recevoir une \u00e9ducation communautariste\u00a0\u00bb, \u00ab\u00a0associations sportives qui conduisent des actions de pros\u00e9lytisme religieux\u00a0\u00bb, \u00ab\u00a0associations cultuelles qui deviennent des relais d&rsquo;influence \u00e9trang\u00e8re\u00a0\u00bb: face \u00e0 cela, \u00ab\u00a0la R\u00e9publique entend se d\u00e9fendre\u00a0\u00bb, a assur\u00e9 M. Castex.<\/p>\n<p>Le projet de loi, dont les contours avaient \u00e9t\u00e9 d\u00e9voil\u00e9s par Emmanuel Macron d\u00e9but octobre, doit r\u00e9pondre \u00e0 ce qui est devenu l&rsquo;une des inqui\u00e9tudes majeures des Fran\u00e7ais, d&rsquo;un attentat \u00e0 l&rsquo;autre, jusqu&rsquo;\u00e0 la d\u00e9capitation de l&rsquo;enseignant Samuel Paty mi-octobre qui a confort\u00e9 l&rsquo;ex\u00e9cutif dans la n\u00e9cessit\u00e9 de donner un tour de vis.<\/p>\n<p>Selon un sondage Via Voice command\u00e9 par LREM en novembre, 88% des Fran\u00e7ais se disent pr\u00e9occup\u00e9s par la mont\u00e9e de l&rsquo;islamisme, dont 58% \u00ab\u00a0tr\u00e8s pr\u00e9occup\u00e9s\u00a0\u00bb.<\/p>\n<p>Si le titre du texte a fluctu\u00e9 et s&rsquo;est finalement arr\u00eat\u00e9 sur une \u00ab\u00a0loi confortant le respect des principes de la R\u00e9publique\u00a0\u00bb, il vise bien \u00ab\u00a0l&rsquo;hydre islamiste\u00a0\u00bb et ses tentatives de \u00ab\u00a0contre-soci\u00e9t\u00e9\u00a0\u00bb, selon l&rsquo;expression d&rsquo;Emmanuel Macron.<\/p>\n<p>Mais l&rsquo;ex\u00e9cutif marche sur des oeufs, craignant d&rsquo;\u00eatre accus\u00e9 de stigmatiser les musulmans, apr\u00e8s les vives critiques et manifestations \u00e0 l&rsquo;\u00e9tranger autour des caricatures de Mahomet.<\/p>\n<blockquote><p>\u00ab\u00a0Ce projet de loi n&rsquo;est pas un texte contre les religions, ni contre la religion musulmane en particulier\u00a0\u00bb, a insist\u00e9 le Premier ministre. \u00ab\u00a0C&rsquo;est \u00e0 l&rsquo;inverse, une loi de libert\u00e9, c&rsquo;est une loi de protection, c&rsquo;est une loi d&rsquo;\u00e9mancipation face au fondamentalisme religieux et, plus g\u00e9n\u00e9ralement, face \u00e0 toute id\u00e9ologie ou d\u00e9rive qui poursuivrait les m\u00eames finalit\u00e9s\u00a0\u00bb, a-t-il argu\u00e9.<\/p><\/blockquote>\n<h3>Galons r\u00e9galiens<\/h3>\n<p>Pr\u00e9sent\u00e9 le jour du 115e anniversaire de la loi de 1905 sur la la\u00efcit\u00e9, le texte comporte une cinquantaine d&rsquo;articles appel\u00e9s \u00e0 combler des lacunes juridiques.<\/p>\n<p>Il contient notamment des dispositions pour restreindre l&rsquo;instruction \u00e0 domicile qui concerne d\u00e9sormais 62.000 enfants, soit deux fois plus qu&rsquo;en 2016. Si Emmanuel Macron souhaitait initialement une interdiction totale de l&rsquo;\u00e9cole \u00e0 la maison, des d\u00e9rogations resteront finalement possibles (sant\u00e9, sport, art&#8230;) apr\u00e8s avoir vu le Conseil d&rsquo;Etat tiquer, mais avec d\u00e9sormais une autorisation pr\u00e9alable.<\/p>\n<blockquote><p>La loi permettra aussi un contr\u00f4le accru du fonctionnement et du financement des associations, dont les plus controvers\u00e9es ont d&rsquo;ores et d\u00e9j\u00e0 \u00e9t\u00e9 dissoutes (CCIF, BarakaCity), ainsi que des lieux de culte, alors que le gouvernement a lanc\u00e9 des op\u00e9rations contre des dizaines de mosqu\u00e9es \u00ab\u00a0soup\u00e7onn\u00e9es de s\u00e9paratisme\u00a0\u00bb.<\/p><\/blockquote>\n<p>Elle pr\u00e9voit \u00e9galement un meilleur encadrement de la haine en ligne, cr\u00e9e un \u00ab\u00a0d\u00e9lit de pression s\u00e9paratiste\u00a0\u00bb pour prot\u00e9ger les fonctionnaires victimes de menaces ou violences.<\/p>\n<p>Il consacre l&rsquo;interdiction des certificats de virginit\u00e9. Autre mesure phare, l&rsquo;extension du devoir de neutralit\u00e9 aux salari\u00e9s des entreprises d\u00e9l\u00e9gataires de service public, comme les transports en commun.<\/p>\n<p>Politiquement, le texte pourrait offrir quelques galons r\u00e9galiens au chef de l&rsquo;Etat, dans la perspective d&rsquo;une r\u00e9\u00e9lection en 2022.<\/p>\n<p>Mais les oppositions attendent de pied ferme le projet dans l&rsquo;h\u00e9micycle d\u00e9but 2021. La droite continue d&rsquo;instruire un proc\u00e8s en laxisme, \u00e0 l&rsquo;image du N.3 des R\u00e9publicains Aur\u00e9lien Pradi\u00e9 qui a \u00e9pingl\u00e9 un texte \u00ab\u00a0incroyablement mou\u00a0\u00bb.\u00a0 Le N.2 du Rassemblement national Jordan Bardella a lui d\u00e9plor\u00e9 que le projet soit \u00ab\u00a0utr\u00e8s insuffisant face \u00e0 la menace\u00a0\u00bb.<\/p>\n<p>A gauche, le Parti socialiste a d\u00e9j\u00e0 formul\u00e9 10 propositions, comprenant la cr\u00e9ation d&rsquo;un D\u00e9fenseur de la la\u00efcit\u00e9 mais aussi l&rsquo;augmentation des d\u00e9penses de s\u00e9curit\u00e9 \u00e0 1% du PIB avec une police de proximit\u00e9 renouvel\u00e9e.<\/p>\n<p>Et il faudra aussi surveiller les d\u00e9bats au sein d&rsquo;une majorit\u00e9 \u00e9chaud\u00e9e par les manoeuvres de l&rsquo;ex\u00e9cutif sur la proposition de loi S\u00e9curit\u00e9 globale et travers\u00e9e par des approches diff\u00e9rentes de la la\u00efcit\u00e9.<\/p>\n<p>Ainsi, la pr\u00e9sidente d\u00e9l\u00e9gu\u00e9e du groupe LREM \u00e0 l&rsquo;Assembl\u00e9e Aurore Berg\u00e9 a dit travailler \u00e0 un amendement pour interdire le port du voile aux jeunes filles, m\u00eame si M. Castex a d&rsquo;ores et d\u00e9j\u00e0 ferm\u00e9 cette porte. (AFP)<\/p>\n","protected":false},"excerpt":{"rendered":"<p>Pour renforcer la lutte contre \u00ab\u00a0l&rsquo;id\u00e9ologie pernicieuse\u00a0\u00bb de \u00ab\u00a0l&rsquo;islamisme radical\u00a0\u00bb mais pas \u00ab\u00a0contre les religions\u00a0\u00bb, le gouvernement a pr\u00e9sent\u00e9 un projet de loi sensible et controvers\u00e9, comprenant une batterie de mesures allant de l&rsquo;\u00e9ducation aux associations en passant par la haine en ligne ou le financement des cultes. Les \u00ab\u00a0principes\u00a0\u00bb de la\u00efcit\u00e9 \u00ab\u00a0font l&rsquo;objet d&rsquo;attaques [&hellip;]<\/p>\n","protected":false},"author":1,"featured_media":8524,"comment_status":"open","ping_status":"closed","sticky":false,"template":"","format":"standard","meta":{"footnotes":""},"categories":[30],"tags":[1504,1506,1505],"class_list":["post-8523","post","type-post","status-publish","format-standard","has-post-thumbnail","hentry","category-actualite","tag-islamisme-radical","tag-laicite","tag-religions"],"aioseo_notices":[],"_links":{"self":[{"href":"https:\/\/www.culturalusa.com\/news\/wp-json\/wp\/v2\/posts\/8523","targetHints":{"allow":["GET"]}}],"collection":[{"href":"https:\/\/www.culturalusa.com\/news\/wp-json\/wp\/v2\/posts"}],"about":[{"href":"https:\/\/www.culturalusa.com\/news\/wp-json\/wp\/v2\/types\/post"}],"author":[{"embeddable":true,"href":"https:\/\/www.culturalusa.com\/news\/wp-json\/wp\/v2\/users\/1"}],"replies":[{"embeddable":true,"href":"https:\/\/www.culturalusa.com\/news\/wp-json\/wp\/v2\/comments?post=8523"}],"version-history":[{"count":0,"href":"https:\/\/www.culturalusa.com\/news\/wp-json\/wp\/v2\/posts\/8523\/revisions"}],"wp:featuredmedia":[{"embeddable":true,"href":"https:\/\/www.culturalusa.com\/news\/wp-json\/wp\/v2\/media\/8524"}],"wp:attachment":[{"href":"https:\/\/www.culturalusa.com\/news\/wp-json\/wp\/v2\/media?parent=8523"}],"wp:term":[{"taxonomy":"category","embeddable":true,"href":"https:\/\/www.culturalusa.com\/news\/wp-json\/wp\/v2\/categories?post=8523"},{"taxonomy":"post_tag","embeddable":true,"href":"https:\/\/www.culturalusa.com\/news\/wp-json\/wp\/v2\/tags?post=8523"}],"curies":[{"name":"wp","href":"https:\/\/api.w.org\/{rel}","templated":true}]}}