{"id":8534,"date":"2020-12-12T01:02:36","date_gmt":"2020-12-12T00:02:36","guid":{"rendered":"https:\/\/www.culturalusa.com\/news\/?p=8534"},"modified":"2020-12-12T01:11:49","modified_gmt":"2020-12-12T00:11:49","slug":"brexit-londres-et-bruxelles-inquiets-sur-les-chances-dun-accord-commercial","status":"publish","type":"post","link":"https:\/\/www.culturalusa.com\/news\/monde\/brexit-londres-et-bruxelles-inquiets-sur-les-chances-dun-accord-commercial\/","title":{"rendered":"Brexit: Londres et Bruxelles inquiets sur les chances d&rsquo;un accord commercial"},"content":{"rendered":"<p>Les n\u00e9gociations continuent mais les chances d&rsquo;un accord commercial post-Brexit s&rsquo;amenuisent, <strong>Londres et Bruxelles affichant vendredi leur pessimisme sur la possibilit\u00e9 de parvenir \u00e0 surmonter leurs divergences<\/strong>.<\/p>\n<p>Sauf rebondissement majeur d&rsquo;ici \u00e0 dimanche, \u00e9ch\u00e9ance fix\u00e9e par la pr\u00e9sidente de la Commission europ\u00e9enne Ursula von der Leyen et le Premier ministre britannique <strong>Boris Johnson<\/strong>, les \u00e9changes de part et d&rsquo;autre de la Manche risquent de se faire selon les seules r\u00e8gles de l&rsquo;Organisation mondiale du commerce (OMC), synonymes de droits de douane et de quotas.<\/p>\n<p>En d\u00e9placement dans le nord de l&rsquo;Angleterre, Boris Johnson a jug\u00e9 \u00ab\u00a0tr\u00e8s tr\u00e8s probable\u00a0\u00bb l&rsquo;\u00e9chec des n\u00e9gociations, qui se poursuivent n\u00e9anmoins.<\/p>\n<blockquote><p>Malgr\u00e9 les sombres pr\u00e9visions des \u00e9conomistes, le chef du gouvernement conservateur affirme que cette solution serait \u00ab\u00a0formidable pour le Royaume-Uni et nous pourrions faire exactement ce que nous voulons \u00e0 partir du 1er janvier\u00a0\u00bb.<\/p><\/blockquote>\n<p>\u00ab\u00a0Nous continuons d&rsquo;esp\u00e9rer\u00a0\u00bb, a-t-il poursuivi, attendant de voir une \u00e9ventuelle \u00ab\u00a0grande proposition\u00a0\u00bb ou \u00ab\u00a0un grand changement\u00a0\u00bb de la part de l&rsquo;Union europ\u00e9enne.<\/p>\n<p>M\u00eame pessimisme chez Ursula von der Leyen, qui a d\u00e9clar\u00e9 aux dirigeants des 27 r\u00e9unis en sommet \u00e0 Bruxelles que les espoirs d&rsquo;un accord \u00e9taient \u00ab\u00a0faibles\u00a0\u00bb, ont confi\u00e9 \u00e0 l&rsquo;AFP plusieurs participants.<\/p>\n<p>Berlin, qui assure la pr\u00e9sidence tournante de l&rsquo;UE, et Dublin, en premi\u00e8re ligne sur le front du Brexit, ont temp\u00e9r\u00e9 en jugeant qu&rsquo;un accord reste \u00ab\u00a0possible\u00a0\u00bb.<\/p>\n<p>Constatant que \u00ab\u00a0l&rsquo;\u00e9tat d&rsquo;esprit pr\u00e9valant\u00a0\u00bb est celui d&rsquo;un \u00e9chec des n\u00e9gociations, le Premier ministre irlandais Micheal Martin a rappel\u00e9 que des propos \u00ab\u00a0similaires\u00a0\u00bb avaient \u00e9t\u00e9 tenus il y a un an au sujet de l&rsquo;accord de divorce, finalement conclu sur le fil.<\/p>\n<p>A l&rsquo;issue d&rsquo;un d\u00eener mercredi \u00e0 Bruxelles pour tenter de d\u00e9bloquer l&rsquo;impasse qui perdure depuis des mois, Mme von der Leyen et M. Johnson ont constat\u00e9 l&rsquo;ampleur des divergences qui subsistent et se sont donn\u00e9 jusqu&rsquo;\u00e0 dimanche pour trancher sur \u00ab\u00a0l&rsquo;avenir\u00a0\u00bb des pourparlers.<\/p>\n<p>Ceux-ci bloquent sur trois sujets: la p\u00eache, le r\u00e8glement des diff\u00e9rends dans le futur accord et les garanties exig\u00e9es de Londres par l&rsquo;Union europ\u00e9enne en mati\u00e8re de concurrence.<\/p>\n<p>Sur ce dernier point, le plus \u00e9pineux, les Europ\u00e9ens souhaitent s&rsquo;assurer de la convergence avec le Royaume-Uni de leurs normes sociales, environnementales, fiscales ou sur les aides publiques, pour \u00e9viter toute concurrence sauvage.<\/p>\n<p><strong>\u00ab\u00a0G\u00e9ographie t\u00eatue\u00a0\u00bb<\/strong><\/p>\n<p>\u00ab\u00a0Il est normal que les concurrents de nos propres entreprises soient expos\u00e9s aux m\u00eames conditions sur notre propre march\u00e9\u00a0\u00bb, a expliqu\u00e9 Mme von der Leyen lors d&rsquo;une conf\u00e9rence de presse.<\/p>\n<p>Les Europ\u00e9ens ne comptent pas obliger le Royaume-Uni \u00e0 s&rsquo;adapter \u00e0 chacune de leurs \u00e9volutions l\u00e9gislatives, a-t-elle pr\u00e9cis\u00e9.<\/p>\n<p><strong>Les Britanniques, qui ont officiellement quitt\u00e9 l&rsquo;UE le 31 janvier 2020, \u00ab\u00a0resteraient libres, souverains, de d\u00e9cider de ce qu&rsquo;ils veulent faire. Nous adapterions simplement les conditions d&rsquo;acc\u00e8s \u00e0 notre march\u00e9\u00a0\u00bb en fonction de leur d\u00e9cision, a-t-elle expliqu\u00e9.<\/strong><\/p>\n<p>Londres affirme de son c\u00f4t\u00e9 que les propositions de l&rsquo;UE ne respectent pas sa souverainet\u00e9.<\/p>\n<p>Commentant le calendrier, un haut responsable europ\u00e9en a ironis\u00e9: \u00ab\u00a0C&rsquo;est au moins la dixi\u00e8me fois depuis septembre qu&rsquo;on nous dit que c&rsquo;est le moment d\u00e9cisif\u00a0\u00bb. \u00ab\u00a0La seule certitude, c&rsquo;est le 1er janvier\u00a0\u00bb, date \u00e0 laquelle le Royaume-Uni aura quitt\u00e9 le march\u00e9 unique et l&rsquo;union douani\u00e8re, a-t-il soulign\u00e9.<\/p>\n<p>Selon cette source, le pr\u00e9sident fran\u00e7ais <strong>Emmanuel Macron<\/strong> et la chanceli\u00e8re allemande <strong>Angela Merkel<\/strong> ont chacun refus\u00e9 de s&rsquo;entretenir s\u00e9par\u00e9ment avec Boris Johnson avant un \u00e9change t\u00e9l\u00e9phonique lundi dernier entre le Britannique et Ursula von der Leyen. \u00ab\u00a0Nous parlons d&rsquo;une seule voix\u00a0\u00bb, a insist\u00e9 ce responsable.<\/p>\n<p>\u00ab\u00a0<strong>La g\u00e9ographie est t\u00eatue<\/strong>: on va quand m\u00eame vivre c\u00f4te \u00e0 c\u00f4te\u00a0\u00bb, a quant \u00e0 lui rappel\u00e9 M. Macron, souhaitant un accord \u00ab\u00a0qui pr\u00e9serve les int\u00e9r\u00eats europ\u00e9ens (&#8230;) et respecte nos amis britanniques\u00a0\u00bb.<\/p>\n<p>L&rsquo;UE a toutefois d\u00e9j\u00e0 pr\u00e9vu des mesures d&rsquo;urgence en cas de \u00ab\u00a0no deal\u00a0\u00bb. Elles visent \u00e0 maintenir une connectivit\u00e9 dans le transport routier et a\u00e9rien pendant six mois, \u00e0 condition que Londres fasse de m\u00eame, et \u00e0 garantir l&rsquo;acc\u00e8s r\u00e9ciproque aux eaux des deux parties pour les bateaux de p\u00eache en 2021.<\/p>\n<p>Selon le Times et le Guardian, quatre navires de 80 m\u00e8tres de la Royal Navy seront pr\u00eats pour prot\u00e9ger les eaux britanniques d\u00e8s le 1er janvier en cas de \u00ab\u00a0no deal\u00a0\u00bb. (AFP)<\/p>\n","protected":false},"excerpt":{"rendered":"<p>Les n\u00e9gociations continuent mais les chances d&rsquo;un accord commercial post-Brexit s&rsquo;amenuisent, Londres et Bruxelles affichant vendredi leur pessimisme sur la possibilit\u00e9 de parvenir \u00e0 surmonter leurs divergences. Sauf rebondissement majeur d&rsquo;ici \u00e0 dimanche, \u00e9ch\u00e9ance fix\u00e9e par la pr\u00e9sidente de la Commission europ\u00e9enne Ursula von der Leyen et le Premier ministre britannique Boris Johnson, les \u00e9changes [&hellip;]<\/p>\n","protected":false},"author":1,"featured_media":8535,"comment_status":"open","ping_status":"closed","sticky":false,"template":"","format":"standard","meta":{"footnotes":""},"categories":[1372],"tags":[652,514,226,180,1157],"class_list":["post-8534","post","type-post","status-publish","format-standard","has-post-thumbnail","hentry","category-monde","tag-boris-johnson","tag-brexit","tag-bruxelles","tag-commission-europeenne","tag-londres"],"aioseo_notices":[],"_links":{"self":[{"href":"https:\/\/www.culturalusa.com\/news\/wp-json\/wp\/v2\/posts\/8534","targetHints":{"allow":["GET"]}}],"collection":[{"href":"https:\/\/www.culturalusa.com\/news\/wp-json\/wp\/v2\/posts"}],"about":[{"href":"https:\/\/www.culturalusa.com\/news\/wp-json\/wp\/v2\/types\/post"}],"author":[{"embeddable":true,"href":"https:\/\/www.culturalusa.com\/news\/wp-json\/wp\/v2\/users\/1"}],"replies":[{"embeddable":true,"href":"https:\/\/www.culturalusa.com\/news\/wp-json\/wp\/v2\/comments?post=8534"}],"version-history":[{"count":0,"href":"https:\/\/www.culturalusa.com\/news\/wp-json\/wp\/v2\/posts\/8534\/revisions"}],"wp:featuredmedia":[{"embeddable":true,"href":"https:\/\/www.culturalusa.com\/news\/wp-json\/wp\/v2\/media\/8535"}],"wp:attachment":[{"href":"https:\/\/www.culturalusa.com\/news\/wp-json\/wp\/v2\/media?parent=8534"}],"wp:term":[{"taxonomy":"category","embeddable":true,"href":"https:\/\/www.culturalusa.com\/news\/wp-json\/wp\/v2\/categories?post=8534"},{"taxonomy":"post_tag","embeddable":true,"href":"https:\/\/www.culturalusa.com\/news\/wp-json\/wp\/v2\/tags?post=8534"}],"curies":[{"name":"wp","href":"https:\/\/api.w.org\/{rel}","templated":true}]}}