{"id":8597,"date":"2020-12-17T12:28:24","date_gmt":"2020-12-17T11:28:24","guid":{"rendered":"https:\/\/www.culturalusa.com\/news\/?p=8597"},"modified":"2020-12-17T12:30:18","modified_gmt":"2020-12-17T11:30:18","slug":"covid-19-emmanuel-macron-a-ete-diagnostique-positif-a-lisolement-comme-castex","status":"publish","type":"post","link":"https:\/\/www.culturalusa.com\/news\/actualite\/covid-19-emmanuel-macron-a-ete-diagnostique-positif-a-lisolement-comme-castex\/","title":{"rendered":"Covid-19: Emmanuel Macron a \u00e9t\u00e9 diagnostiqu\u00e9 positif, \u00e0 l&rsquo;isolement comme Castex"},"content":{"rendered":"<p>Le Pr\u00e9sident <strong>Emmanuel Macron<\/strong> a \u00e9t\u00e9 <strong>test\u00e9 positif<\/strong> jeudi <strong>au Covid-19<\/strong> et va s&rsquo;isoler pendant sept jours, a annonc\u00e9 l&rsquo;<strong>Elys\u00e9e<\/strong>, de m\u00eame que le Premier ministre <strong>Jean Castex<\/strong>, \u00ab\u00a0cas contact\u00a0\u00bb du pr\u00e9sident.<\/p>\n<blockquote><p>Apr\u00e8s le diagnostic \u00e9tabli par \u00ab\u00a0des tests RT-PCR r\u00e9alis\u00e9s d\u00e8s l\u2019apparition de premiers sympt\u00f4mes\u00a0\u00bb, le chef de l&rsquo;Etat \u00ab\u00a0s\u2019isolera pendant 7 jours\u00a0\u00bb mais \u00ab\u00a0continuera de travailler et d\u2019assurer ses activit\u00e9s \u00e0 distance\u00a0\u00bb, ajoute la pr\u00e9sidence dans un communiqu\u00e9.<\/p><\/blockquote>\n<p>En cons\u00e9quence, son voyage au Liban pr\u00e9vu mardi et mercredi est annul\u00e9, a pr\u00e9cis\u00e9 l&rsquo;Elys\u00e9e. Il devait passer un r\u00e9veillon avec les militaires fran\u00e7ais de la Finul, la Force int\u00e9rimaire des Nations unies au Liban, et rencontrer de nouveau les dirigeants libanais.<\/p>\n<p>Le Premier ministre Jean Castex, cas contact du chef de l&rsquo;Etat, se place en cons\u00e9quence \u00ab\u00a0\u00e0 l&rsquo;isolement, bien qu&rsquo;il ne pr\u00e9sente aucun sympt\u00f4me de la maladie\u00a0\u00bb, a annonc\u00e9 Matignon.<\/p>\n<p>Il ne se rendra donc pas au S\u00e9nat o\u00f9 il devait pr\u00e9senter jeudi la strat\u00e9gie vaccinale du gouvernement, comme la veille \u00e0 l&rsquo;Assembl\u00e9e, et a appel\u00e9 le pr\u00e9sident du S\u00e9nat G\u00e9rard Larcher pour s&rsquo;excuser de son absence.<\/p>\n<p>De m\u00eame pour Brigitte Macron, cas contact mais qui \u00ab\u00a0ne pr\u00e9sente aucun sympt\u00f4me\u00a0\u00bb, a pr\u00e9cis\u00e9 son cabinet.<\/p>\n<p>Elle avait par ailleurs \u00e9t\u00e9 test\u00e9e n\u00e9gative au Covid-19 ce mardi 15 d\u00e9cembre avant d\u2019effectuer une visite dans un service p\u00e9diatrique de l\u2019h\u00f4pital Saint-Louis \u00e0 Paris.<\/p>\n","protected":false},"excerpt":{"rendered":"<p>Le Pr\u00e9sident Emmanuel Macron a \u00e9t\u00e9 test\u00e9 positif jeudi au Covid-19 et va s&rsquo;isoler pendant sept jours, a annonc\u00e9 l&rsquo;Elys\u00e9e, de m\u00eame que le Premier ministre Jean Castex, \u00ab\u00a0cas contact\u00a0\u00bb du pr\u00e9sident. Apr\u00e8s le diagnostic \u00e9tabli par \u00ab\u00a0des tests RT-PCR r\u00e9alis\u00e9s d\u00e8s l\u2019apparition de premiers sympt\u00f4mes\u00a0\u00bb, le chef de l&rsquo;Etat \u00ab\u00a0s\u2019isolera pendant 7 jours\u00a0\u00bb mais [&hellip;]<\/p>\n","protected":false},"author":1,"featured_media":8598,"comment_status":"open","ping_status":"closed","sticky":false,"template":"","format":"standard","meta":{"footnotes":""},"categories":[30],"tags":[829,642,1303,1512],"class_list":["post-8597","post","type-post","status-publish","format-standard","has-post-thumbnail","hentry","category-actualite","tag-elysee","tag-emmanuel-macron","tag-jean-castex","tag-test-positif"],"aioseo_notices":[],"_links":{"self":[{"href":"https:\/\/www.culturalusa.com\/news\/wp-json\/wp\/v2\/posts\/8597","targetHints":{"allow":["GET"]}}],"collection":[{"href":"https:\/\/www.culturalusa.com\/news\/wp-json\/wp\/v2\/posts"}],"about":[{"href":"https:\/\/www.culturalusa.com\/news\/wp-json\/wp\/v2\/types\/post"}],"author":[{"embeddable":true,"href":"https:\/\/www.culturalusa.com\/news\/wp-json\/wp\/v2\/users\/1"}],"replies":[{"embeddable":true,"href":"https:\/\/www.culturalusa.com\/news\/wp-json\/wp\/v2\/comments?post=8597"}],"version-history":[{"count":0,"href":"https:\/\/www.culturalusa.com\/news\/wp-json\/wp\/v2\/posts\/8597\/revisions"}],"wp:featuredmedia":[{"embeddable":true,"href":"https:\/\/www.culturalusa.com\/news\/wp-json\/wp\/v2\/media\/8598"}],"wp:attachment":[{"href":"https:\/\/www.culturalusa.com\/news\/wp-json\/wp\/v2\/media?parent=8597"}],"wp:term":[{"taxonomy":"category","embeddable":true,"href":"https:\/\/www.culturalusa.com\/news\/wp-json\/wp\/v2\/categories?post=8597"},{"taxonomy":"post_tag","embeddable":true,"href":"https:\/\/www.culturalusa.com\/news\/wp-json\/wp\/v2\/tags?post=8597"}],"curies":[{"name":"wp","href":"https:\/\/api.w.org\/{rel}","templated":true}]}}