{"id":8673,"date":"2020-12-19T12:25:58","date_gmt":"2020-12-19T11:25:58","guid":{"rendered":"https:\/\/www.culturalusa.com\/news\/?p=8673"},"modified":"2020-12-19T12:29:23","modified_gmt":"2020-12-19T11:29:23","slug":"5g-le-haut-conseil-pour-le-climat-veut-une-appreciation-avant-toute-nouvelle-attribution","status":"publish","type":"post","link":"https:\/\/www.culturalusa.com\/news\/actualite\/5g-le-haut-conseil-pour-le-climat-veut-une-appreciation-avant-toute-nouvelle-attribution\/","title":{"rendered":"5G: le Haut Conseil pour le Climat veut une appr\u00e9ciation avant toute nouvelle attribution"},"content":{"rendered":"<p>Selon le <strong>Haut Conseil pour le Climat<\/strong>, les prochaines attributions de <strong>fr\u00e9quences pour la 5G<\/strong>, ne devraient pas se faire sans <strong>\u00e9valuation pr\u00e9alable de son impact sur l&rsquo;environnement<\/strong>, alors qu&rsquo;Emmanuel Macron s&rsquo;est refus\u00e9 \u00e0 diff\u00e9rer le d\u00e9ploiement de cette technologie .<\/p>\n<blockquote><p>\u00ab\u00a0En l&rsquo;absence de moratoire sur la 5G permettant de r\u00e9\u00e9valuer la d\u00e9cision concernant les fr\u00e9quences d\u00e9j\u00e0 distribu\u00e9es, la premi\u00e8re application d&rsquo;une telle \u00e9valuation devra \u00eatre l&rsquo;attribution des prochaines bandes de fr\u00e9quences pour la 5G\u00a0\u00bb, \u00e9crit le HCC dans un rapport \u00e9tabli sur saisine du pr\u00e9sident du S\u00e9nat G\u00e9rard Larcher.<\/p><\/blockquote>\n<p><strong>La Convention citoyenne pour le climat, voulue par le pr\u00e9sident de la R\u00e9publique, avait pr\u00e9cis\u00e9ment recommand\u00e9 un moratoire sur le d\u00e9ploiement de la 5G en l&rsquo;attente d&rsquo;une telle \u00e9tude<\/strong>. Demande s\u00e8chement rejet\u00e9e par Emmanuel Macron comme un \u00ab\u00a0retour \u00e0 la lampe \u00e0 huile\u00a0\u00bb.<\/p>\n<p>Lors d&rsquo;une rencontre avec les membres de la Convention en d\u00e9but de semaine, M. Macron avait maintenu son soutien \u00e0 la 5G, essentielle selon lui au d\u00e9veloppement \u00e9conomique du pays. Mais il avait aussi souhait\u00e9 que soit \u00ab\u00a0\u00e9valu\u00e9 le co\u00fbt environnemental\u00a0\u00bb du num\u00e9rique globalement, pointant notamment le \u00ab\u00a0renouvellement permanent des mat\u00e9riels (&#8230;) tr\u00e8s polluants\u00a0\u00bb.<\/p>\n<p>Dans son rapport, le HCC \u00e9tudie plusieurs hypoth\u00e8ses sur les impacts du d\u00e9ploiement de la 5G, tout en soulignant que ses propres travaux \u00ab\u00a0ne peuvent se substituer \u00e0 une \u00e9valuation compl\u00e8te de l&rsquo;ensemble des impacts environnementaux, sanitaires, \u00e9conomiques, financiers et sociaux, qui aurait d\u00fb avoir lieu au pr\u00e9alable\u00a0\u00bb.<\/p>\n<h3>Empreinte carbone en hausse<\/h3>\n<p>Mais il estime d&rsquo;ores et d\u00e9j\u00e0 que \u00ab\u00a0la 5G est susceptible d&rsquo;augmenter significativement\u00a0\u00bb l&#8217;empreinte carbone du secteur du num\u00e9rique, qui repr\u00e9sente actuellement environ 2 % de l&#8217;empreinte totale de la France, soit \u00e0 peu pr\u00e8s autant que le secteur a\u00e9rien, a relev\u00e9 la climatologue Corinne Le Qu\u00e9r\u00e9, pr\u00e9sidente du HCC, lors d&rsquo;une conf\u00e9rence de presse en ligne.<\/p>\n<p>Une augmentation notamment caus\u00e9e par la prise en compte des \u00e9missions li\u00e9es \u00e0 la fabrication du mat\u00e9riel \u00e0 l&rsquo;\u00e9tranger (\u00e9missions dites \u00ab\u00a0import\u00e9es\u00a0\u00bb). Dans son \u00e9valuation haute, \u00ab\u00a0l&rsquo;impact carbone\u00a0\u00bb de la 5G serait ainsi en 2030 pour un peu plus de la moiti\u00e9 li\u00e9 aux terminaux &#8211;smartphones, ordinateurs&#8230; &#8211;, pour un quart aux infrastructures et pour un quart \u00e0 l&rsquo;utilisation.<\/p>\n<p>La 5G devrait \u00e9galement entra\u00eener une hausse de la consommation d&rsquo;\u00e9lectricit\u00e9, qui est en France largement d\u00e9carbon\u00e9e en raison notamment du nucl\u00e9aire.<\/p>\n<p>Le HCC, organisme de conseil et d&rsquo;\u00e9valuation ind\u00e9pendant cr\u00e9\u00e9 par M. Macron, recommande notamment d&rsquo;int\u00e9grer des engagements sur l&#8217;empreinte carbone dans les prochains appels d&rsquo;offres pour les futures fr\u00e9quences de 5G et d&rsquo;agir sur l&rsquo;offre d&rsquo;\u00e9quipements pour en faire baisser l&rsquo;impact environnemental.<\/p>\n<h3>Disproportionn\u00e9<\/h3>\n<p>Il souhaite aussi \u00ab\u00a0informer et responsabiliser\u00a0\u00bb les usagers, particuliers comme entreprises. \u00ab\u00a0<strong>Il y a des usages disproportionn\u00e9s, comme la vid\u00e9o haute d\u00e9finition sur t\u00e9l\u00e9phone. Il faut porter la priorisation des usages dans le d\u00e9bat public<\/strong>\u00ab\u00a0, estime Corinne Le Qu\u00e9r\u00e9, pointant \u00e9galement certaines offres illimit\u00e9es qui peuvent mener au \u00ab\u00a0gaspillage\u00a0\u00bb.<\/p>\n<p>Enfin parmi les impacts potentiels, le HCC recommande de pr\u00eater une attention particuli\u00e8re aux possibles interf\u00e9rences de certaines bandes (non encore attribu\u00e9es en France) de la 5G avec les relev\u00e9s satellitaires, qui inqui\u00e8tent les m\u00e9t\u00e9orologues.<\/p>\n<p>Selon une source gouvernementale, le HCC dresse un \u00ab\u00a0constat partag\u00e9\u00a0\u00bb sur la question des \u00e9quipements, d\u00e9j\u00e0 mise en avant par Emmanuel Macron devant la Convention climat et qui sera notamment abord\u00e9e dans une \u00ab\u00a0feuille de route\u00a0\u00bb gouvernementale attendue en f\u00e9vrier.<\/p>\n<p>En revanche, le rapport \u00ab\u00a0ne prend pas en compte certains aspects positifs\u00a0\u00bb attendus sur l&rsquo;optimisation des transports ou de l&rsquo;agriculture et anticipe un d\u00e9ploiement non confirm\u00e9 de certaines fr\u00e9quences, selon cette source.<\/p>\n<p>La pr\u00e9sidence du S\u00e9nat, commanditaire du rapport, a de son c\u00f4t\u00e9 estim\u00e9 que les conclusions \u00ab\u00a0confortent\u00a0\u00bb une proposition de loi \u00ab\u00a0visant \u00e0 r\u00e9duire l&#8217;empreinte environnementale du num\u00e9rique\u00a0\u00bb que la haute assembl\u00e9e doit examiner le 12 janvier.<\/p>\n<p>Pour Sophie Pelletier, de l&rsquo;ONG Priartem, ce rapport \u00ab\u00a0conforte le recours intent\u00e9 par nos associations aupr\u00e8s du Conseil d&rsquo;Etat\u00a0\u00bb, tandis que pour St\u00e9phen Kerckhove, d&rsquo;Agir pour l&rsquo;Environnement, il \u00ab\u00a0vient mettre un terme d\u00e9finitif aux faux d\u00e9bat (&#8230;) sur l&rsquo;int\u00e9r\u00eat suppos\u00e9 de la 5G en mati\u00e8re de lutte contre le changement climatique\u00a0\u00bb. (AFP)<\/p>\n","protected":false},"excerpt":{"rendered":"<p>Selon le Haut Conseil pour le Climat, les prochaines attributions de fr\u00e9quences pour la 5G, ne devraient pas se faire sans \u00e9valuation pr\u00e9alable de son impact sur l&rsquo;environnement, alors qu&rsquo;Emmanuel Macron s&rsquo;est refus\u00e9 \u00e0 diff\u00e9rer le d\u00e9ploiement de cette technologie . \u00ab\u00a0En l&rsquo;absence de moratoire sur la 5G permettant de r\u00e9\u00e9valuer la d\u00e9cision concernant les [&hellip;]<\/p>\n","protected":false},"author":1,"featured_media":8674,"comment_status":"open","ping_status":"closed","sticky":false,"template":"","format":"standard","meta":{"footnotes":""},"categories":[30],"tags":[1156,1519,1380],"class_list":["post-8673","post","type-post","status-publish","format-standard","has-post-thumbnail","hentry","category-actualite","tag-5g","tag-haut-conseil-pour-le-climat","tag-technologie-5g"],"aioseo_notices":[],"_links":{"self":[{"href":"https:\/\/www.culturalusa.com\/news\/wp-json\/wp\/v2\/posts\/8673","targetHints":{"allow":["GET"]}}],"collection":[{"href":"https:\/\/www.culturalusa.com\/news\/wp-json\/wp\/v2\/posts"}],"about":[{"href":"https:\/\/www.culturalusa.com\/news\/wp-json\/wp\/v2\/types\/post"}],"author":[{"embeddable":true,"href":"https:\/\/www.culturalusa.com\/news\/wp-json\/wp\/v2\/users\/1"}],"replies":[{"embeddable":true,"href":"https:\/\/www.culturalusa.com\/news\/wp-json\/wp\/v2\/comments?post=8673"}],"version-history":[{"count":0,"href":"https:\/\/www.culturalusa.com\/news\/wp-json\/wp\/v2\/posts\/8673\/revisions"}],"wp:featuredmedia":[{"embeddable":true,"href":"https:\/\/www.culturalusa.com\/news\/wp-json\/wp\/v2\/media\/8674"}],"wp:attachment":[{"href":"https:\/\/www.culturalusa.com\/news\/wp-json\/wp\/v2\/media?parent=8673"}],"wp:term":[{"taxonomy":"category","embeddable":true,"href":"https:\/\/www.culturalusa.com\/news\/wp-json\/wp\/v2\/categories?post=8673"},{"taxonomy":"post_tag","embeddable":true,"href":"https:\/\/www.culturalusa.com\/news\/wp-json\/wp\/v2\/tags?post=8673"}],"curies":[{"name":"wp","href":"https:\/\/api.w.org\/{rel}","templated":true}]}}