{"id":8706,"date":"2020-12-23T11:38:33","date_gmt":"2020-12-23T10:38:33","guid":{"rendered":"https:\/\/www.culturalusa.com\/news\/?p=8706"},"modified":"2020-12-23T11:38:33","modified_gmt":"2020-12-23T10:38:33","slug":"le-president-macron-veut-reconcilier-en-sappuyant-sur-les-patriotes-et-europeens","status":"publish","type":"post","link":"https:\/\/www.culturalusa.com\/news\/politique\/le-president-macron-veut-reconcilier-en-sappuyant-sur-les-patriotes-et-europeens\/","title":{"rendered":"Le Pr\u00e9sident Macron veut \u00ab\u00a0r\u00e9concilier\u00a0\u00bb en s&rsquo;appuyant sur les \u00ab\u00a0patriotes et europ\u00e9ens\u00a0\u00bb"},"content":{"rendered":"<p>Emmanuel Macron affirme, dans un entretien \u00e0 L&rsquo;Express, son ambition de \u00ab\u00a0<strong>r\u00e9concilier\u00a0\u00bb les Fran\u00e7ais<\/strong>, \u00ab\u00a0pas seulement par des mots\u00a0\u00bb mais par \u00ab\u00a0l&rsquo;action\u00a0\u00bb, en s&rsquo;appuyant sur les \u00ab\u00a0<strong>patriotes et europ\u00e9ens<\/strong>\u00a0\u00bb qui \u00ab\u00a0<strong>sont port\u00e9s par la volont\u00e9 d&rsquo;entreprendre<\/strong>\u00ab\u00a0.<\/p>\n<p>\u00ab\u00a0Je ne m&rsquo;avoue pas vaincu d&rsquo;abord parce que dans la position o\u00f9 je suis, je n&rsquo;en ai pas le droit\u00a0\u00bb, d\u00e9clare le chef de l&rsquo;Etat dans cet entretien fleuve que l&rsquo;hebdomadaire a commenc\u00e9 \u00e0 publier mardi.<\/p>\n<p>Soulignant que \u00ab\u00a0beaucoup de divisions ancr\u00e9es depuis longtemps\u00a0\u00bb se sont \u00ab\u00a0r\u00e9v\u00e9l\u00e9es\u00a0\u00bb depuis le d\u00e9but de son quinquennat, avec le mouvement des \u00ab\u00a0gilets jaunes\u00a0\u00bb en particulier, il affirme que \u00ab\u00a0la r\u00e9conciliation ne se d\u00e9cr\u00e8te pas\u00a0\u00bb.<\/p>\n<blockquote><p>\u00ab\u00a0Mais le combat qui est le mien ne consiste pas \u00e0 essayer de r\u00e9concilier en ayant des mots \u00e9mollients. Les Fran\u00e7ais savent que ce ne sont pas seulement des mots qui les r\u00e9concilieront, mais l&rsquo;action\u00a0\u00bb, ajoute-t-il.<\/p><\/blockquote>\n<p>Il avance pour cela un nouveau slogan: <strong>\u00ab\u00a0Nous, Fran\u00e7ais\u00a0\u00bb, qui est \u00ab\u00a0un principe d&rsquo;action, \u00e0 la fois une identit\u00e9 narrative, historique, culturelle\u00a0\u00bb<\/strong>.<\/p>\n<p>Dans cet entretien, qui ne comporte aucune annonce de nouvelles mesures, Emmanuel Macron estime que \u00ab\u00a0le camp de la d\u00e9faite, des corporatistes, des \u00e9go\u00efstes a toujours \u00e9t\u00e9 tr\u00e8s fort dans le pays\u00a0\u00bb et que \u00ab\u00a0ceux qui veulent relever le gant, qui croient en la grandeur, n&rsquo;ont jamais \u00e9t\u00e9 la majorit\u00e9\u00a0\u00bb.<\/p>\n<p>Pour lui, \u00ab\u00a0<span style=\"color: #800000;\">beaucoup d&rsquo;intellectuels n&rsquo;ont pas su penser un avenir fran\u00e7ais<\/span>\u00a0\u00bb tandis que \u00ab\u00a0l&rsquo;\u00e9lite \u00e9conomique s&rsquo;est mondialis\u00e9e\u00a0\u00bb, \u00ab\u00a0s&rsquo;est nomadis\u00e9e\u00a0\u00bb et \u00ab\u00a0est devenue de nulle part\u00a0\u00bb.<\/p>\n<blockquote><p>\u00ab\u00a0Mais le monde change\u00a0\u00bb et \u00ab\u00a0les patriotes sont de plus en plus nombreux. Patriotes et europ\u00e9ens, qui sont port\u00e9s par la volont\u00e9 de cr\u00e9er, d&rsquo;entreprendre, de prendre pour notre pays et notre continent des risques pour b\u00e2tir un avenir commun\u00a0\u00bb, se f\u00e9licite-t-il.<\/p><\/blockquote>\n<p>Revenant sur les manifestations troubl\u00e9es de ces derniers mois, le chef de l&rsquo;Etat d\u00e9nonce \u00ab\u00a0une violence de rue parfois inou\u00efe\u00a0\u00bb car \u00ab\u00a0<span style=\"color: #800000;\">ont resurgi un mouvement d&rsquo;extr\u00eame droite et un mouvement d&rsquo;extr\u00eame gauche qui pr\u00f4ne une violence anticapitaliste, antipolici\u00e8re, avec un discours structur\u00e9, id\u00e9ologis\u00e9, et qui n&rsquo;est rien d&rsquo;autre qu&rsquo;un discours de destruction des institutions r\u00e9publicaines<\/span>\u00ab\u00a0.<\/p>\n<p>\u00ab\u00a0C&rsquo;est tr\u00e8s grave car la d\u00e9mocratie et la R\u00e9publique ne tiennent qu&rsquo;aussi longtemps qu&rsquo;il y a dans le d\u00e9bat d\u00e9mocratique la fin de la violence\u00a0\u00bb, ajoute-t-il.<\/p>\n<p>Sans citer de noms, Emmanuel Macron se dit \u00ab\u00a0<strong>frapp\u00e9 par cette esp\u00e8ce de m\u00e9lasse intellectuelle qui tout \u00e0 la fois d\u00e9nonce toute forme d&rsquo;autorit\u00e9, la d\u00e9fense de l&rsquo;ordre r\u00e9publicain, justifie la violence de rue sans jamais l&rsquo;interroger et ne vient pas au secours de la d\u00e9fense de la libert\u00e9 d&rsquo;expression et de nos principes fondamentaux quand ils sont menac\u00e9s<\/strong>\u00ab\u00a0.<\/p>\n","protected":false},"excerpt":{"rendered":"<p>Emmanuel Macron affirme, dans un entretien \u00e0 L&rsquo;Express, son ambition de \u00ab\u00a0r\u00e9concilier\u00a0\u00bb les Fran\u00e7ais, \u00ab\u00a0pas seulement par des mots\u00a0\u00bb mais par \u00ab\u00a0l&rsquo;action\u00a0\u00bb, en s&rsquo;appuyant sur les \u00ab\u00a0patriotes et europ\u00e9ens\u00a0\u00bb qui \u00ab\u00a0sont port\u00e9s par la volont\u00e9 d&rsquo;entreprendre\u00ab\u00a0. \u00ab\u00a0Je ne m&rsquo;avoue pas vaincu d&rsquo;abord parce que dans la position o\u00f9 je suis, je n&rsquo;en ai pas le [&hellip;]<\/p>\n","protected":false},"author":1,"featured_media":7393,"comment_status":"open","ping_status":"closed","sticky":false,"template":"","format":"standard","meta":{"footnotes":""},"categories":[1494],"tags":[642,1531,1530],"class_list":["post-8706","post","type-post","status-publish","format-standard","has-post-thumbnail","hentry","category-politique","tag-emmanuel-macron","tag-europeens","tag-patriotes"],"aioseo_notices":[],"_links":{"self":[{"href":"https:\/\/www.culturalusa.com\/news\/wp-json\/wp\/v2\/posts\/8706","targetHints":{"allow":["GET"]}}],"collection":[{"href":"https:\/\/www.culturalusa.com\/news\/wp-json\/wp\/v2\/posts"}],"about":[{"href":"https:\/\/www.culturalusa.com\/news\/wp-json\/wp\/v2\/types\/post"}],"author":[{"embeddable":true,"href":"https:\/\/www.culturalusa.com\/news\/wp-json\/wp\/v2\/users\/1"}],"replies":[{"embeddable":true,"href":"https:\/\/www.culturalusa.com\/news\/wp-json\/wp\/v2\/comments?post=8706"}],"version-history":[{"count":0,"href":"https:\/\/www.culturalusa.com\/news\/wp-json\/wp\/v2\/posts\/8706\/revisions"}],"wp:featuredmedia":[{"embeddable":true,"href":"https:\/\/www.culturalusa.com\/news\/wp-json\/wp\/v2\/media\/7393"}],"wp:attachment":[{"href":"https:\/\/www.culturalusa.com\/news\/wp-json\/wp\/v2\/media?parent=8706"}],"wp:term":[{"taxonomy":"category","embeddable":true,"href":"https:\/\/www.culturalusa.com\/news\/wp-json\/wp\/v2\/categories?post=8706"},{"taxonomy":"post_tag","embeddable":true,"href":"https:\/\/www.culturalusa.com\/news\/wp-json\/wp\/v2\/tags?post=8706"}],"curies":[{"name":"wp","href":"https:\/\/api.w.org\/{rel}","templated":true}]}}