{"id":8712,"date":"2020-12-24T17:41:23","date_gmt":"2020-12-24T16:41:23","guid":{"rendered":"https:\/\/www.culturalusa.com\/news\/?p=8712"},"modified":"2020-12-24T17:42:07","modified_gmt":"2020-12-24T16:42:07","slug":"brexit-bruxelles-et-londres-annoncent-un-accord-commercial-historique","status":"publish","type":"post","link":"https:\/\/www.culturalusa.com\/news\/monde\/brexit-bruxelles-et-londres-annoncent-un-accord-commercial-historique\/","title":{"rendered":"Brexit: Bruxelles et Londres annoncent un accord commercial historique"},"content":{"rendered":"<p>Apr\u00e8s dix mois de n\u00e9gociations harassantes, <strong>l&rsquo;Union europ\u00e9enne et le Royaume-Uni ont annonc\u00e9 jeudi un accord historique sur leur future relation commerciale<\/strong>, qui leur permettra d&rsquo;\u00e9viter in extremis un \u00ab\u00a0no deal\u00a0\u00bb d\u00e9vastateur pour leurs \u00e9conomies en fin d&rsquo;ann\u00e9e.<\/p>\n<blockquote><p>\u00ab\u00a0Cet accord prot\u00e9gera les int\u00e9r\u00eats europ\u00e9ens et cet accord est aussi, je le crois, dans l&rsquo;int\u00e9r\u00eat du Royaume-Uni\u00a0\u00bb, s&rsquo;est f\u00e9licit\u00e9e la pr\u00e9sidente de la Commission europ\u00e9enne, Ursula von der Leyen, lors d&rsquo;une conf\u00e9rence de presse. \u00ab\u00a0Il posera les fondations solides d&rsquo;un nouveau d\u00e9part avec un ami de longue date\u00a0\u00bb, a-t-elle ajout\u00e9, saluant un \u00ab\u00a0bon accord, \u00ab\u00a0\u00e9quilibr\u00e9\u00a0\u00bb et \u00ab\u00a0juste\u00a0\u00bb.<\/p><\/blockquote>\n<p><strong>\u00ab\u00a0L&rsquo;accord a \u00e9t\u00e9 trouv\u00e9\u00a0\u00bb, a pour sa part twitt\u00e9 le Premier ministre britannique Boris Johnson<\/strong>, accompagn\u00e9 d&rsquo;une photo de lui exultant, bras \u00e9cart\u00e9s et pouces lev\u00e9s.<\/p>\n<p>L&rsquo;aboutissement de ces laborieuses discussions, d\u00e9but\u00e9es en mars, et marqu\u00e9es par un forcing ces derni\u00e8res 24H00, permettra aux deux parties de s&rsquo;\u00e9pargner un \u00ab\u00a0no deal\u00a0\u00bb aussi embarrassant sur le plan politique que dommageable au niveau \u00e9conomique.<\/p>\n<p>Les n\u00e9gociations \u00e9taient depuis lundi entre les mains d&rsquo;Ursula von der Leyen et du Premier ministre britannique Boris Johnson, qui ont \u00e9chang\u00e9 \u00e0 plusieurs reprises pour tenter de sortir de l&rsquo;impasse sur la p\u00eache, ultime point d&rsquo;achoppement des discussions.<\/p>\n<p>Malgr\u00e9 son faible poids \u00e9conomique, le secteur rev\u00eat une importance politique et sociale pour plusieurs Etats membres, dont la France, les Pays-Bas, le Danemark ou l&rsquo;Irlande. Mais les Britanniques, qui reprennent le contr\u00f4le de leurs eaux, en avaient fait le symbole de leur souverainet\u00e9 retrouv\u00e9e apr\u00e8s le divorce.<\/p>\n<h3>Accompagner les p\u00eacheurs<\/h3>\n<p>Les tractations se sont concentr\u00e9es sur le partage des quelque 650 millions d&rsquo;euros de produits p\u00each\u00e9s chaque ann\u00e9e par l&rsquo;UE dans les eaux britanniques et sur la dur\u00e9e de la p\u00e9riode d&rsquo;adaptation pour les p\u00eacheurs europ\u00e9ens.<\/p>\n<p>Le n\u00e9gociateur europ\u00e9en Michel Barnier a promis que l&rsquo;UE serait \u00ab\u00a0au c\u00f4t\u00e9 des p\u00eacheurs europ\u00e9ens pour les accompagner\u00a0\u00bb.<\/p>\n<p>Il a soulign\u00e9 qu&rsquo;il y aurait, malgr\u00e9 cet accord, \u00ab\u00a0de vrais changements\u00a0\u00bb au 1er janvier \u00ab\u00a0pour beaucoup de citoyens et d&rsquo;entreprises\u00a0\u00bb. \u00ab\u00a0C&rsquo;est la cons\u00e9quence du Brexit\u00a0\u00bb, a-t-il insist\u00e9.<\/p>\n<p>L&rsquo;accord entre la Commission europ\u00e9enne et le Royaume-Uni devra encore \u00eatre valid\u00e9 par les Etats membres, un processus qui devrait prendre plusieurs jours.<\/p>\n<p>Il reste en th\u00e9orie suffisamment de temps pour qu&rsquo;un \u00e9ventuel trait\u00e9 entre en application provisoire le 1er janvier, quand le Royaume-Uni, qui a officiellement quitt\u00e9 l&rsquo;UE le 31 janvier dernier, aura d\u00e9finitivement abandonn\u00e9 le march\u00e9 unique.<\/p>\n<p>Le texte, de pr\u00e8s de 2.000 pages, serait alors valid\u00e9 a posteriori par le Parlement europ\u00e9en.<\/p>\n<p>Sans accord, les \u00e9changes entre l&rsquo;UE et Londres auraient \u00e9t\u00e9 r\u00e9gis par les seules r\u00e8gles de l&rsquo;Organisation mondiale du commerce (OMC), synonymes de droits de douane, de quotas, ainsi que de formalit\u00e9s administratives susceptibles d&rsquo;entra\u00eener des embouteillages monstres et des retards de livraison.<\/p>\n<p>Un sc\u00e9nario noir pour le Royaume-Uni, d\u00e9j\u00e0 malmen\u00e9 par une variante plus virulente du coronavirus qui l&rsquo;a isol\u00e9 du reste du monde.<\/p>\n<p>Les autres sujets probl\u00e9matiques &#8211;la mani\u00e8re de r\u00e9gler les diff\u00e9rends et les mesures de protection contre toute concurrence d\u00e9loyale&#8211; avaient \u00e9t\u00e9 r\u00e9gl\u00e9s ces derniers jours.<\/p>\n<h3>\u00a0Accord \u00ab\u00a0bienvenu\u00a0\u00bb<\/h3>\n<p>La conclusion d&rsquo;un texte en \u00e0 peine dix mois &#8211;quatre ans et demi apr\u00e8s le r\u00e9f\u00e9rendum de juin 2016 sur le Brexit&#8211; constitue une prouesse pour Londres et Bruxelles, surtout pour un accord de cette envergure qui prend en g\u00e9n\u00e9ral des ann\u00e9es.<\/p>\n<p>Deux ans et demi avaient \u00e9t\u00e9 n\u00e9cessaires pour n\u00e9gocier le trait\u00e9 de retrait scellant le d\u00e9part britannique, conclu fin 2019, un texte fournissant une s\u00e9curit\u00e9 juridique aux expatri\u00e9s des deux c\u00f4t\u00e9s de la Manche et des garanties pour le maintien de la paix sur l&rsquo;\u00eele d&rsquo;Irlande.<\/p>\n<p>Le Premier ministre irlandais Micheal Martin, dont le pays aurait \u00e9t\u00e9 en premi\u00e8re ligne en cas de \u00ab\u00a0no deal\u00a0\u00bb, a d&rsquo;ailleurs salu\u00e9 un accord \u00ab\u00a0bienvenu\u00a0\u00bb.<\/p>\n<p>Avec cet accord, l&rsquo;UE offre \u00e0 son ancien Etat membre un acc\u00e8s in\u00e9dit sans droit de douane ni quota \u00e0 son immense march\u00e9 de 450 millions de consommateurs.<\/p>\n<p>Mais cette ouverture sera assortie de strictes conditions: les entreprises d&rsquo;outre-Manche devront respecter un certain nombre de r\u00e8gles \u00e9volutives au fil du temps en mati\u00e8re d&rsquo;environnement, de droit du travail et de fiscalit\u00e9 pour \u00e9viter tout dumping. Des garanties existent aussi en mati\u00e8re d&rsquo;aides d&rsquo;Etat.<\/p>\n<p>Un m\u00e9canisme permettra aux deux parties d&rsquo;activer rapidement des contre-mesures, comme des droits de douane, en cas de divergences sur ces normes.<\/p>\n<p>Sans accord, le Royaume-Uni aurait perdu beaucoup plus que l&rsquo;Europe: les Britanniques exportent 47% de leurs produits vers le continent, quand l&rsquo;UE n&rsquo;\u00e9coule que 8% de ses marchandises de l&rsquo;autre c\u00f4t\u00e9 de la Manche. (AFP)<\/p>\n","protected":false},"excerpt":{"rendered":"<p>Apr\u00e8s dix mois de n\u00e9gociations harassantes, l&rsquo;Union europ\u00e9enne et le Royaume-Uni ont annonc\u00e9 jeudi un accord historique sur leur future relation commerciale, qui leur permettra d&rsquo;\u00e9viter in extremis un \u00ab\u00a0no deal\u00a0\u00bb d\u00e9vastateur pour leurs \u00e9conomies en fin d&rsquo;ann\u00e9e. \u00ab\u00a0Cet accord prot\u00e9gera les int\u00e9r\u00eats europ\u00e9ens et cet accord est aussi, je le crois, dans l&rsquo;int\u00e9r\u00eat du [&hellip;]<\/p>\n","protected":false},"author":1,"featured_media":8713,"comment_status":"open","ping_status":"closed","sticky":false,"template":"","format":"standard","meta":{"footnotes":""},"categories":[1372],"tags":[652,514,1157,453],"class_list":["post-8712","post","type-post","status-publish","format-standard","has-post-thumbnail","hentry","category-monde","tag-boris-johnson","tag-brexit","tag-londres","tag-royaume-uni"],"aioseo_notices":[],"_links":{"self":[{"href":"https:\/\/www.culturalusa.com\/news\/wp-json\/wp\/v2\/posts\/8712","targetHints":{"allow":["GET"]}}],"collection":[{"href":"https:\/\/www.culturalusa.com\/news\/wp-json\/wp\/v2\/posts"}],"about":[{"href":"https:\/\/www.culturalusa.com\/news\/wp-json\/wp\/v2\/types\/post"}],"author":[{"embeddable":true,"href":"https:\/\/www.culturalusa.com\/news\/wp-json\/wp\/v2\/users\/1"}],"replies":[{"embeddable":true,"href":"https:\/\/www.culturalusa.com\/news\/wp-json\/wp\/v2\/comments?post=8712"}],"version-history":[{"count":0,"href":"https:\/\/www.culturalusa.com\/news\/wp-json\/wp\/v2\/posts\/8712\/revisions"}],"wp:featuredmedia":[{"embeddable":true,"href":"https:\/\/www.culturalusa.com\/news\/wp-json\/wp\/v2\/media\/8713"}],"wp:attachment":[{"href":"https:\/\/www.culturalusa.com\/news\/wp-json\/wp\/v2\/media?parent=8712"}],"wp:term":[{"taxonomy":"category","embeddable":true,"href":"https:\/\/www.culturalusa.com\/news\/wp-json\/wp\/v2\/categories?post=8712"},{"taxonomy":"post_tag","embeddable":true,"href":"https:\/\/www.culturalusa.com\/news\/wp-json\/wp\/v2\/tags?post=8712"}],"curies":[{"name":"wp","href":"https:\/\/api.w.org\/{rel}","templated":true}]}}