{"id":8715,"date":"2020-12-25T12:17:48","date_gmt":"2020-12-25T11:17:48","guid":{"rendered":"https:\/\/www.culturalusa.com\/news\/?p=8715"},"modified":"2020-12-25T12:25:56","modified_gmt":"2020-12-25T11:25:56","slug":"un-noel-intime-a-bethleem-en-quete-de-lumiere","status":"publish","type":"post","link":"https:\/\/www.culturalusa.com\/news\/actualite\/un-noel-intime-a-bethleem-en-quete-de-lumiere\/","title":{"rendered":"Un No\u00ebl intime \u00e0 Bethl\u00e9em, en qu\u00eate de \u00ab\u00a0lumi\u00e8re\u00a0\u00bb"},"content":{"rendered":"<p>Dans la Basilique de la Nativit\u00e9 de <span style=\"color: #800000;\"><strong>Bethl\u00e9em<\/strong><\/span>, <strong>coeur du monde chr\u00e9tien<\/strong> le soir de No\u00ebl, une poign\u00e9e de fid\u00e8les et de clercs ont c\u00e9l\u00e9br\u00e9 ensemble la messe de minuit, en cherchant un bout de \u00ab\u00a0lumi\u00e8re\u00a0\u00bb apr\u00e8s une ann\u00e9e de \u00ab\u00a0t\u00e9n\u00e8bres\u00a0\u00bb.<\/p>\n<p>La pand\u00e9mie de Covid-19 n&rsquo;aura peut-\u00eatre pas eu raison de la messe de No\u00ebl \u00e0 Bethl\u00e9em, ville palestinienne de naissance du <strong>Christ<\/strong> il y a plus de 2.000 ans selon la tradition, mais elle aura modifi\u00e9 des rites bien anciens.<\/p>\n<p>Dans la chapelle jouxtant la basilique, g\u00e9n\u00e9ralement bond\u00e9e le soir de No\u00ebl, les autorit\u00e9s cl\u00e9ricales n&rsquo;avaient donn\u00e9 acc\u00e8s qu&rsquo;\u00e0 quelques invit\u00e9s, et sur invitation, pour des c\u00e9l\u00e9brations tentant d&rsquo;incarner la pr\u00e9sence dans l&rsquo;absence.<\/p>\n<p>Absence certes du Christ, mais absence de touristes, de public local, voire du pr\u00e9sident palestinien Mahmoud Abbas qui, pour se pr\u00e9munir de toute contamination, est apparu dans un message vid\u00e9o projet\u00e9 sur les murs de Bethl\u00e9em.<\/p>\n<p>Dans la basilique, des bouts de papier \u00e9taient scotch\u00e9s \u00e0 intervalles r\u00e9guliers sur les bancs de bois lustr\u00e9s pour s\u00e9parer les fid\u00e8les; les quelques invit\u00e9s, dont l&rsquo;ambassadrice am\u00e9ricaine \u00e0 l&rsquo;ONU Kelly Craft et son armada de gardes du corps baraqu\u00e9s, avaient le visage barr\u00e9 de masques sanitaires.<\/p>\n<p>Et \u00ab\u00a0vous ne pouvez pas vous serrer la main, mais vous pouvez vous souhaiter la paix\u00a0\u00bb, a lanc\u00e9 le patriarche latin de J\u00e9rusalem Pierbattista Pizzaballa au moment des traditionnelles accolades entre voisins de bancs.<\/p>\n<blockquote><p>\u00ab\u00a0Le peuple qui marchait dans les t\u00e9n\u00e8bres a vu se lever une grande lumi\u00e8re ; et sur les habitants du pays de l\u2019ombre, une lumi\u00e8re a resplendi\u00a0\u00bb, a-t-il entam\u00e9 son hom\u00e9lie en citant le livre d&rsquo;Isa\u00efe.<\/p><\/blockquote>\n<p>Avant d&rsquo;encha\u00eener: \u00ab\u00a0<strong>tout le monde se sent dans l&rsquo;obscurit\u00e9, fatigu\u00e9, \u00e9puis\u00e9, oppress\u00e9 par le poids de cette pand\u00e9mie qui a pris en otage nos vies<\/strong>\u00ab\u00a0.<\/p>\n<h3>La chaleur du choeur<\/h3>\n<p>Dans ce monde de distanciation physique, de froideur, le choeur et l&rsquo;orgue ont insuffl\u00e9 une chaleur \u00e0 une basilique trop grande pour ses quelques fid\u00e8les et clercs qui ont toutefois eu l&rsquo;impression de vivre un moment \u00e9trangement singulier.<\/p>\n<p>\u00ab\u00a0C&rsquo;est une exp\u00e9rience unique parce comme personne religieuse notre mod\u00e8le c&rsquo;est le <strong>J\u00e9sus Christ<\/strong> (&#8230;) Prier ici sur le lieu de la naissance du Christ, c&rsquo;est comme prier dans le lieu de la base de notre vie religieuse\u00a0\u00bb, s&rsquo;est extasi\u00e9 le fr\u00e8re Fabrice, originaire du Congo-Brazzaville.<\/p>\n<p>A l&rsquo;ext\u00e9rieur de la basilique, les lumi\u00e8res d&rsquo;un immense sapin de No\u00ebl se refl\u00e9taient sur les pierres de la place de la Nativit\u00e9 esseul\u00e9e.<\/p>\n<p>Si l&rsquo;an dernier encore des milliers de personnes c\u00e9l\u00e9braient No\u00ebl sur la place, cette ann\u00e9e les lieux \u00e9taient quasi abandonn\u00e9s, et les restaurants avaient d\u00e9j\u00e0 rabattu leurs rideaux de fer \u00e0 la mi-soir\u00e9e.<\/p>\n<p>Saef Manasa, 22 ans, un ouvrier du b\u00e2timent, d\u00e9ambulait sur la place avec ses potes. \u00ab\u00a0Je suis musulman mais j&rsquo;aime beaucoup les chr\u00e9tiens et No\u00ebl \u00e7a nous permet de c\u00e9l\u00e9brer ensemble\u00a0\u00bb, dit-il.<\/p>\n<p>\u00ab\u00a0Nous vivons dans un monde de pluralit\u00e9\u00a0\u00bb, a d&rsquo;ailleurs rappel\u00e9 le patriarche dans cette messe en arabe, allemand, latin, anglais, h\u00e9breu&#8230;<\/p>\n<p>Apr\u00e8s les classiques \u00ab\u00a0Adeste Fideles\u00a0\u00bb, \u00ab\u00a0Gloria excelcis deo\u00a0\u00bb, le patriarche, les p\u00e8res, les fr\u00e8res ont men\u00e9 une procession avec un J\u00e9sus de porcelaine jusque dans la grotte de la Nativit\u00e9, lieu du \u00ab\u00a0miracle\u00a0\u00bb de l&rsquo;incarnation.<\/p>\n<p>Mais un autre \u00ab\u00a0miracle\u00a0\u00bb, hautement moins m\u00e9taphysique, a envelopp\u00e9 cette messe unique: comment des chanteurs au visage recouvert de masque sanitaire ont-ils pu d\u00e9gager une telle puissance vocale? (AFP)<\/p>\n","protected":false},"excerpt":{"rendered":"<p>Dans la Basilique de la Nativit\u00e9 de Bethl\u00e9em, coeur du monde chr\u00e9tien le soir de No\u00ebl, une poign\u00e9e de fid\u00e8les et de clercs ont c\u00e9l\u00e9br\u00e9 ensemble la messe de minuit, en cherchant un bout de \u00ab\u00a0lumi\u00e8re\u00a0\u00bb apr\u00e8s une ann\u00e9e de \u00ab\u00a0t\u00e9n\u00e8bres\u00a0\u00bb. La pand\u00e9mie de Covid-19 n&rsquo;aura peut-\u00eatre pas eu raison de la messe de No\u00ebl [&hellip;]<\/p>\n","protected":false},"author":1,"featured_media":8716,"comment_status":"open","ping_status":"closed","sticky":false,"template":"","format":"standard","meta":{"footnotes":""},"categories":[30],"tags":[1139,1386,1533],"class_list":["post-8715","post","type-post","status-publish","format-standard","has-post-thumbnail","hentry","category-actualite","tag-bethleem","tag-chretiens","tag-jesus-christ"],"aioseo_notices":[],"_links":{"self":[{"href":"https:\/\/www.culturalusa.com\/news\/wp-json\/wp\/v2\/posts\/8715","targetHints":{"allow":["GET"]}}],"collection":[{"href":"https:\/\/www.culturalusa.com\/news\/wp-json\/wp\/v2\/posts"}],"about":[{"href":"https:\/\/www.culturalusa.com\/news\/wp-json\/wp\/v2\/types\/post"}],"author":[{"embeddable":true,"href":"https:\/\/www.culturalusa.com\/news\/wp-json\/wp\/v2\/users\/1"}],"replies":[{"embeddable":true,"href":"https:\/\/www.culturalusa.com\/news\/wp-json\/wp\/v2\/comments?post=8715"}],"version-history":[{"count":0,"href":"https:\/\/www.culturalusa.com\/news\/wp-json\/wp\/v2\/posts\/8715\/revisions"}],"wp:featuredmedia":[{"embeddable":true,"href":"https:\/\/www.culturalusa.com\/news\/wp-json\/wp\/v2\/media\/8716"}],"wp:attachment":[{"href":"https:\/\/www.culturalusa.com\/news\/wp-json\/wp\/v2\/media?parent=8715"}],"wp:term":[{"taxonomy":"category","embeddable":true,"href":"https:\/\/www.culturalusa.com\/news\/wp-json\/wp\/v2\/categories?post=8715"},{"taxonomy":"post_tag","embeddable":true,"href":"https:\/\/www.culturalusa.com\/news\/wp-json\/wp\/v2\/tags?post=8715"}],"curies":[{"name":"wp","href":"https:\/\/api.w.org\/{rel}","templated":true}]}}