{"id":8735,"date":"2020-12-29T02:46:54","date_gmt":"2020-12-29T01:46:54","guid":{"rendered":"https:\/\/www.culturalusa.com\/news\/?p=8735"},"modified":"2020-12-29T02:49:39","modified_gmt":"2020-12-29T01:49:39","slug":"coronavirus-nouvel-an-nouveau-confinement-en-france","status":"publish","type":"post","link":"https:\/\/www.culturalusa.com\/news\/actualite\/coronavirus-nouvel-an-nouveau-confinement-en-france\/","title":{"rendered":"CoronaVirus: nouvel An, nouveau confinement en France?"},"content":{"rendered":"<p>Malgr\u00e9 les espoirs que fait na\u00eetre le d\u00e9but de la campagne de vaccination contre le Covid-19, <strong>les Fran\u00e7ais finissent l&rsquo;ann\u00e9e sous la menace d&rsquo;un possible nouveau confinement<\/strong>, qui pourrait \u00eatre local selon certains \u00e9lus.<\/p>\n<p>Tr\u00e8s inqui\u00e9tante par endroits, la situation sanitaire motive la tenue d&rsquo;un conseil de d\u00e9fense mardi, a annonc\u00e9 l&rsquo;Elys\u00e9e \u00e0 l&rsquo;AFP. On ne sait pas encore si de nouvelles mesures y seront d\u00e9cid\u00e9es, mais des \u00e9lus locaux ont d\u00e9j\u00e0 leur id\u00e9e.<\/p>\n<p>Dans le Grand Est, r\u00e9gion particuli\u00e8rement touch\u00e9e, un reconfinement local est \u00ab\u00a0une perspective aujourd&rsquo;hui in\u00e9luctable\u00a0\u00bb, a jug\u00e9 le maire (PS) de Nancy, Mathieu Klein, tout en laissant \u00e0 l&rsquo;Etat le soin d&rsquo;en fixer le p\u00e9rim\u00e8tre, qui pourrait selon lui \u00eatre la r\u00e9gion ou la m\u00e9tropole.<\/p>\n<p>\u00ab\u00a0Ici dans le Grand Est, et particuli\u00e8rement en Lorraine et \u00e0 Nancy (&#8230;) la circulation du virus s&rsquo;est acc\u00e9l\u00e9r\u00e9e fortement depuis quinze jours, trois semaines\u00a0\u00bb, a-t-il soulign\u00e9 sur Franceinfo, en se disant \u00ab\u00a0tr\u00e8s inquiet\u00a0\u00bb de la situation \u00ab\u00a0tr\u00e8s tendue\u00a0\u00bb \u00e0 l&rsquo;h\u00f4pital.<\/p>\n<p><strong>Sur les sept derniers jours, on a d\u00e9tect\u00e9 en moyenne 12.000 nouveaux cas quotidiens de contamination en France, loin de l&rsquo;objectif des 5.000 fix\u00e9 par le gouvernement<\/strong>. Si on rapporte les cas \u00e0 la population, l&rsquo;Est du pays est particuli\u00e8rement touch\u00e9, \u00e0 commencer par la r\u00e9gion Grand Est, la Bourgogne-Franche-Comt\u00e9 ou le d\u00e9partement des Alpes-Maritimes.<\/p>\n<p>\u00ab\u00a0La croyance qu&rsquo;une r\u00e9gion tr\u00e8s touch\u00e9e ne le serait pas \u00e0 nouveau a bien pris du plomb dans l&rsquo;aile\u00a0\u00bb, a comment\u00e9 lundi sur Twitter l&rsquo;\u00e9pid\u00e9miologiste Dominique Costagliola, alors que la r\u00e9gion Grand Est avait d\u00e9j\u00e0 beaucoup souffert au printemps.<\/p>\n<h3>\u00ab\u00a0Entre nos mains\u00a0\u00bb<\/h3>\n<p>Les professionnels de sant\u00e9 redoutent que cette d\u00e9gradation ne s&rsquo;accentue \u00e0 cause des brassages des vacances de No\u00ebl.<\/p>\n<p><strong>Si le couvre-feu avait \u00e9t\u00e9 exceptionnellement lev\u00e9 pour le 24 d\u00e9cembre, il sera en vigueur pour le r\u00e9veillon du Nouvel An jeudi, et les autorit\u00e9s sanitaires en appellent \u00e0 la responsabilit\u00e9 des Fran\u00e7ais pour limiter leurs contacts.<\/strong><\/p>\n<p>Mais si la situation \u00e9pid\u00e9mique \u00ab\u00a0devait s&rsquo;aggraver\u00a0\u00bb, un troisi\u00e8me confinement ne serait pas exclu, a pr\u00e9venu le ministre de la Sant\u00e9, Olivier V\u00e9ran.<\/p>\n<p>La France a d\u00e9j\u00e0 \u00e9t\u00e9 confin\u00e9e de fa\u00e7on radicale de mars \u00e0 mai, puis selon des modalit\u00e9s plus l\u00e9g\u00e8res du 30 octobre au 14 d\u00e9cembre, le confinement \u00e9tant depuis remplac\u00e9 par un couvre-feu nocturne.<\/p>\n<p>\u00ab\u00a0En septembre, il y avait une sorte de +tout sauf le confinement+ qui a fait qu&rsquo;on a laiss\u00e9 monter quelque temps l&rsquo;\u00e9pid\u00e9mie\u00a0\u00bb, a estim\u00e9 le directeur g\u00e9n\u00e9ral de l&rsquo;AP-HP (h\u00f4pitaux de Paris), Martin Hirsch, lundi sur Franceinfo.<\/p>\n<p>\u00ab\u00a0L\u00e0 on dit aux Fran\u00e7ais +le sort est entre nos mains+: soit on fait que le plateau reparte en baisse et dans ce cas, il n&rsquo;y aura pas besoin de reconfiner, soit le plateau remonte et ce sera peut-\u00eatre n\u00e9cessaire de le faire plut\u00f4t que d&rsquo;attendre qu&rsquo;on soit remont\u00e9 \u00e0 des situations de tension difficiles \u00e0 supporter\u00a0\u00bb.<\/p>\n<h3>\u00ab\u00a0Derni\u00e8re extr\u00e9mit\u00e9\u00a0\u00bb<\/h3>\n<p>De quoi inqui\u00e9ter un secteur \u00e9conomique d\u00e9j\u00e0 mis \u00e0 genoux par les pr\u00e9c\u00e9dentes mesures.<\/p>\n<blockquote><p>La Conf\u00e9d\u00e9ration des petites et moyennes entreprises (CPME) a d&rsquo;ailleurs appel\u00e9 dimanche \u00e0 \u00ab\u00a0ne pas banaliser le confinement\u00a0\u00bb: il \u00ab\u00a0doit \u00eatre la derni\u00e8re extr\u00e9mit\u00e9 pour mettre fin \u00e0 une situation incontr\u00f4lable, et non une simple hypoth\u00e8se parmi d&rsquo;autres\u00a0\u00bb.<\/p><\/blockquote>\n<p>Dans ce tableau globalement sombre, le d\u00e9but de la vaccination en France et en Europe dimanche a apport\u00e9 une touche d&rsquo;espoir. Les autorit\u00e9s esp\u00e8rent qu&rsquo;elle mettra fin \u00e0 l&rsquo;\u00e9pid\u00e9mie courant 2021.<\/p>\n<p>Apr\u00e8s le coup d&rsquo;envoi dans deux structures hospitali\u00e8res pour personnes \u00e2g\u00e9es \u00e0 Sevran (banlieue parisienne) puis Dijon, la campagne de vaccination se poursuit lundi dans un Ehpad d&rsquo;Indre-et-Loire et un autre \u00e0 Lille.<\/p>\n<p>Dans un premier temps, seuls les pensionnaires de ces \u00e9tablissements pour seniors sont concern\u00e9s.<\/p>\n<p>\u00ab\u00a0Pour les personnes \u00e2g\u00e9es, le b\u00e9n\u00e9fice est tellement majeur que tr\u00e8s vite l&rsquo;adh\u00e9sion va se faire petit \u00e0 petit\u00a0\u00bb, a pr\u00e9dit la pr\u00e9sidente de la Haute autorit\u00e9 de sant\u00e9 (HAS), Dominique Le Guludec, sur France Inter. \u00ab\u00a0Il n&rsquo;y a pas d&rsquo;effets secondaires s\u00e9v\u00e8res\u00a0\u00bb, et \u00ab\u00a0donc le b\u00e9n\u00e9fice sera tr\u00e8s vite apparent\u00a0\u00bb, a-t-elle ajout\u00e9.<\/p>\n<p>De son c\u00f4t\u00e9, l&rsquo;agence sanitaire Sant\u00e9 publique France a annonc\u00e9 la mise en place d'\u00a0\u00bbindicateurs de suivi\u00a0\u00bb pour \u00e9valuer la proportion de personnes vaccin\u00e9es et l&rsquo;efficacit\u00e9 du vaccin. (AFP)<\/p>\n","protected":false},"excerpt":{"rendered":"<p>Malgr\u00e9 les espoirs que fait na\u00eetre le d\u00e9but de la campagne de vaccination contre le Covid-19, les Fran\u00e7ais finissent l&rsquo;ann\u00e9e sous la menace d&rsquo;un possible nouveau confinement, qui pourrait \u00eatre local selon certains \u00e9lus. Tr\u00e8s inqui\u00e9tante par endroits, la situation sanitaire motive la tenue d&rsquo;un conseil de d\u00e9fense mardi, a annonc\u00e9 l&rsquo;Elys\u00e9e \u00e0 l&rsquo;AFP. On [&hellip;]<\/p>\n","protected":false},"author":1,"featured_media":8736,"comment_status":"open","ping_status":"closed","sticky":false,"template":"","format":"standard","meta":{"footnotes":""},"categories":[30],"tags":[1242,1180],"class_list":["post-8735","post","type-post","status-publish","format-standard","has-post-thumbnail","hentry","category-actualite","tag-confinement-france","tag-coronavirus"],"aioseo_notices":[],"_links":{"self":[{"href":"https:\/\/www.culturalusa.com\/news\/wp-json\/wp\/v2\/posts\/8735","targetHints":{"allow":["GET"]}}],"collection":[{"href":"https:\/\/www.culturalusa.com\/news\/wp-json\/wp\/v2\/posts"}],"about":[{"href":"https:\/\/www.culturalusa.com\/news\/wp-json\/wp\/v2\/types\/post"}],"author":[{"embeddable":true,"href":"https:\/\/www.culturalusa.com\/news\/wp-json\/wp\/v2\/users\/1"}],"replies":[{"embeddable":true,"href":"https:\/\/www.culturalusa.com\/news\/wp-json\/wp\/v2\/comments?post=8735"}],"version-history":[{"count":0,"href":"https:\/\/www.culturalusa.com\/news\/wp-json\/wp\/v2\/posts\/8735\/revisions"}],"wp:featuredmedia":[{"embeddable":true,"href":"https:\/\/www.culturalusa.com\/news\/wp-json\/wp\/v2\/media\/8736"}],"wp:attachment":[{"href":"https:\/\/www.culturalusa.com\/news\/wp-json\/wp\/v2\/media?parent=8735"}],"wp:term":[{"taxonomy":"category","embeddable":true,"href":"https:\/\/www.culturalusa.com\/news\/wp-json\/wp\/v2\/categories?post=8735"},{"taxonomy":"post_tag","embeddable":true,"href":"https:\/\/www.culturalusa.com\/news\/wp-json\/wp\/v2\/tags?post=8735"}],"curies":[{"name":"wp","href":"https:\/\/api.w.org\/{rel}","templated":true}]}}