{"id":8746,"date":"2020-12-30T11:23:47","date_gmt":"2020-12-30T10:23:47","guid":{"rendered":"https:\/\/www.culturalusa.com\/news\/?p=8746"},"modified":"2020-12-30T11:27:54","modified_gmt":"2020-12-30T10:27:54","slug":"coronavirus-des-politiques-critiquent-la-lenteur-de-la-campagne-de-vaccination","status":"publish","type":"post","link":"https:\/\/www.culturalusa.com\/news\/politique\/coronavirus-des-politiques-critiquent-la-lenteur-de-la-campagne-de-vaccination\/","title":{"rendered":"CoronaVirus: des politiques critiquent la lenteur de la campagne de vaccination"},"content":{"rendered":"<p>Covid-19: <strong>des voix s&rsquo;\u00e9l\u00e8vent \u00e0 droite, au centre et \u00e0 gauche<\/strong> pour critiquer la lenteur du d\u00e9but de la <strong>campagne de vaccination<\/strong> contre le Covid-19 en France, strat\u00e9gie toutefois assum\u00e9e par le gouvernement.<\/p>\n<blockquote><p>\u00ab\u00a0Soit on pense que le vaccin doit \u00eatre diffus\u00e9, soit on pense qu&rsquo;il ne doit pas l&rsquo;\u00eatre\u00a0\u00bb, mais \u00e0 partir du moment o\u00f9 il est autoris\u00e9, \u00ab\u00a0on pourrait peut-\u00eatre acc\u00e9l\u00e9rer un peu\u00a0\u00bb pour \u00ab\u00a0sauver des vies\u00a0\u00bb et \u00ab\u00a0retrouver une vie normale\u00a0\u00bb, a critiqu\u00e9 le pr\u00e9sident de l&rsquo;UDI Jean-Christophe Lagarde sur RMC.<\/p><\/blockquote>\n<p><strong>\u00ab\u00a0L&rsquo;Allemagne est d\u00e9j\u00e0 \u00e0 plus de 42.000 vaccin\u00e9s, le Royaume-Uni \u00e0 900.000 et la France \u00e0 moins de 200 !<\/strong> Apr\u00e8s les masques, les tests et l&rsquo;isolement, un nouvel \u00e9chec serait terrible\u00a0\u00bb, a alert\u00e9 le patron des s\u00e9nateurs LR Bruno Retailleau sur Twitter en demandant au gouvernement de \u00ab\u00a0rendre public le calendrier de vaccination des Ehpad par d\u00e9partement\u00a0\u00bb.<\/p>\n<p>Le d\u00e9put\u00e9 LR Eric Ciotti a d\u00e9plor\u00e9 une \u00ab\u00a0anticipation toujours d\u00e9ficiente\u00a0\u00bb de la part du gouvernement.<\/p>\n<p>A gauche, le s\u00e9nateur PS Rachid Temal a fait le constat sur Twitter du \u00ab\u00a0triple \u00e9chec du pouvoir en place: un gouvernement incapable de travailler dans la transparence, le retard fran\u00e7ais dans la vaccination est r\u00e9el et impressionnant, le sentiment anti-vaccin ne faiblit pas\u00a0\u00bb.<\/p>\n<blockquote><p>Selon un sondage Ipsos Global Advisor\/Forum \u00e9conomique mondial publi\u00e9 mardi, la France est la \u00ab\u00a0championne du monde\u00a0\u00bb des pays r\u00e9fractaires: seuls 4 Fran\u00e7ais sur 10 accepteraient de se faire vacciner contre le Covid.<\/p><\/blockquote>\n<p>Pour le d\u00e9put\u00e9 LFI Alexis Corbi\u00e8re, \u00ab\u00a0le vaccin \u00e0 ce stade n&rsquo;est qu&rsquo;un \u00e9l\u00e9ment de strat\u00e9gie pour faire reculer le virus\u00a0\u00bb et \u00ab\u00a0si on veut que les gens acceptent d&rsquo;\u00eatre vaccin\u00e9s, il faut r\u00e9pondre (aux) questions (&#8230;) l\u00e9gitimes\u00a0\u00bb qu&rsquo;ils se posent, a-t-il estim\u00e9 sur franceinfo.<\/p>\n<p>Sur les trois premi\u00e8res journ\u00e9es de la campagne de vaccination lanc\u00e9e dimanche en Europe, moins de cent personnes ont \u00e9t\u00e9 vaccin\u00e9es en France, alors que l&rsquo;objectif est d&rsquo;arriver \u00e0 un million d&rsquo;ici la fin f\u00e9vrier.<\/p>\n<p><strong>\u00ab\u00a0On n&rsquo;est pas parti pour un 100 m\u00e8tres mais pour un marathon\u00a0\u00bb et une \u00ab\u00a0mont\u00e9e en puissance\u00a0\u00bb, se d\u00e9fend-on au minist\u00e8re de la Sant\u00e9<\/strong>. \u00ab\u00a0Face \u00e0 un tr\u00e8s fort scepticisme dans la population fran\u00e7aise, nous avons fait le choix de prendre le temps n\u00e9cessaire pour installer cette vaccination\u00a0\u00bb, avec notamment des consultations longues pour expliquer son bien-fond\u00e9, explique-t-on, en se d\u00e9fendant de tout \u00ab\u00a0probl\u00e8me d&rsquo;approvisionnement\u00a0\u00bb.<\/p>\n<p>Le ministre de la Sant\u00e9 Olivier V\u00e9ran a dit mardi soir sur France 2 que \u00ab\u00a0cet \u00e9cart dans le d\u00e9marrage est assum\u00e9\u00a0\u00bb.<\/p>\n<p>\u00ab\u00a0Quand Olivier V\u00e9ran explique que c&rsquo;est une strat\u00e9gie r\u00e9fl\u00e9chie, \u00e7a ne trompe personne. Tout le monde sait que ce n&rsquo;est pas vrai, c&rsquo;est parce que nous ne sommes pas pr\u00eats\u00a0\u00bb, a r\u00e9pliqu\u00e9 sur Cnews Philippe Juvin, chef du service des urgences de l&rsquo;h\u00f4pital europ\u00e9en Georges-Pompidou et maire LR de La Garenne-Colombes (Hauts-de-Seine), ajoutant que \u00ab\u00a0les Fran\u00e7ais comprennent qu&rsquo;on est en train de les tromper\u00a0\u00bb. (AFP)<\/p>\n","protected":false},"excerpt":{"rendered":"<p>Covid-19: des voix s&rsquo;\u00e9l\u00e8vent \u00e0 droite, au centre et \u00e0 gauche pour critiquer la lenteur du d\u00e9but de la campagne de vaccination contre le Covid-19 en France, strat\u00e9gie toutefois assum\u00e9e par le gouvernement. \u00ab\u00a0Soit on pense que le vaccin doit \u00eatre diffus\u00e9, soit on pense qu&rsquo;il ne doit pas l&rsquo;\u00eatre\u00a0\u00bb, mais \u00e0 partir du moment [&hellip;]<\/p>\n","protected":false},"author":1,"featured_media":8148,"comment_status":"open","ping_status":"closed","sticky":false,"template":"","format":"standard","meta":{"footnotes":""},"categories":[1494],"tags":[1543,1214,1269,1349],"class_list":["post-8746","post","type-post","status-publish","format-standard","has-post-thumbnail","hentry","category-politique","tag-campagne-de-vaccination","tag-covid-19","tag-vaccin-anti-covid-19","tag-vaccination"],"aioseo_notices":[],"_links":{"self":[{"href":"https:\/\/www.culturalusa.com\/news\/wp-json\/wp\/v2\/posts\/8746","targetHints":{"allow":["GET"]}}],"collection":[{"href":"https:\/\/www.culturalusa.com\/news\/wp-json\/wp\/v2\/posts"}],"about":[{"href":"https:\/\/www.culturalusa.com\/news\/wp-json\/wp\/v2\/types\/post"}],"author":[{"embeddable":true,"href":"https:\/\/www.culturalusa.com\/news\/wp-json\/wp\/v2\/users\/1"}],"replies":[{"embeddable":true,"href":"https:\/\/www.culturalusa.com\/news\/wp-json\/wp\/v2\/comments?post=8746"}],"version-history":[{"count":0,"href":"https:\/\/www.culturalusa.com\/news\/wp-json\/wp\/v2\/posts\/8746\/revisions"}],"wp:featuredmedia":[{"embeddable":true,"href":"https:\/\/www.culturalusa.com\/news\/wp-json\/wp\/v2\/media\/8148"}],"wp:attachment":[{"href":"https:\/\/www.culturalusa.com\/news\/wp-json\/wp\/v2\/media?parent=8746"}],"wp:term":[{"taxonomy":"category","embeddable":true,"href":"https:\/\/www.culturalusa.com\/news\/wp-json\/wp\/v2\/categories?post=8746"},{"taxonomy":"post_tag","embeddable":true,"href":"https:\/\/www.culturalusa.com\/news\/wp-json\/wp\/v2\/tags?post=8746"}],"curies":[{"name":"wp","href":"https:\/\/api.w.org\/{rel}","templated":true}]}}