{"id":8782,"date":"2021-01-05T19:20:45","date_gmt":"2021-01-05T18:20:45","guid":{"rendered":"https:\/\/www.culturalusa.com\/news\/?p=8782"},"modified":"2021-01-05T19:27:02","modified_gmt":"2021-01-05T18:27:02","slug":"vaccination-le-gouvernement-rame-pour-atteindre-un-rythme-de-croisiere","status":"publish","type":"post","link":"https:\/\/www.culturalusa.com\/news\/actualite\/vaccination-le-gouvernement-rame-pour-atteindre-un-rythme-de-croisiere\/","title":{"rendered":"Vaccination: le gouvernement rame pour atteindre un \u00ab\u00a0rythme de croisi\u00e8re\u00a0\u00bb"},"content":{"rendered":"<p>Covid-19: d\u00e9but de la vaccination des plus de 75 ans hors Ehpad avant fin janvier, inscription prochaine des Fran\u00e7ais qui le souhaitent: <strong>accabl\u00e9 de critiques, le gouvernement a promis mardi d&rsquo;amplifier, acc\u00e9l\u00e9rer et simplifier<\/strong> sa strat\u00e9gie vaccinale contre le Covid-19.<\/p>\n<blockquote><p>\u00ab\u00a0Le rythme de croisi\u00e8re de la vaccination en France va rejoindre celui de nos voisins dans les prochains jours\u00a0\u00bb, a assur\u00e9 sur RTL le ministre de la Sant\u00e9, Olivier V\u00e9ran.<\/p><\/blockquote>\n<p>\u00ab\u00a0On a d\u00e9pass\u00e9 les 2.000 vaccinations hier, d&rsquo;ici jeudi on va augmenter encore de fa\u00e7on tr\u00e8s importante, on va \u00eatre sur une courbe exponentielle\u00a0\u00bb, a-t-il ajout\u00e9.<\/p>\n<p>Si ce chiffre a selon lui \u00e9t\u00e9 multipli\u00e9 \u00ab\u00a0par 50\u00a0\u00bb par rapport \u00e0 la semaine derni\u00e8re, il reste tr\u00e8s en dessous d&rsquo;autres grands pays, comme l&rsquo;Allemagne ou le Royaume-Uni. Ce qui vaut au gouvernement des critiques nourries depuis une semaine, qui le poussent \u00e0 acc\u00e9l\u00e9rer.<\/p>\n<blockquote><p>\u00ab\u00a0Avant la fin du mois de janvier, nous autoriserons la vaccination des personnes \u00e2g\u00e9es de 75 ans et plus qui ne sont pas en \u00e9tablissement, qui sont en ville, \u00e0 la maison\u00a0\u00bb, a d\u00e9taill\u00e9 Olivier V\u00e9ran, alors que la campagne concerne pour l&rsquo;instant uniquement les Ehpad (r\u00e9sidences pour personnes \u00e2g\u00e9es) et les soignants d&rsquo;au moins 50 ans.<\/p><\/blockquote>\n<p>\u00ab\u00a0<strong>\u00c7a fait 5 millions de personnes<\/strong>\u00ab\u00a0, a dit le ministre, tout en conc\u00e9dant que \u00ab\u00a0ce sera progressif\u00a0\u00bb: \u00ab\u00a0\u00e7a prendra plusieurs semaines, plusieurs mois peut-\u00eatre\u00a0\u00bb, a-t-il pr\u00e9cis\u00e9, en annon\u00e7ant \u00e9galement l&rsquo;\u00e9largissement aux pompiers et aides \u00e0 domicile de plus de 50 ans.<\/p>\n<p>De plus, le gouvernement va permettre \u00ab\u00a0dans les prochains jours\u00a0\u00bb aux Fran\u00e7ais qui souhaitent \u00eatre vaccin\u00e9s de s&rsquo;inscrire pour prendre rendez-vous. Le ministre donnera davantage de d\u00e9tails jeudi lors d&rsquo;une conf\u00e9rence de presse avec le Premier ministre Jean Castex.<\/p>\n<h3>\u00a0Consultation simplifi\u00e9e ?<\/h3>\n<p>D&rsquo;ici mercredi apr\u00e8s-midi, \u00ab\u00a0nous aurons cumul\u00e9 au total un million de doses\u00a0\u00bb disponibles, a ajout\u00e9 M. V\u00e9ran.<\/p>\n<blockquote><p>La France dispose pour l&rsquo;instant de \u00ab\u00a0500.000 doses par semaine\u00a0\u00bb du premier vaccin autoris\u00e9 en Europe, celui de Pfizer\/BioNTech. Elle aura en plus \u00ab\u00a0500.000 doses par mois\u00a0\u00bb de celui de Moderna, qui pourrait recevoir l&rsquo;aval de l&rsquo;agence europ\u00e9enne du m\u00e9dicament mercredi.<\/p><\/blockquote>\n<p>Ces derniers jours, l&rsquo;opposition a pilonn\u00e9 le gouvernement, en l&rsquo;accusant d&rsquo;avoir adopt\u00e9 une strat\u00e9gie de vaccination trop prudente et trop lente.<\/p>\n<p>Dans des propos rapport\u00e9s par le JDD, le pr\u00e9sident Emmanuel Macron lui-m\u00eame a critiqu\u00e9 le \u00ab\u00a0rythme de promenade en famille\u00a0\u00bb de la campagne d\u00e9marr\u00e9e le 27 d\u00e9cembre. Un \u00ab\u00a0scandale d&rsquo;Etat\u00a0\u00bb, a estim\u00e9 lundi le pr\u00e9sident de la r\u00e9gion Grand Est, Jean Rottner (LR).<\/p>\n<p>De son c\u00f4t\u00e9, le patron des d\u00e9put\u00e9s LR Damien Abad pousse \u00e0 \u00ab\u00a0all\u00e9ger le protocole de vaccination\u00a0\u00bb et a demand\u00e9 un nouveau d\u00e9bat au Parlement, cette fois \u00ab\u00a0avec un vote\u00a0\u00bb.<\/p>\n<p>Au centre des critiques notamment, la consultation destin\u00e9e \u00e0 recueillir le consentement plusieurs jours avant la vaccination, accus\u00e9e de ralentir le processus.<\/p>\n<p>\u00ab\u00a0Nous allons simplifier cette consultation\u00a0\u00bb, a assur\u00e9 M. V\u00e9ran, selon qui \u00ab\u00a0il n&rsquo;a jamais \u00e9t\u00e9 \u00e9crit nulle part qu&rsquo;il faut une consultation 5 jours avant\u00a0\u00bb.<\/p>\n<h3>Inqui\u00e9tants variants<\/h3>\n<p>En attendant que la vaccination monte en puissance, l&rsquo;\u00e9pid\u00e9mie se poursuit.<\/p>\n<p>Lundi soir, Sant\u00e9 publique France a annonc\u00e9 380 morts sur les derni\u00e8res 24 heures, portant le bilan total \u00e0 65.415 d\u00e9c\u00e8s depuis le d\u00e9but de l&rsquo;\u00e9pid\u00e9mie. Le nombre de patients Covid hospitalis\u00e9s s&rsquo;\u00e9l\u00e8ve \u00e0 24.962, au plus haut depuis le 21 d\u00e9cembre.<\/p>\n<p>De quoi an\u00e9antir les espoirs de r\u00e9ouverture des bars et des restaurants au 20 janvier, comme l&rsquo;avait envisag\u00e9 le gouvernement, alors que les lieux culturels ont d\u00e9j\u00e0 d\u00fb faire leur deuil \u00e0 la rentr\u00e9e.<\/p>\n<p>Face \u00e0 ces incertitudes, quatre organisations du secteur de la restauration seront re\u00e7ues \u00e0 15H00 \u00e0 Bercy par le ministre de l&rsquo;\u00e9conomie.<\/p>\n<p>\u00ab\u00a0Nous sommes sur un plateau (&#8230;) suffisamment \u00e9lev\u00e9 pour nous faire dire que nous ne pouvons pas rel\u00e2cher les contraintes\u00a0\u00bb, a d&rsquo;ores et d\u00e9j\u00e0 pr\u00e9venu le ministre de la Sant\u00e9.<\/p>\n<p>D&rsquo;autant que l&rsquo;\u00e9mergence de nouveaux variants vraisemblablement plus contagieux au Royaume-Uni et en Afrique du Sud fait craindre un rebond encore plus fort.<\/p>\n<p>\u00ab\u00a0Une dizaine de cas suspect\u00e9s ou av\u00e9r\u00e9s\u00a0\u00bb du variant britannique ont pour l&rsquo;instant \u00e9t\u00e9 rep\u00e9r\u00e9s en France, selon M. V\u00e9ran, qui surveille \u00ab\u00a0cela comme le lait sur le feu\u00a0\u00bb.<\/p>\n<p>L&rsquo;Angleterre et l&rsquo;Ecosse ont annonc\u00e9 lundi leur reconfinement total face \u00e0 l&rsquo;envol\u00e9e de l&rsquo;\u00e9pid\u00e9mie, attribu\u00e9e \u00e0 ce nouveau variant. (AFP)<\/p>\n","protected":false},"excerpt":{"rendered":"<p>Covid-19: d\u00e9but de la vaccination des plus de 75 ans hors Ehpad avant fin janvier, inscription prochaine des Fran\u00e7ais qui le souhaitent: accabl\u00e9 de critiques, le gouvernement a promis mardi d&rsquo;amplifier, acc\u00e9l\u00e9rer et simplifier sa strat\u00e9gie vaccinale contre le Covid-19. \u00ab\u00a0Le rythme de croisi\u00e8re de la vaccination en France va rejoindre celui de nos voisins [&hellip;]<\/p>\n","protected":false},"author":1,"featured_media":8783,"comment_status":"open","ping_status":"closed","sticky":false,"template":"","format":"standard","meta":{"footnotes":""},"categories":[30],"tags":[1556,1555,1349],"class_list":["post-8782","post","type-post","status-publish","format-standard","has-post-thumbnail","hentry","category-actualite","tag-ministre-de-la-sante","tag-olivier-veran","tag-vaccination"],"aioseo_notices":[],"_links":{"self":[{"href":"https:\/\/www.culturalusa.com\/news\/wp-json\/wp\/v2\/posts\/8782","targetHints":{"allow":["GET"]}}],"collection":[{"href":"https:\/\/www.culturalusa.com\/news\/wp-json\/wp\/v2\/posts"}],"about":[{"href":"https:\/\/www.culturalusa.com\/news\/wp-json\/wp\/v2\/types\/post"}],"author":[{"embeddable":true,"href":"https:\/\/www.culturalusa.com\/news\/wp-json\/wp\/v2\/users\/1"}],"replies":[{"embeddable":true,"href":"https:\/\/www.culturalusa.com\/news\/wp-json\/wp\/v2\/comments?post=8782"}],"version-history":[{"count":0,"href":"https:\/\/www.culturalusa.com\/news\/wp-json\/wp\/v2\/posts\/8782\/revisions"}],"wp:featuredmedia":[{"embeddable":true,"href":"https:\/\/www.culturalusa.com\/news\/wp-json\/wp\/v2\/media\/8783"}],"wp:attachment":[{"href":"https:\/\/www.culturalusa.com\/news\/wp-json\/wp\/v2\/media?parent=8782"}],"wp:term":[{"taxonomy":"category","embeddable":true,"href":"https:\/\/www.culturalusa.com\/news\/wp-json\/wp\/v2\/categories?post=8782"},{"taxonomy":"post_tag","embeddable":true,"href":"https:\/\/www.culturalusa.com\/news\/wp-json\/wp\/v2\/tags?post=8782"}],"curies":[{"name":"wp","href":"https:\/\/api.w.org\/{rel}","templated":true}]}}