{"id":8815,"date":"2021-01-08T12:28:21","date_gmt":"2021-01-08T11:28:21","guid":{"rendered":"https:\/\/www.culturalusa.com\/news\/?p=8815"},"modified":"2021-01-08T12:30:09","modified_gmt":"2021-01-08T11:30:09","slug":"grippe-aviaire-des-centaines-de-milliers-de-canards-vont-encore-etre-abattus","status":"publish","type":"post","link":"https:\/\/www.culturalusa.com\/news\/actualite\/grippe-aviaire-des-centaines-de-milliers-de-canards-vont-encore-etre-abattus\/","title":{"rendered":"Grippe aviaire: \u00ab\u00a0des centaines de milliers de canards\u00a0\u00bb vont encore \u00eatre abattus"},"content":{"rendered":"<p>Des \u00ab\u00a0<strong>centaines de milliers\u00a0\u00bb de canards vont encore \u00eatre abattus, apr\u00e8s l&rsquo;extension des abattages annonc\u00e9s jeudi par le gouvernement<\/strong>, a pr\u00e9dit le ministre de l&rsquo;Agriculture <strong>Julien Denormandie<\/strong>, invoquant le besoin \u00ab\u00a0d&rsquo;acc\u00e9l\u00e9rer dans la course contre la montre\u00a0\u00bb contre un virus \u00ab\u00a0hautement pathog\u00e8ne\u00a0\u00bb de grippe aviaire.<\/p>\n<blockquote><p>Depuis d\u00e9cembre, \u00ab\u00a0ce sont quasiment 400.000 canards qui ont \u00e9t\u00e9 abattus dans le d\u00e9partement des Landes (&#8230;) \u00e7a va \u00eatre encore des centaines de milliers, c&rsquo;est une certitude\u00a0\u00bb, a d\u00e9clar\u00e9 le ministre sur France Bleu Gascogne, quelques heures avant une visite aupr\u00e8s d&rsquo;\u00e9leveurs touch\u00e9s dans ce d\u00e9partement qui est le premier producteur de palmip\u00e8des gras.<\/p><\/blockquote>\n<p>Le ministre a reconnu \u00ab\u00a0ne pas pouvoir dire\u00a0\u00bb combien il restera de canards, sur les quelque 5 millions actuellement en cours d&rsquo;\u00e9levage dans le d\u00e9partement. \u00ab\u00a0Mon objectif c&rsquo;est qu&rsquo;il en reste le plus possible (&#8230;) L&rsquo;objectif, c&rsquo;est de faire un d\u00e9peuplement massif pour contenir l&rsquo;\u00e9pid\u00e9mie\u00a0\u00bb.<\/p>\n<p>Plusieurs centaines de milliers canards abattus, c&rsquo;est d\u00e9j\u00e0 \u00ab\u00a0colossal, mais malheureusement ce n&rsquo;est pas encore assez\u00a0\u00bb, a estim\u00e9 M. Denormandie.<\/p>\n<p>\u00ab\u00a0Force est de constater qu&rsquo;on n&rsquo;est pas all\u00e9 assez vite\u00a0\u00bb, a-t-il reconnu justifiant les mesures annonc\u00e9es jeudi, comme l&rsquo;extension de l&rsquo;abattage pr\u00e9ventif, cr\u00e9ant \u00ab\u00a0un vide sanitaire autour des foyers qui va passer de 3 km \u00e0 5 km, c&rsquo;est extr\u00eamement drastique\u00a0\u00bb, ainsi que les \u00ab\u00a0zones tampons\u00a0\u00bb ou est interdite toute entr\u00e9e ou sortie de volailles.<\/p>\n<p>\u00ab\u00a0Pour aller plus vite, il faut accroitre les capacit\u00e9s d&rsquo;abattage et c&rsquo;est ce que nous avons mis en place aujourd&rsquo;hui avec notamment des r\u00e9quisitions d&rsquo;abattoirs, la constitution de plate-formes techniques ad hoc que nous cr\u00e9ons pour l&rsquo;occasion, avec de grosses capacit\u00e9s d&rsquo;abattage\u00a0\u00bb, a-t-il poursuivi.<\/p>\n<blockquote><p>Mais, a mis en garde le ministre, \u00ab\u00a0abattre un \u00e9levage de canards, \u00e7a ne se fait pas en un claquement de doigts, c&rsquo;est un protocole sanitaire, c&rsquo;est s&rsquo;assurer que dans le transfert de canards il n&rsquo;y ait pas le transfert possible du virus, c&rsquo;est un protocole au moment ou on euthanasie les volailles\u00a0\u00bb.<\/p><\/blockquote>\n<p>Sur le plan des indemnisations des \u00e9leveurs, M. Denormandie a assur\u00e9 que \u00ab\u00a0d\u00e8s la semaine prochaine les premiers acomptes vont d&rsquo;ores et d\u00e9j\u00e0 \u00eatre vers\u00e9s\u00a0\u00bb. Il s&rsquo;agira d&rsquo;indemnisations \u00ab\u00a0portant sur la valeur marchande des canards, pas des indemnisations hors sol avec des coefficients. C&rsquo;est tr\u00e8s important\u00a0\u00bb. (AFP)<\/p>\n","protected":false},"excerpt":{"rendered":"<p>Des \u00ab\u00a0centaines de milliers\u00a0\u00bb de canards vont encore \u00eatre abattus, apr\u00e8s l&rsquo;extension des abattages annonc\u00e9s jeudi par le gouvernement, a pr\u00e9dit le ministre de l&rsquo;Agriculture Julien Denormandie, invoquant le besoin \u00ab\u00a0d&rsquo;acc\u00e9l\u00e9rer dans la course contre la montre\u00a0\u00bb contre un virus \u00ab\u00a0hautement pathog\u00e8ne\u00a0\u00bb de grippe aviaire. Depuis d\u00e9cembre, \u00ab\u00a0ce sont quasiment 400.000 canards qui ont \u00e9t\u00e9 [&hellip;]<\/p>\n","protected":false},"author":1,"featured_media":8816,"comment_status":"open","ping_status":"closed","sticky":false,"template":"","format":"standard","meta":{"footnotes":""},"categories":[30],"tags":[1206,1564,1563],"class_list":["post-8815","post","type-post","status-publish","format-standard","has-post-thumbnail","hentry","category-actualite","tag-epidemie","tag-canards","tag-grippe-aviaire"],"aioseo_notices":[],"_links":{"self":[{"href":"https:\/\/www.culturalusa.com\/news\/wp-json\/wp\/v2\/posts\/8815","targetHints":{"allow":["GET"]}}],"collection":[{"href":"https:\/\/www.culturalusa.com\/news\/wp-json\/wp\/v2\/posts"}],"about":[{"href":"https:\/\/www.culturalusa.com\/news\/wp-json\/wp\/v2\/types\/post"}],"author":[{"embeddable":true,"href":"https:\/\/www.culturalusa.com\/news\/wp-json\/wp\/v2\/users\/1"}],"replies":[{"embeddable":true,"href":"https:\/\/www.culturalusa.com\/news\/wp-json\/wp\/v2\/comments?post=8815"}],"version-history":[{"count":0,"href":"https:\/\/www.culturalusa.com\/news\/wp-json\/wp\/v2\/posts\/8815\/revisions"}],"wp:featuredmedia":[{"embeddable":true,"href":"https:\/\/www.culturalusa.com\/news\/wp-json\/wp\/v2\/media\/8816"}],"wp:attachment":[{"href":"https:\/\/www.culturalusa.com\/news\/wp-json\/wp\/v2\/media?parent=8815"}],"wp:term":[{"taxonomy":"category","embeddable":true,"href":"https:\/\/www.culturalusa.com\/news\/wp-json\/wp\/v2\/categories?post=8815"},{"taxonomy":"post_tag","embeddable":true,"href":"https:\/\/www.culturalusa.com\/news\/wp-json\/wp\/v2\/tags?post=8815"}],"curies":[{"name":"wp","href":"https:\/\/api.w.org\/{rel}","templated":true}]}}