{"id":8834,"date":"2021-01-08T15:06:08","date_gmt":"2021-01-08T14:06:08","guid":{"rendered":"https:\/\/www.culturalusa.com\/news\/?p=8834"},"modified":"2021-01-08T20:28:17","modified_gmt":"2021-01-08T19:28:17","slug":"le-portugal-a-donne-de-fausses-informations-au-conseil-de-lunion-europeenne-sur-le-procureur","status":"publish","type":"post","link":"https:\/\/www.culturalusa.com\/news\/portugal\/le-portugal-a-donne-de-fausses-informations-au-conseil-de-lunion-europeenne-sur-le-procureur\/","title":{"rendered":"Le Portugal a donn\u00e9 de \u00ab\u00a0fausses informations\u00a0\u00bb au Conseil de l&rsquo;Union Europ\u00e9enne sur le procureur"},"content":{"rendered":"<h3>Le choix du procureur Jos\u00e9 Guerra comme repr\u00e9sentant portugais au Parquet Europ\u00e9en suscite la \u00ab\u00a0pol\u00e9mique\u00a0\u00bb.<\/h3>\n<blockquote style=\"font-size: 18px;\"><p>Le Portugal a donn\u00e9 de fausses informations sur Jos\u00e9 Guerra \u00e0 l&rsquo;Union europ\u00e9enne, rapporte SIC Not\u00edcias, qui a eu acc\u00e8s \u00e0 une lettre envoy\u00e9e par le gouvernement au Conseil de l&rsquo;UE pour justifier le choix du repr\u00e9sentant portugais au Parquet europ\u00e9en.<\/p><\/blockquote>\n<h3 style=\"font-size: 21px;\">Le dirigeant du parti PSD (Droite social d\u00e9mocratie), Rui Rio, dit que la <span style=\"color: #800000;\">Ministre de la Justice<\/span> \u00ab\u00a0Francisca Van Dunem\u00a0\u00bb doit d\u00e9missionner et remet en question la dignit\u00e9 politique.<\/h3>\n<p>La s\u00e9lection du Comit\u00e9 international de s\u00e9lection avait indiqu\u00e9 Ana Mendes de Almeida, une magistrate arriv\u00e9e en premi\u00e8re place apr\u00e8s avoir \u00e9valu\u00e9 les curriculum vitae et les entretiens par l&rsquo;organisation. Guerra \u00e9tait arriv\u00e9 \u00e0 la deuxi\u00e8me place. Cependant, le Portugal, ainsi que la Belgique et la Bulgarie, n&rsquo;ont pas accept\u00e9 la d\u00e9cision, contrairement \u00e0 ce que les 19 autres pays ont fait.<\/p>\n<div class=\"box-rev\">\n<p><strong>L&rsquo;eurod\u00e9put\u00e9 CDS-PP (Centre Droite) , <span style=\"color: #800000;\">Nuno Melo<\/span>, a d\u00e9pos\u00e9 aujourd&rsquo;hui une plainte aupr\u00e8s de la M\u00e9diatrice europ\u00e9enne, Emily O&rsquo;Reilly, au sujet de la nomination controvers\u00e9e faite par le gouvernement Socialiste portugais du magistrat Jos\u00e9 Guerra au poste de procureur europ\u00e9en, demandant une enqu\u00eate.<\/strong><\/p>\n<p><strong>Dans une lettre envoy\u00e9e aujourd&rsquo;hui et rendue publique \u00e0 Bruxelles, Nuno Melo demande \u00e0 Emily O\u2019Reilly, \u00abdans le cadre des pouvoirs conf\u00e9r\u00e9s par le trait\u00e9 sur le fonctionnement de l\u2019Union europ\u00e9enne, de mener les enqu\u00eates qu\u2019elle juge n\u00e9cessaires et d\u2019agir avec les institutions europ\u00e9ennes concern\u00e9es\u00bb.<\/strong><\/p>\n<\/div>\n<p>Ana Mendes de Almeida, qui a d\u00e9j\u00e0 port\u00e9 plainte aupr\u00e8s du M\u00e9diateur europ\u00e9en, n&rsquo;a finalement pas \u00e9t\u00e9 choisie apr\u00e8s l&rsquo;intervention du gouvernement.<\/p>\n<p>Dans la lettre adress\u00e9e au Conseil de l&rsquo;UE en novembre de l&rsquo;ann\u00e9e derni\u00e8re, l&rsquo;ex\u00e9cutif justifie le changement par des informations qui ne correspondent pas \u00e0 la v\u00e9rit\u00e9.<\/p>\n<p><strong>Selon SIC Not\u00edcias, Jos\u00e9 Guerra est pr\u00e9sent\u00e9 comme sous-procureur g\u00e9n\u00e9ral, la plus haute cat\u00e9gorie du minist\u00e8re public. Mais en r\u00e9alit\u00e9, le magistrat n&rsquo;a pas encore atteint ce niveau. L&rsquo;erreur appara\u00eet six fois dans le document.<\/strong><\/p>\n<p>Dans la lettre, le travail du magistrat au Portugal est lou\u00e9, mais d&rsquo;autres inexactitudes surviennent.<\/p>\n<blockquote><p>Selon SIC Not\u00edcias, on dit que le procureur a dirig\u00e9 la 9\u00e8me section du DIAP, identifi\u00e9e comme le plus grand d\u00e9partement national de lutte contre la criminalit\u00e9 \u00e9conomique et financi\u00e8re alors qu&rsquo;en r\u00e9alit\u00e9 il s&rsquo;agit du DCIAP, o\u00f9 Jos\u00e9 Guerra n&rsquo;a jamais travaill\u00e9.<\/p><\/blockquote>\n<p>Toujours selon les informations de la cha\u00eene de t\u00e9l\u00e9vision, il y a une troisi\u00e8me fausse information, quand il est dit dans la lettre que Jos\u00e9 Guerra avait une position de leadership d&rsquo;enqu\u00eate et d&rsquo;accusation dans le processus dit UGT, li\u00e9 aux d\u00e9lits de fraude dans l&rsquo;obtention de subventions.<\/p>\n<h3 style=\"font-size: 21px;\">Les 36 pr\u00e9venus \u00e9taient accus\u00e9s d&rsquo;avoir d\u00e9tourn\u00e9 des fonds du <span style=\"color:maroon;\">Fonds Social Europ\u00e9en<\/span> dans le cadre de la formation professionnelle dispens\u00e9e par la centrale syndicale UGT.<\/h3>\n<p>En fait, l&rsquo;affaire a fait l&rsquo;objet d&rsquo;une enqu\u00eate par trois autres procureurs, qui ont r\u00e9dig\u00e9 le parquet. Guerra n&rsquo;\u00e9tait que le magistrat pr\u00e9sent au proc\u00e8s.<\/p>\n<p>S&rsquo;adressant \u00e0 la station, le procureur a assur\u00e9 qu&rsquo;il n&rsquo;avait aucune responsabilit\u00e9 pour la lettre envoy\u00e9e par le gouvernement, arguant que les fausses r\u00e9f\u00e9rences ne peuvent \u00eatre que des manquements qui n&rsquo;ajoutent ou ne supprime rien \u00e0 son curriculum vitae.<\/p>\n<p>\u00c0 son tour, la ministre de la Justice a fait valoir qu&rsquo;il s&rsquo;agissait d&rsquo;un processus priv\u00e9, refusant donc de commenter ladite lettre et les informations que ses services avaient fournies au Conseil.<\/p>\n<p>Le comit\u00e9 de s\u00e9lection international est l&rsquo;organe qui enqu\u00eatera sur la fraude avec des fonds communautaires.<\/p>\n<p>En octobre de cette ann\u00e9e, la candidate \u00e0 la pr\u00e9sidentielle Ana Gomes a d\u00e9clar\u00e9, dans un entretien avec Lusa, que le gouvernement \u00abavait \u00e9t\u00e9 inutilement expos\u00e9 \u00e0 des critiques\u00bb dans le choix du procureur europ\u00e9en.<\/p>\n<p>La socialiste a estim\u00e9 que &lsquo;le fait que la s\u00e9lection effectu\u00e9e par le Comit\u00e9 de s\u00e9lection du Parquet europ\u00e9en n&rsquo;ait pas \u00e9t\u00e9 suivie a suscit\u00e9 de nombreuses questions \u00e0 Bruxelles&rsquo; et qu&rsquo;il n&rsquo;\u00e9tait pas logique que le Portugal ait diverg\u00e9 &lsquo;lors du choix d&rsquo;une m\u00e9thode alternative de s\u00e9lection&rsquo;. &lsquo;Cette controverse n&rsquo;est pas bonne&rsquo;, a-t-elle pr\u00e9venu. (Ag.Lusa)<\/p>\n","protected":false},"excerpt":{"rendered":"<p>Le choix du procureur Jos\u00e9 Guerra comme repr\u00e9sentant portugais au Parquet Europ\u00e9en suscite la \u00ab\u00a0pol\u00e9mique\u00a0\u00bb. Le Portugal a donn\u00e9 de fausses informations sur Jos\u00e9 Guerra \u00e0 l&rsquo;Union europ\u00e9enne, rapporte SIC Not\u00edcias, qui a eu acc\u00e8s \u00e0 une lettre envoy\u00e9e par le gouvernement au Conseil de l&rsquo;UE pour justifier le choix du repr\u00e9sentant portugais au Parquet [&hellip;]<\/p>\n","protected":false},"author":1,"featured_media":8835,"comment_status":"open","ping_status":"closed","sticky":false,"template":"","format":"standard","meta":{"footnotes":""},"categories":[3],"tags":[299,1567,1565,321,1566],"class_list":["post-8834","post","type-post","status-publish","format-standard","has-post-thumbnail","hentry","category-portugal","tag-corruption","tag-jose-guerra","tag-parquet-europeen","tag-portugal","tag-procureur"],"aioseo_notices":[],"_links":{"self":[{"href":"https:\/\/www.culturalusa.com\/news\/wp-json\/wp\/v2\/posts\/8834","targetHints":{"allow":["GET"]}}],"collection":[{"href":"https:\/\/www.culturalusa.com\/news\/wp-json\/wp\/v2\/posts"}],"about":[{"href":"https:\/\/www.culturalusa.com\/news\/wp-json\/wp\/v2\/types\/post"}],"author":[{"embeddable":true,"href":"https:\/\/www.culturalusa.com\/news\/wp-json\/wp\/v2\/users\/1"}],"replies":[{"embeddable":true,"href":"https:\/\/www.culturalusa.com\/news\/wp-json\/wp\/v2\/comments?post=8834"}],"version-history":[{"count":0,"href":"https:\/\/www.culturalusa.com\/news\/wp-json\/wp\/v2\/posts\/8834\/revisions"}],"wp:featuredmedia":[{"embeddable":true,"href":"https:\/\/www.culturalusa.com\/news\/wp-json\/wp\/v2\/media\/8835"}],"wp:attachment":[{"href":"https:\/\/www.culturalusa.com\/news\/wp-json\/wp\/v2\/media?parent=8834"}],"wp:term":[{"taxonomy":"category","embeddable":true,"href":"https:\/\/www.culturalusa.com\/news\/wp-json\/wp\/v2\/categories?post=8834"},{"taxonomy":"post_tag","embeddable":true,"href":"https:\/\/www.culturalusa.com\/news\/wp-json\/wp\/v2\/tags?post=8834"}],"curies":[{"name":"wp","href":"https:\/\/api.w.org\/{rel}","templated":true}]}}