{"id":8847,"date":"2021-01-09T19:26:34","date_gmt":"2021-01-09T18:26:34","guid":{"rendered":"https:\/\/www.culturalusa.com\/news\/?p=8847"},"modified":"2021-01-09T19:49:08","modified_gmt":"2021-01-09T18:49:08","slug":"le-bannissement-de-trump-de-twitter-pose-des-questions-de-regulation","status":"publish","type":"post","link":"https:\/\/www.culturalusa.com\/news\/politique\/le-bannissement-de-trump-de-twitter-pose-des-questions-de-regulation\/","title":{"rendered":"Le bannissement de Trump de Twitter \u00ab\u00a0pose des questions\u00a0\u00bb de r\u00e9gulation"},"content":{"rendered":"<p>La suspension permanente du compte Twitter du pr\u00e9sident am\u00e9ricain Donald Trump est justifiable mais \u00ab\u00a0pose des questions fondamentales\u00a0\u00bb sur la \u00ab\u00a0r\u00e9gulation du d\u00e9bat public\u00a0\u00bb, a estim\u00e9 samedi le secr\u00e9taire d&rsquo;Etat au num\u00e9rique C\u00e9dric O, alors que la d\u00e9cision suscite de nombreuses r\u00e9actions dans la classe politique fran\u00e7aise.<\/p>\n<blockquote><p>\u00ab\u00a0La fermeture du compte de Donald Trump par Twitter, si elle peut se justifier par une forme de prophylaxie d&rsquo;urgence, n&rsquo;en pose pas moins des questions fondamentales\u00a0\u00bb, affirme M. O dans un tweet.<\/p><\/blockquote>\n<h3 style=\"font-size:18px;\">\u00ab\u00a0La r\u00e9gulation du d\u00e9bat public par les principaux r\u00e9seaux sociaux au regard de leurs seuls CGU (conditions g\u00e9n\u00e9rales d&rsquo;utilisation), alors qu&rsquo;ils sont devenus de v\u00e9ritables espaces publics et rassemblent des milliards de citoyens, cela semble pour le moins un peu court d&rsquo;un point de vue d\u00e9mocratique\u00a0\u00bb, poursuit le ministre.<\/h3>\n<p>Pour C\u00e9dric O, \u00ab\u00a0au-del\u00e0 de la haine en ligne, nous avons besoin d&rsquo;inventer une nouvelle forme de supervision d\u00e9mocratique\u00a0\u00bb.<\/p>\n<p>La d\u00e9cision de Twitter, prise au nom d&rsquo;un \u00ab\u00a0risque de nouvelles incitations \u00e0 la violence\u00a0\u00bb de la part du pr\u00e9sident am\u00e9ricain sortant, apr\u00e8s l&rsquo;attaque de centaines de ses partisans contre le Congr\u00e8s \u00e0 Washington, suscite de nombreuses r\u00e9actions dans la classe politique fran\u00e7aise.<\/p>\n<p>Jean-Luc M\u00e9lenchon, chef de file de la France insoumise, a estim\u00e9 que \u00ab\u00a0le comportement de Trump ne peut servir de pr\u00e9texte pour que les GAFA s&rsquo;arrogent le pouvoir de contr\u00f4ler le d\u00e9bat public\u00a0\u00bb, accusant \u00ab\u00a0les lois Macron\u00a0\u00bb d&rsquo;avoir \u00ab\u00a0l\u00e9galis\u00e9 cette censure priv\u00e9e\u00a0\u00bb. Le d\u00e9put\u00e9 LFI Fran\u00e7ois Ruffin a d\u00e9nonc\u00e9 une d\u00e9cision \u00ab\u00a0scandaleuse\u00a0\u00bb.<\/p>\n<blockquote><p>\u00ab\u00a0Dans les ann\u00e9es qui viennent, nous aurons la question essentielle de la r\u00e9gulation, et peut-\u00eatre du d\u00e9mant\u00e8lement, des GAFAM. Ils font planer une menace sur nos d\u00e9mocraties\u00a0\u00bb, a soulign\u00e9 le pr\u00e9sident des Hauts-de-France, Xavier Bertrand (ex-LR), sur BFMTV.<\/p><\/blockquote>\n<p>Marine Le Pen y a vu, en marge d&rsquo;un d\u00e9placement au Portugal, un <strong>\u00ab\u00a0v\u00e9ritable coup de force d\u00e9mocratique de la part de grands groupes priv\u00e9s qui consid\u00e8rent aujourd&rsquo;hui qu&rsquo;ils ont plus de pouvoir, et c&rsquo;est probablement vrai, qu&rsquo;un \u00c9tat\u00a0\u00bb<\/strong>.<\/p>\n<p>\u00ab\u00a0On ne peut pas d&rsquo;un c\u00f4t\u00e9, et \u00e0 juste titre, condamner les atteintes \u00e0 la d\u00e9mocratie qui ont lieu dans le cadre de l&rsquo;intrusion au Capitole (&#8230;) et en m\u00eame temps ne pas (&#8230;) condamner tr\u00e8s fermement ces g\u00e9ants du num\u00e9rique qui en r\u00e9alit\u00e9 veulent directement influer sur la d\u00e9mocratie en d\u00e9cidant qui a le droit de parler\u00a0\u00bb, et portent une \u00ab\u00a0responsabilit\u00e9\u00a0\u00bb \u00ab\u00a0dans une \u00ab\u00a0forme d&rsquo;effondrement annonc\u00e9 de la libert\u00e9 d&rsquo;expression\u00a0\u00bb, a ajout\u00e9 la pr\u00e9sidente du Rassemblement national.<\/p>\n<p>Pour la d\u00e9put\u00e9 LREM Aurore Berg\u00e9, \u00ab\u00a0on peut combattre Trump et le chaos qu&rsquo;il a entra\u00een\u00e9 mais refuser de se r\u00e9jouir de voir les Gafa d\u00e9cider seuls, sans contr\u00f4le du juge, sans recours possible\u00a0\u00bb.<\/p>\n<p>Le d\u00e9put\u00e9 ex-LREM Joachim Son-Forget, au coeur de plusieurs pol\u00e9miques ces derniers mois, a lui vu son compte Twitter suspendu, comme celui de Donald Trump, apr\u00e8s avoir usurp\u00e9 l&rsquo;identit\u00e9 du pr\u00e9sident am\u00e9ricain \u00e0 des fins humoristiques. (AFP)<\/p>\n","protected":false},"excerpt":{"rendered":"<p>La suspension permanente du compte Twitter du pr\u00e9sident am\u00e9ricain Donald Trump est justifiable mais \u00ab\u00a0pose des questions fondamentales\u00a0\u00bb sur la \u00ab\u00a0r\u00e9gulation du d\u00e9bat public\u00a0\u00bb, a estim\u00e9 samedi le secr\u00e9taire d&rsquo;Etat au num\u00e9rique C\u00e9dric O, alors que la d\u00e9cision suscite de nombreuses r\u00e9actions dans la classe politique fran\u00e7aise. \u00ab\u00a0La fermeture du compte de Donald Trump par [&hellip;]<\/p>\n","protected":false},"author":1,"featured_media":8848,"comment_status":"open","ping_status":"closed","sticky":false,"template":"","format":"standard","meta":{"footnotes":""},"categories":[1494],"tags":[574,1568,116],"class_list":["post-8847","post","type-post","status-publish","format-standard","has-post-thumbnail","hentry","category-politique","tag-donald-trump","tag-politique","tag-twitter"],"aioseo_notices":[],"_links":{"self":[{"href":"https:\/\/www.culturalusa.com\/news\/wp-json\/wp\/v2\/posts\/8847","targetHints":{"allow":["GET"]}}],"collection":[{"href":"https:\/\/www.culturalusa.com\/news\/wp-json\/wp\/v2\/posts"}],"about":[{"href":"https:\/\/www.culturalusa.com\/news\/wp-json\/wp\/v2\/types\/post"}],"author":[{"embeddable":true,"href":"https:\/\/www.culturalusa.com\/news\/wp-json\/wp\/v2\/users\/1"}],"replies":[{"embeddable":true,"href":"https:\/\/www.culturalusa.com\/news\/wp-json\/wp\/v2\/comments?post=8847"}],"version-history":[{"count":0,"href":"https:\/\/www.culturalusa.com\/news\/wp-json\/wp\/v2\/posts\/8847\/revisions"}],"wp:featuredmedia":[{"embeddable":true,"href":"https:\/\/www.culturalusa.com\/news\/wp-json\/wp\/v2\/media\/8848"}],"wp:attachment":[{"href":"https:\/\/www.culturalusa.com\/news\/wp-json\/wp\/v2\/media?parent=8847"}],"wp:term":[{"taxonomy":"category","embeddable":true,"href":"https:\/\/www.culturalusa.com\/news\/wp-json\/wp\/v2\/categories?post=8847"},{"taxonomy":"post_tag","embeddable":true,"href":"https:\/\/www.culturalusa.com\/news\/wp-json\/wp\/v2\/tags?post=8847"}],"curies":[{"name":"wp","href":"https:\/\/api.w.org\/{rel}","templated":true}]}}