{"id":8854,"date":"2021-01-11T00:35:15","date_gmt":"2021-01-10T23:35:15","guid":{"rendered":"https:\/\/www.culturalusa.com\/news\/?p=8854"},"modified":"2021-01-11T00:39:19","modified_gmt":"2021-01-10T23:39:19","slug":"france-23-departements-desormais-sous-couvre-feu-avance-a-18-heures","status":"publish","type":"post","link":"https:\/\/www.culturalusa.com\/news\/actualite\/france-23-departements-desormais-sous-couvre-feu-avance-a-18-heures\/","title":{"rendered":"France: 23 d\u00e9partements d\u00e9sormais sous Couvre-feu avanc\u00e9 \u00e0 18 heures"},"content":{"rendered":"<p>Covid-19: <strong>23 d\u00e9partements de l&rsquo;Est et du Sud-Est de la France sont sous couvre-feu depuis dimanche \u00e0 18H00<\/strong> pour tenter d&rsquo;endiguer la reprise de l&rsquo;\u00e9pid\u00e9mie de Covid-19 sur le territoire, o\u00f9 la d\u00e9tection du nouveau variant britannique inqui\u00e8te.<\/p>\n<p>A Marseille, l&rsquo;heure est \u00e0 l&rsquo;adaptation pour les habitants: \u00ab\u00a0Ah bon, c&rsquo;est \u00e0 18H00? Je ne savais pas\u00a0\u00bb, lance un passant sur la Canebi\u00e8re qui se vidait progressivement et sans h\u00e2te \u00e0 l&rsquo;heure fatidique, a constat\u00e9 l&rsquo;AFPTV.<\/p>\n<p>A Strasbourg, les rues du centre-ville ont \u00e9t\u00e9 rapidement d\u00e9sert\u00e9es, anim\u00e9es par une poign\u00e9e de passants, des cyclistes et des livreurs en attente de commandes, a constat\u00e9 une journaliste de l&rsquo;AFP.<\/p>\n<p>Deux minutes avant 18H00, Micha\u00ebl Demuynck vendait encore en vitesse ses deux derniers gobelets de vin chaud \u00e0 emporter, avant de fermer son \u00e9picerie fine. \u00ab\u00a0On n\u2019a pas le choix, on s\u2019adapte. Normalement, de 18H00 \u00e0 20H00, je fais encore un cinqui\u00e8me de ma journ\u00e9e en chiffre d\u2019affaires\u00a0\u00bb, explique celui pour qui ce couvre-feu avanc\u00e9 est \u00ab\u00a0une mauvaise nouvelle \u00e9conomique\u00a0\u00bb.<\/p>\n<blockquote><p>Le Cher, l&rsquo;Allier, la C\u00f4te-d&rsquo;Or, le Haut-Rhin, le Bas-Rhin, ainsi que le Vaucluse, les Alpes-de-Haute-Provence et les Bouches-du-Rh\u00f4ne sont les huit d\u00e9partements qui ont rejoint la liste des territoires plac\u00e9s sous cloche d\u00e8s 18 heures.<\/p><\/blockquote>\n<p><strong>Soit un total de 23 d\u00e9partements<\/strong> soumis \u00e0 cette mesure, vilipend\u00e9e par les \u00e9lus locaux mais d\u00e9fendue par le gouvernement, qui tente d&rsquo;\u00e9viter une \u00ab\u00a0course folle\u00a0\u00bb de l&rsquo;\u00e9pid\u00e9mie sur le territoire.<\/p>\n<p><strong>Deux autres territoires, le Var et la Dr\u00f4me, feront de m\u00eame d\u00e8s mardi<\/strong>. La Haute-Savoie et l&rsquo;Yonne, qui ont aussi des indicateurs pr\u00e9occupants, ont en revanche maintenu le couvre-feu \u00e0 20H00, comme dans le reste de la France.<\/p>\n<h3>Chaque minute compte<\/h3>\n<p>Sur le front \u00e9pid\u00e9mique, la d\u00e9couverte, \u00e0 Marseille, de sept nouveaux cas li\u00e9s au variant britannique du coronavirus, r\u00e9put\u00e9 plus contagieux, est \u00ab\u00a0inqui\u00e9tante\u00a0\u00bb, a affirm\u00e9 dimanche le maire de la ville, Beno\u00eet Payan.<\/p>\n<blockquote><p>\u00ab\u00a0D\u00e9sormais chaque minute compte pour endiguer la propagation de la souche anglaise. (&#8230;) Il nous faut r\u00e9agir imm\u00e9diatement, nous souhaitons que l&rsquo;on sorte des sch\u00e9mas habituels de la crise et tout faire pour tracer, tester et isoler en urgence tous les porteurs potentiels de la souche britannique\u00a0\u00bb, a-t-il dit lors d&rsquo;une conf\u00e9rence de presse.<\/p><\/blockquote>\n<p>La mutation a \u00e9t\u00e9 identifi\u00e9e au sein d&rsquo;une famille fran\u00e7aise de cinq personnes, r\u00e9sidant au Royaume-Uni et venue \u00e0 Marseille pour les f\u00eates, apr\u00e8s un test le 31 d\u00e9cembre.<\/p>\n<p>Dans la matin\u00e9e, le ministre de la Sant\u00e9, Olivier V\u00e9ran, a r\u00e9affirm\u00e9 sur Europe 1 \u00ab\u00a0mettre tout en oeuvre pour emp\u00eacher la diffusion de ce variant\u00a0\u00bb.<\/p>\n<p>Interrog\u00e9 sur l&rsquo;hypoth\u00e8se d&rsquo;un reconfinement, Olivier V\u00e9ran a estim\u00e9 que des \u00ab\u00a0mesures suppl\u00e9mentaires\u00a0\u00bb seront impos\u00e9es s&rsquo;il y a flamb\u00e9e de l&rsquo;\u00e9pid\u00e9mie. \u00ab\u00a0Ce qui n&rsquo;est pas le cas \u00e0 l&rsquo;heure\u00a0\u00bb actuelle, a-t-il pr\u00e9cis\u00e9, \u00e9voquant en revanche une situation \u00ab\u00a0catastrophique\u00a0\u00bb en Angleterre o\u00f9 ce variant a \u00ab\u00a0pris le pouvoir\u00a0\u00bb.<\/p>\n<p>Le ministre n&rsquo;envisage pas non plus \u00ab\u00a0\u00e0 ce stade\u00a0\u00bb de fermer les \u00e9coles, en prolongeant, par exemple, les vacances de f\u00e9vrier. Un report des premi\u00e8res \u00e9preuves du bac, en mars, a \u00e9galement \u00e9t\u00e9 rejet\u00e9 pour l&rsquo;heure, a assur\u00e9 le ministre de l&rsquo;Education Jean-Michel Blanquer au Grand Jury RTL-Le Figaro-LCI.<\/p>\n<p>En attendant, la question est de savoir \u00e0 quel point le variant circule en France. Les autorit\u00e9s sanitaires devraient commencer \u00e0 y voir plus clair la semaine prochaine, a promis M. V\u00e9ran.<\/p>\n<h3>Arriv\u00e9e du vaccin Moderna<\/h3>\n<p><strong>A Roubaix, dans le Nord, une vaste campagne de tests, comme au Havre fin d\u00e9cembre, d\u00e9butera lundi, avec le variant en ligne de mire.<\/strong><\/p>\n<p>Une enqu\u00eate nationale a en outre \u00e9t\u00e9 lanc\u00e9e pour faire une \u00ab\u00a0premi\u00e8re cartographie\u00a0\u00bb de ce variant, en se fondant sur tous les tests positifs de jeudi et vendredi. Les premiers r\u00e9sultats devraient \u00eatre connus cette semaine, ainsi que les \u00e9ventuelles retomb\u00e9es des f\u00eates de fin d&rsquo;ann\u00e9e sur le nombre de contaminations.<\/p>\n<p>Les indicateurs restent \u00e0 un niveau \u00e9lev\u00e9, avec en moyenne 18.000 cas par jour, loin de l&rsquo;objectif du gouvernement \u00e0 5.000 cas quotidiens, et une pression hospitali\u00e8re qui ne baisse pas (avec environ 2.600 patients en r\u00e9a).<\/p>\n<p>Sur le front des vaccins, apr\u00e8s de vives critiques sur la lenteur au d\u00e9marrage de la campagne, le pays devrait \u00ab\u00a0d\u00e9passer les 100.000\u00a0\u00bb vaccin\u00e9s ce week-end, a soulign\u00e9 le ministre, se disant serein face aux \u00ab\u00a0fausses pol\u00e9miques\u00a0\u00bb.<\/p>\n<p>Plus de 50.000 doses du vaccin Moderna contre le Covid-19, qui vient d&rsquo;\u00eatre autoris\u00e9 en Europe, seront en outre livr\u00e9es lundi pour \u00eatre achemin\u00e9es dans le Grand Est, en Auvergne-Rh\u00f4ne-Alpes et en Paca afin d&rsquo;\u00eatre utilis\u00e9es dans la semaine, a annonc\u00e9 dimanche le minist\u00e8re de la Sant\u00e9. (AFP)<\/p>\n","protected":false},"excerpt":{"rendered":"<p>Covid-19: 23 d\u00e9partements de l&rsquo;Est et du Sud-Est de la France sont sous couvre-feu depuis dimanche \u00e0 18H00 pour tenter d&rsquo;endiguer la reprise de l&rsquo;\u00e9pid\u00e9mie de Covid-19 sur le territoire, o\u00f9 la d\u00e9tection du nouveau variant britannique inqui\u00e8te. A Marseille, l&rsquo;heure est \u00e0 l&rsquo;adaptation pour les habitants: \u00ab\u00a0Ah bon, c&rsquo;est \u00e0 18H00? Je ne savais [&hellip;]<\/p>\n","protected":false},"author":1,"featured_media":8855,"comment_status":"open","ping_status":"closed","sticky":false,"template":"","format":"standard","meta":{"footnotes":""},"categories":[30],"tags":[1552,1214,1518],"class_list":["post-8854","post","type-post","status-publish","format-standard","has-post-thumbnail","hentry","category-actualite","tag-couvre-feu-renforce","tag-covid-19","tag-vaccin-moderna"],"aioseo_notices":[],"_links":{"self":[{"href":"https:\/\/www.culturalusa.com\/news\/wp-json\/wp\/v2\/posts\/8854","targetHints":{"allow":["GET"]}}],"collection":[{"href":"https:\/\/www.culturalusa.com\/news\/wp-json\/wp\/v2\/posts"}],"about":[{"href":"https:\/\/www.culturalusa.com\/news\/wp-json\/wp\/v2\/types\/post"}],"author":[{"embeddable":true,"href":"https:\/\/www.culturalusa.com\/news\/wp-json\/wp\/v2\/users\/1"}],"replies":[{"embeddable":true,"href":"https:\/\/www.culturalusa.com\/news\/wp-json\/wp\/v2\/comments?post=8854"}],"version-history":[{"count":0,"href":"https:\/\/www.culturalusa.com\/news\/wp-json\/wp\/v2\/posts\/8854\/revisions"}],"wp:featuredmedia":[{"embeddable":true,"href":"https:\/\/www.culturalusa.com\/news\/wp-json\/wp\/v2\/media\/8855"}],"wp:attachment":[{"href":"https:\/\/www.culturalusa.com\/news\/wp-json\/wp\/v2\/media?parent=8854"}],"wp:term":[{"taxonomy":"category","embeddable":true,"href":"https:\/\/www.culturalusa.com\/news\/wp-json\/wp\/v2\/categories?post=8854"},{"taxonomy":"post_tag","embeddable":true,"href":"https:\/\/www.culturalusa.com\/news\/wp-json\/wp\/v2\/tags?post=8854"}],"curies":[{"name":"wp","href":"https:\/\/api.w.org\/{rel}","templated":true}]}}