{"id":8872,"date":"2021-01-12T20:13:32","date_gmt":"2021-01-12T19:13:32","guid":{"rendered":"https:\/\/www.culturalusa.com\/news\/?p=8872"},"modified":"2021-01-12T20:45:42","modified_gmt":"2021-01-12T19:45:42","slug":"vaccins-nous-aurons-77-millions-de-doses-dici-fin-juin-affirme-olivier-veran","status":"publish","type":"post","link":"https:\/\/www.culturalusa.com\/news\/politique\/vaccins-nous-aurons-77-millions-de-doses-dici-fin-juin-affirme-olivier-veran\/","title":{"rendered":"Vaccins: \u00ab Nous aurons 77 millions de doses d\u2019ici fin juin \u00bb, affirme Olivier V\u00e9ran"},"content":{"rendered":"<p><strong>Le ministre de la Sant\u00e9<\/strong>, auditionn\u00e9 mardi soir devant la commission des <strong>Affaires sociales du S\u00e9nat<\/strong>, a r\u00e9pondu plut\u00f4t avec pr\u00e9cision sur le calendrier vaccinal que souhaite mettre en place le gouvernement.<\/p>\n<blockquote><p><span style=\"color: #800000;\">Olivier V\u00e9ran<\/span> qui mise sur la livraison de <span style=\"color: #800000;\">77 millions de doses de vaccins d\u2019ici le d\u00e9but de l\u2019\u00e9t\u00e9<\/span>, esp\u00e8re \u00e9galement que les personnes de 75 ans et plus seront vaccin\u00e9es avant P\u00e2ques. Il s&rsquo;en est remis aux recommandations de l&rsquo;agence europ\u00e9enne du m\u00e9dicament.<\/p><\/blockquote>\n<p>Au petit jeu des questions\/r\u00e9ponses avec les s\u00e9nateurs, le ministre des Solidarit\u00e9s et de la Sant\u00e9 s\u2019en est plut\u00f4t bien tir\u00e9. Attendu au tournant sur le recours \u00e0 des cabinets de conseils am\u00e9ricains par le gouvernement pour d\u00e9finir sa strat\u00e9gie vaccinale, Olivier V\u00e9ran a r\u00e9pondu \u00e0 une question pos\u00e9e par la pr\u00e9sidente de la commission des Affaires sociales Catherine Deroche sur la nature des conseils prodigu\u00e9s notamment par le cabinet Mc Kinsey.<\/p>\n<p>\u00ab Ce sont des conseils extr\u00eamement vari\u00e9s avec beaucoup de travail au contact par exemple des cent h\u00f4pitaux pivots. Un travail de fourmi absolument indispensable mais ce cabinet n\u2019appuie absolument pas la strat\u00e9gie scientifique vaccinale \u00bb, a-t-il assur\u00e9.<\/p>\n<p>Mais ce sont surtout sur le calendrier vaccinal et le nombre de doses de vaccins disponibles que les questions des s\u00e9nateurs ont fus\u00e9.<\/p>\n<p>D\u2019abord sur la vaccination d\u00e8s ce jeudi 14 janvier des publics \u00e2g\u00e9s de 75 ans et plus qui repr\u00e9sentent 5 millions de personnes selon le ministre. \u00ab Nous nous donnons plusieurs semaines pour pouvoir les vacciner puisque nous n\u2019avons pas \u00e0 date cinq millions de vaccins en cong\u00e9lateur.<\/p>\n<p>Nous disposons actuellement d\u2019un million de vaccins, 500 000 seront livr\u00e9s entre aujourd\u2019hui et demain, ce qui portera notre stock \u00e0 1,5 million de doses. Mais oui j\u2019esp\u00e8re que pour P\u00e2ques, nous aurons termin\u00e9 de vacciner ces 5 millions de personnes \u00bb.<\/p>\n<h3>\u00ab Le rythme des livraisons va s&rsquo;accro\u00eetre \u00bb<\/h3>\n<p>Autres donn\u00e9es importantes r\u00e9v\u00e9l\u00e9es par Olivier V\u00e9ran au cours de cette audition express : le nombre de doses dont devrait disposer la France dans les prochains mois et surtout d\u2019ici l\u2019\u00e9t\u00e9, m\u00eame si ces derni\u00e8res d\u00e9pendront de la validation ou non par les autorit\u00e9s sanitaires europ\u00e9ennes d\u2019autres vaccins comme celui d\u2019AstraZeneca.<\/p>\n<blockquote><p>\u00ab Le rythme des livraisons va s\u2019accro\u00eetre semaine apr\u00e8s semaine, et si ce vaccin venait \u00e0 \u00eatre valid\u00e9 nous pourrions renforcer nos stocks de 3 millions d\u2019ici le mois de f\u00e9vrier, de 6 millions suppl\u00e9mentaires en mars puis \u00e0 nouveau de 4 millions pour avril afin d\u2019atteindre les 77 millions de doses d\u2019ici fin juin \u00bb.<\/p><\/blockquote>\n<p>Interrog\u00e9 par le s\u00e9nateur Bernard Jomier sur les effets des vaccins sur l&rsquo;\u00e9radication du virus, <strong>le ministre de Sant\u00e9, sans trop vouloir s&rsquo;avancer, a tout de m\u00eame affirm\u00e9 qu&rsquo;un espoir existait avec les premiers r\u00e9sultats du vaccin Moderna<\/strong>.<br \/>\n(Antoine Comte &amp; <a href=\"https:\/\/www.publicsenat.fr\/\" target=\"_blank\" rel=\"noopener\">Public S\u00e9nat<\/a>)<\/p>\n<div style=\"position:relative;padding-bottom:56.25%;height:0;overflow:hidden;\"> <iframe loading=\"lazy\" style=\"width:100%;height:100%;position:absolute;left:0px;top:0px;overflow:hidden\" frameborder=\"0\" type=\"text\/html\" src=\"https:\/\/www.dailymotion.com\/embed\/video\/x7ymwsp\" width=\"100%\" height=\"100%\" allowfullscreen > <\/iframe> <\/div>\n","protected":false},"excerpt":{"rendered":"<p>Le ministre de la Sant\u00e9, auditionn\u00e9 mardi soir devant la commission des Affaires sociales du S\u00e9nat, a r\u00e9pondu plut\u00f4t avec pr\u00e9cision sur le calendrier vaccinal que souhaite mettre en place le gouvernement. Olivier V\u00e9ran qui mise sur la livraison de 77 millions de doses de vaccins d\u2019ici le d\u00e9but de l\u2019\u00e9t\u00e9, esp\u00e8re \u00e9galement que les [&hellip;]<\/p>\n","protected":false},"author":1,"featured_media":8873,"comment_status":"open","ping_status":"closed","sticky":false,"template":"","format":"standard","meta":{"footnotes":""},"categories":[1494],"tags":[1570,1556,1555,1430],"class_list":["post-8872","post","type-post","status-publish","format-standard","has-post-thumbnail","hentry","category-politique","tag-affaires-sociales-du-senat","tag-ministre-de-la-sante","tag-olivier-veran","tag-vaccins"],"aioseo_notices":[],"_links":{"self":[{"href":"https:\/\/www.culturalusa.com\/news\/wp-json\/wp\/v2\/posts\/8872","targetHints":{"allow":["GET"]}}],"collection":[{"href":"https:\/\/www.culturalusa.com\/news\/wp-json\/wp\/v2\/posts"}],"about":[{"href":"https:\/\/www.culturalusa.com\/news\/wp-json\/wp\/v2\/types\/post"}],"author":[{"embeddable":true,"href":"https:\/\/www.culturalusa.com\/news\/wp-json\/wp\/v2\/users\/1"}],"replies":[{"embeddable":true,"href":"https:\/\/www.culturalusa.com\/news\/wp-json\/wp\/v2\/comments?post=8872"}],"version-history":[{"count":0,"href":"https:\/\/www.culturalusa.com\/news\/wp-json\/wp\/v2\/posts\/8872\/revisions"}],"wp:featuredmedia":[{"embeddable":true,"href":"https:\/\/www.culturalusa.com\/news\/wp-json\/wp\/v2\/media\/8873"}],"wp:attachment":[{"href":"https:\/\/www.culturalusa.com\/news\/wp-json\/wp\/v2\/media?parent=8872"}],"wp:term":[{"taxonomy":"category","embeddable":true,"href":"https:\/\/www.culturalusa.com\/news\/wp-json\/wp\/v2\/categories?post=8872"},{"taxonomy":"post_tag","embeddable":true,"href":"https:\/\/www.culturalusa.com\/news\/wp-json\/wp\/v2\/tags?post=8872"}],"curies":[{"name":"wp","href":"https:\/\/api.w.org\/{rel}","templated":true}]}}