{"id":8882,"date":"2021-01-13T14:43:44","date_gmt":"2021-01-13T13:43:44","guid":{"rendered":"https:\/\/www.culturalusa.com\/news\/?p=8882"},"modified":"2021-01-13T14:55:00","modified_gmt":"2021-01-13T13:55:00","slug":"litalie-adopte-un-plan-de-relance-economique-mais-le-gouvernement-risque-dimploser","status":"publish","type":"post","link":"https:\/\/www.culturalusa.com\/news\/monde\/litalie-adopte-un-plan-de-relance-economique-mais-le-gouvernement-risque-dimploser\/","title":{"rendered":"L&rsquo;Italie adopte un plan de relance \u00e9conomique, mais le gouvernement risque d&rsquo;imploser"},"content":{"rendered":"<p><strong>Le gouvernement italien a adopt\u00e9 t\u00f4t mercredi un <span style=\"color: #800000;\">plan de relance de 222,9 milliards d&rsquo;euros<\/span><\/strong> pour remettre \u00e0 flot une \u00e9conomie mise \u00e0 mal par la pand\u00e9mie de coronavirus, mais la coalition au pouvoir risque d&rsquo;imploser en raison d&rsquo;un d\u00e9saccord sur l&rsquo;utilisation des fonds europ\u00e9ens.<\/p>\n<blockquote><p>\u00ab\u00a0Le Conseil des ministres a valid\u00e9 le #RecoveryPlan, le plus grand plan d&rsquo;investissement jamais engag\u00e9 en Italie\u00a0\u00bb, s&rsquo;est f\u00e9licit\u00e9 le ministre de l&rsquo;Economie, Roberto Gualtieri, sur son compte Twitter.<\/p><\/blockquote>\n<p>Ce \u00ab\u00a0Recovery plan\u00a0\u00bb qui doit encore passer au parlement pourrait toutefois sonner le glas de l&rsquo;alliance gouvernementale entre des partis de centre gauche (<strong>Parti d\u00e9mocrate\/PD<\/strong> et <strong>Italia Viva\/IV<\/strong>) et le <strong>Mouvement 5 Etoiles (M5S, antisyst\u00e8me &#8211; extr\u00eame gauche<\/strong>).<\/p>\n<p>Le patron d&rsquo;Italia Viva, l&rsquo;ex-Premier ministre Matteo Renzi, s&rsquo;\u00e9tait engag\u00e9 \u00e0 ne pas torpiller l&rsquo;adoption du plan, et ainsi ne pas retarder l&rsquo;arriv\u00e9e des fonds europ\u00e9ens. Mais il avait pos\u00e9 des conditions sur son contenu, qu&rsquo;il juge insatisfaites et menace donc de sortir du gouvernement les deux ministres de son petit parti.<\/p>\n<p>\u00ab\u00a0Nous prendrons une d\u00e9cision et nous l&rsquo;annoncerons de fa\u00e7on totalement libre lors d&rsquo;une conf\u00e9rence de presse\u00a0\u00bb fix\u00e9e \u00e0 16H30 GMT, a indiqu\u00e9 M. Renzi sur la cha\u00eene de t\u00e9l\u00e9vision RAI3.<\/p>\n<p>Les deux ministres d&rsquo;IV, Teresa Bellanova (agriculture) et Elena Bonetti (famille), se sont abstenues lors du vote sur le plan de relance.<\/p>\n<h4>\u00ab\u00a0Il n&rsquo;y a plus de majorit\u00e9\u00a0\u00bb, devait titrer mercredi le grand quotidien La Repubblica.<\/h4>\n<p>M. Renzi reproche au chef de l&rsquo;ex\u00e9cutif, <strong>Giuseppe Conte<\/strong> (ind\u00e9pendant), d&rsquo;avoir arbitr\u00e9 au d\u00e9triment de l&rsquo;investissement et des r\u00e9formes structurelles. Il r\u00e9clamait \u00e9galement que le pays fasse appel au M\u00e9canisme europ\u00e9en de stabilit\u00e9 (MES), dispositif dont le but est d&rsquo;aider les pays de la zone euro en difficult\u00e9.<\/p>\n<p>Il a fustig\u00e9 \u00ab\u00a0un gouvernement qui dilapide l&rsquo;argent de [ses] enfants\u00a0\u00bb.<\/p>\n<p>Giuseppe Conte a pourtant accept\u00e9 de revoir sa copie. Il a plus que doubl\u00e9 les fonds allou\u00e9s \u00e0 la sant\u00e9 et relev\u00e9 la part des investissements, qui atteint d\u00e9sormais 70%, contre 21% pour les incitations fiscales et autres bonus.<\/p>\n<p>\u00ab\u00a0Il manque le MES\u00a0\u00bb, a martel\u00e9 M. Renzi.<\/p>\n<h3>\u00ab\u00a0Partie de poker\u00a0\u00bb<\/h3>\n<p>Plusieurs options sont \u00e0 pr\u00e9sent sur la table: d\u00e9mission des deux ministres d&rsquo;Italia Viva, remaniement ou nouveau Premier ministre.<\/p>\n<p>Sans l&rsquo;appui des 18 \u00e9lus d&rsquo;Italia Viva au S\u00e9nat, Giuseppe Conte perdrait sa majorit\u00e9 de 166 si\u00e8ges sur 315 et l&rsquo;Italie devrait alors retourner aux urnes.<\/p>\n<p>Un sc\u00e9nario catastrophe pour M. Conte qui n&rsquo;est toutefois pas privil\u00e9gi\u00e9 par les experts.<\/p>\n<p>Car ni Italia Viva, cr\u00e9dit\u00e9 de 3% des intentions de vote dans les sondages, ni les autres membres de la coalition n&rsquo;ont int\u00e9r\u00eat \u00e0 se saborder, l&rsquo;opposition de droite et d&rsquo;extr\u00eame droite \u00e9tant assur\u00e9e de remporter des l\u00e9gislatives anticip\u00e9es.<\/p>\n<h4><strong>\u00a0\u00ab\u00a0Giuseppe Conte est fini. La droite est pr\u00eate\u00a0\u00bb, a lanc\u00e9 mardi soir le chef de la Lega (droite conservateur), <span style=\"color: #800000;\">Matteo Salvini<\/span>, en embuscade.<\/strong><\/h4>\n<h3>Vers un remaniement<\/h3>\n<p>Giuseppe Conte juge qu&rsquo;il lui sera \u00ab\u00a0impossible de refaire un nouvel ex\u00e9cutif avec le soutien d&rsquo;IV\u00a0\u00bb en cas de retrait de ses ministres, selon une source. Mais il n&rsquo;aura pas forc\u00e9ment le choix des armes.<\/p>\n<p>Un remaniement, avec une mont\u00e9e en puissance de ministres d\u00e9sign\u00e9s par Italia Viva, est consid\u00e9r\u00e9e comme la sortie de crise la plus probable. Elle d\u00e9pend toutefois de la volont\u00e9 de MM. Conte et Renzi de surmonter leurs diff\u00e9rends.<\/p>\n<p>Plusieurs t\u00e9nors de la majorit\u00e9 ont appel\u00e9 les chefs de parti \u00e0 la responsabilit\u00e9 alors que l&rsquo;Italie, qui d\u00e9plore pr\u00e8s de 80.000 morts depuis le d\u00e9but de la pand\u00e9mie de Covid-19, se mobilise pour acc\u00e9l\u00e9rer son programme de vaccination de masse.<\/p>\n<p>\u00ab\u00a0En pleine pand\u00e9mie, une crise serait vraiment incompr\u00e9hensible et dangereuse\u00a0\u00bb, a tonn\u00e9 le ministre de l&rsquo;Economie (PD), Roberto Gualtieri.<\/p>\n<p><strong>Premi\u00e8re b\u00e9n\u00e9ficiaire du m\u00e9ga-plan de 750 milliards d&rsquo;euros adopt\u00e9 \u00e0 l&rsquo;\u00e9t\u00e9 2020 par les dirigeants europ\u00e9ens, l&rsquo;Italie est tr\u00e8s attendue sur ses projets qu&rsquo;elle doit soumettre \u00e0 Bruxelles d&rsquo;ici fin avril, \u00e0 l&rsquo;instar des autres pays en attente de fonds.<\/strong><\/p>\n<p>L&rsquo;Italie suscite des inqui\u00e9tudes car le pays a \u00e9t\u00e9 accus\u00e9 dans le pass\u00e9 d&rsquo;utiliser \u00e0 mauvais escient les fonds europ\u00e9ens.<\/p>\n<p>\u00ab\u00a0L&rsquo;Italie aura un r\u00f4le d\u00e9terminant dans le succ\u00e8s ou l&rsquo;\u00e9chec\u00a0\u00bb de cette premi\u00e8re exp\u00e9rience de dette commune de l&rsquo;Union europ\u00e9enne, avait pr\u00e9venu d\u00e8s le mois d&rsquo;ao\u00fbt le commissaire europ\u00e9en \u00e0 l&rsquo;Economie, et ancien chef du gouvernement italien, Paolo Gentiloni.<\/p>\n<p>Et le plan de relance risque d&rsquo;alourdir la dette colossale de Rome, qui devrait atteindre 158% du PIB, le deuxi\u00e8me ratio plus \u00e9lev\u00e9 dans la zone euro derri\u00e8re Ath\u00e8nes.<\/p>\n<div><\/div>\n","protected":false},"excerpt":{"rendered":"<p>Le gouvernement italien a adopt\u00e9 t\u00f4t mercredi un plan de relance de 222,9 milliards d&rsquo;euros pour remettre \u00e0 flot une \u00e9conomie mise \u00e0 mal par la pand\u00e9mie de coronavirus, mais la coalition au pouvoir risque d&rsquo;imploser en raison d&rsquo;un d\u00e9saccord sur l&rsquo;utilisation des fonds europ\u00e9ens. \u00ab\u00a0Le Conseil des ministres a valid\u00e9 le #RecoveryPlan, le plus [&hellip;]<\/p>\n","protected":false},"author":1,"featured_media":8883,"comment_status":"open","ping_status":"closed","sticky":false,"template":"","format":"standard","meta":{"footnotes":""},"categories":[1372],"tags":[823,1571,542,858,1572],"class_list":["post-8882","post","type-post","status-publish","format-standard","has-post-thumbnail","hentry","category-monde","tag-giuseppe-conte","tag-gouvernement-italien","tag-italie","tag-matteo-salvini","tag-relance-economique"],"aioseo_notices":[],"_links":{"self":[{"href":"https:\/\/www.culturalusa.com\/news\/wp-json\/wp\/v2\/posts\/8882","targetHints":{"allow":["GET"]}}],"collection":[{"href":"https:\/\/www.culturalusa.com\/news\/wp-json\/wp\/v2\/posts"}],"about":[{"href":"https:\/\/www.culturalusa.com\/news\/wp-json\/wp\/v2\/types\/post"}],"author":[{"embeddable":true,"href":"https:\/\/www.culturalusa.com\/news\/wp-json\/wp\/v2\/users\/1"}],"replies":[{"embeddable":true,"href":"https:\/\/www.culturalusa.com\/news\/wp-json\/wp\/v2\/comments?post=8882"}],"version-history":[{"count":0,"href":"https:\/\/www.culturalusa.com\/news\/wp-json\/wp\/v2\/posts\/8882\/revisions"}],"wp:featuredmedia":[{"embeddable":true,"href":"https:\/\/www.culturalusa.com\/news\/wp-json\/wp\/v2\/media\/8883"}],"wp:attachment":[{"href":"https:\/\/www.culturalusa.com\/news\/wp-json\/wp\/v2\/media?parent=8882"}],"wp:term":[{"taxonomy":"category","embeddable":true,"href":"https:\/\/www.culturalusa.com\/news\/wp-json\/wp\/v2\/categories?post=8882"},{"taxonomy":"post_tag","embeddable":true,"href":"https:\/\/www.culturalusa.com\/news\/wp-json\/wp\/v2\/tags?post=8882"}],"curies":[{"name":"wp","href":"https:\/\/api.w.org\/{rel}","templated":true}]}}