{"id":8896,"date":"2021-01-14T18:08:57","date_gmt":"2021-01-14T17:08:57","guid":{"rendered":"https:\/\/www.culturalusa.com\/news\/?p=8896"},"modified":"2021-01-14T18:11:04","modified_gmt":"2021-01-14T17:11:04","slug":"covid-19-lactivite-partielle-prise-en-charge-a-100-tant-que-la-crise-durera","status":"publish","type":"post","link":"https:\/\/www.culturalusa.com\/news\/economie\/covid-19-lactivite-partielle-prise-en-charge-a-100-tant-que-la-crise-durera\/","title":{"rendered":"Covid-19: l&rsquo;activit\u00e9 partielle prise en charge \u00e0 100% \u00ab\u00a0tant que la crise durera\u00a0\u00bb"},"content":{"rendered":"<p><strong>Elisabeth Borne, ministre du Travail<\/strong>, a r\u00e9affirm\u00e9 jeudi que l&rsquo;<strong>Etat continuerait \u00e0 prendre en charge \u00e0 100% l&rsquo;activit\u00e9 partielle des entreprises \u00ab\u00a0tant que la crise durera\u00a0\u00bb<\/strong>, \u00e0 quelques heures d&rsquo;une nouvelle allocution du Premier ministre, Jean Castex.<\/p>\n<blockquote><p>\u00ab\u00a0C&rsquo;est tr\u00e8s clair, je veux vraiment que les entreprises soient rassur\u00e9es, en particulier celles qui sont ferm\u00e9es, qui ont des contraintes li\u00e9es \u00e0 la situation sanitaire; pour toutes les entreprises ferm\u00e9es totalement ou partiellement on prendra en charge \u00e0 100% l&rsquo;activit\u00e9 partielle tant que la crise durera\u00a0\u00bb, a-t-elle d\u00e9clar\u00e9 sur Europe 1.<\/p><\/blockquote>\n<h3 style=\"font-size: 21px;\">Interrog\u00e9e sur une possible \u00ab\u00a0date butoir\u00a0\u00bb, fix\u00e9e \u00e0 \u00ab\u00a0septembre\u00a0\u00bb, Mme Borne a r\u00e9affirm\u00e9 que le gouvernement \u00ab\u00a0prot\u00e8gera le temps qu&rsquo;il faudra\u00a0\u00bb toutes \u00ab\u00a0les activit\u00e9s p\u00e9nalis\u00e9es par la crise, qui sont ferm\u00e9es totalement, partiellement ou qui n&rsquo;arrivent pas \u00e0 red\u00e9marrer, (ou celles) qui ne sont pas forc\u00e9ment ferm\u00e9es comme l&rsquo;h\u00f4tellerie ou l&rsquo;\u00e9v\u00e9nementiel\u00a0\u00bb.<\/h3>\n<p>Concernant une hausse \u00e9ventuelle du fonds de solidarit\u00e9 pour \u00e9viter des faillites en cascade, Mme Borne a estim\u00e9 qu&rsquo;il fallait \u00ab\u00a0maintenir\u00a0\u00bb ce dispositif \u00ab\u00a0pour les secteurs en difficult\u00e9 tout le temps que ce sera(it) n\u00e9cessaire\u00a0\u00bb.<\/p>\n<p>Interrog\u00e9e sur la r\u00e9forme des retraites, Mme Borne l&rsquo;a jug\u00e9e n\u00e9cessaire et devant se faire \u00ab\u00a0dans la concertation\u00a0\u00bb, en estimant que la \u00ab\u00a0priorit\u00e9 absolue\u00a0\u00bb \u00e9tait de \u00ab\u00a0surmonter la crise\u00a0\u00bb \u00e9conomique li\u00e9e au Covid-19 dans le respect du \u00ab\u00a0dialogue avec les partenaires sociaux\u00a0\u00bb.<\/p>\n<p>Elle s&rsquo;\u00e9tait oppos\u00e9e fin novembre sur ce sujet au ministre de l&rsquo;Economie, Bruno Le Maire, qui l&rsquo;avait qualifi\u00e9e de \u00ab\u00a0priorit\u00e9 absolue\u00a0\u00bb et pr\u00e9sent\u00e9e comme un facteur de \u00ab\u00a0retour \u00e0 la croissance\u00a0\u00bb.<\/p>\n<p>Concernant la proposition du Conseil d&rsquo;analyse \u00e9conomique (CAE), think tank rattach\u00e9 \u00e0 Matignon, d&rsquo;institutionnaliser la reprise en main du r\u00e9gime par l&rsquo;Etat de l&rsquo;assurance-ch\u00f4mage et de faire fi des partenaires sociaux, la ministre a estim\u00e9 qu&rsquo;il s&rsquo;agissait d'\u00a0\u00bbun avis qui n&rsquo;engage qu&rsquo;eux\u00a0\u00bb. (AFP)<\/p>\n","protected":false},"excerpt":{"rendered":"<p>Elisabeth Borne, ministre du Travail, a r\u00e9affirm\u00e9 jeudi que l&rsquo;Etat continuerait \u00e0 prendre en charge \u00e0 100% l&rsquo;activit\u00e9 partielle des entreprises \u00ab\u00a0tant que la crise durera\u00a0\u00bb, \u00e0 quelques heures d&rsquo;une nouvelle allocution du Premier ministre, Jean Castex. \u00ab\u00a0C&rsquo;est tr\u00e8s clair, je veux vraiment que les entreprises soient rassur\u00e9es, en particulier celles qui sont ferm\u00e9es, qui [&hellip;]<\/p>\n","protected":false},"author":1,"featured_media":8897,"comment_status":"open","ping_status":"closed","sticky":false,"template":"","format":"standard","meta":{"footnotes":""},"categories":[1],"tags":[1580,1577,1579,1578],"class_list":["post-8896","post","type-post","status-publish","format-standard","has-post-thumbnail","hentry","category-economie","tag-activite-partielle-entreprises","tag-elisabeth-borne","tag-entreprises","tag-ministre-du-travail"],"aioseo_notices":[],"_links":{"self":[{"href":"https:\/\/www.culturalusa.com\/news\/wp-json\/wp\/v2\/posts\/8896","targetHints":{"allow":["GET"]}}],"collection":[{"href":"https:\/\/www.culturalusa.com\/news\/wp-json\/wp\/v2\/posts"}],"about":[{"href":"https:\/\/www.culturalusa.com\/news\/wp-json\/wp\/v2\/types\/post"}],"author":[{"embeddable":true,"href":"https:\/\/www.culturalusa.com\/news\/wp-json\/wp\/v2\/users\/1"}],"replies":[{"embeddable":true,"href":"https:\/\/www.culturalusa.com\/news\/wp-json\/wp\/v2\/comments?post=8896"}],"version-history":[{"count":0,"href":"https:\/\/www.culturalusa.com\/news\/wp-json\/wp\/v2\/posts\/8896\/revisions"}],"wp:featuredmedia":[{"embeddable":true,"href":"https:\/\/www.culturalusa.com\/news\/wp-json\/wp\/v2\/media\/8897"}],"wp:attachment":[{"href":"https:\/\/www.culturalusa.com\/news\/wp-json\/wp\/v2\/media?parent=8896"}],"wp:term":[{"taxonomy":"category","embeddable":true,"href":"https:\/\/www.culturalusa.com\/news\/wp-json\/wp\/v2\/categories?post=8896"},{"taxonomy":"post_tag","embeddable":true,"href":"https:\/\/www.culturalusa.com\/news\/wp-json\/wp\/v2\/tags?post=8896"}],"curies":[{"name":"wp","href":"https:\/\/api.w.org\/{rel}","templated":true}]}}