{"id":8916,"date":"2021-01-17T13:29:37","date_gmt":"2021-01-17T12:29:37","guid":{"rendered":"https:\/\/www.culturalusa.com\/news\/?p=8916"},"modified":"2025-09-15T18:56:15","modified_gmt":"2025-09-15T16:56:15","slug":"presidentielles-portugal-2021-qui-sont-les-sept-candidats-au-palais-de-belem","status":"publish","type":"post","link":"https:\/\/www.culturalusa.com\/news\/portugal\/presidentielles-portugal-2021-qui-sont-les-sept-candidats-au-palais-de-belem\/","title":{"rendered":"Pr\u00e9sidentielles Portugal 2021: Qui sont les sept candidats au Palais de Bel\u00e9m"},"content":{"rendered":"<h2>Portugal: La Cour constitutionnelle (TC) a admis sept candidatures aux <strong>\u00e9lections \u00e0 la pr\u00e9sidence de la R\u00e9publique<\/strong>, qui se tiendront le 24 janvier.<\/h2>\n<p>Bien que sept candidats aient \u00e9t\u00e9 accept\u00e9s sur les bulletins de vote, qui sont sous la responsabilit\u00e9 de la Commission \u00e9lectorale nationale, il y a huit noms. Le premier est celui de l&rsquo;officier militaire Eduardo Baptista qui a \u00e9t\u00e9 accept\u00e9 pour faire appel au TC pour \u00e9tablir l&rsquo;ordre des noms sur le bulletin de vote, mais dont la candidature a \u00e9t\u00e9 rejet\u00e9e pour avoir pr\u00e9sent\u00e9 plusieurs irr\u00e9gularit\u00e9s.<\/p>\n<p>Avec la publication de l&rsquo;arr\u00eat, des d\u00e9lais pour les recours et les plaintes sont ouverts, auxquels il faudra r\u00e9pondre selon le calendrier \u00e9lectoral.<\/p>\n<p><strong>Ci-apr\u00e8s, dans l&rsquo;ordre \u00e9tabli par la Cour constitutionnelle pour les bulletins de vote, un bref portrait des sept candidats \u00e0 la pr\u00e9sidentielle:<\/strong><\/p>\n<h3>Marisa Matias<\/h3>\n<p>Marisa Isabel dos Santos Matias, 44 ans, est sociologue et eurod\u00e9put\u00e9e \u00e9lue par le <strong>parti &lsquo;Bloco de Esquerda&rsquo; <\/strong><span style=\"color: #800000;\"><strong>(BE &#8211; Extr\u00eame Gauche)<\/strong> <\/span>depuis 2009, parti dont elle est leader, int\u00e9grant le Bureau National et la Commission Politique.<\/p>\n<p>Apr\u00e8s avoir dirig\u00e9 la liste de blocage au conseil municipal de Coimbra, en 2005, elle a \u00e9t\u00e9 \u00e9lue eurod\u00e9put\u00e9e quatre ans plus tard (\u00abnum\u00e9ro 2\u00bb), apr\u00e8s avoir \u00e9t\u00e9 r\u00e9\u00e9lue en 2014 et 2019, d\u00e9j\u00e0 en t\u00eate de liste.<\/p>\n<p>En 2016, elle \u00e9tait candidate \u00e0 la pr\u00e9sidentielle, apr\u00e8s avoir \u00e9t\u00e9 \u00e0 la troisi\u00e8me place, avec 10,12% des voix, le meilleur r\u00e9sultat jamais obtenu d&rsquo;une femme dans ce type de suffrage.<\/p>\n<p>Elle a annonc\u00e9 sa candidature le 9 septembre 2020 et a le soutien de son parti, BE (Bloco de Esquerda).<\/p>\n<h3>Marcelo Rebelo de Sousa<\/h3>\n<p>Marcelo Nuno Duarte Rebelo de Sousa, 72 ans, est professeur de droit \u00e0 la retraite, commentateur politique \u00e0 la radio et \u00e0 la t\u00e9l\u00e9vision et est l&rsquo;actuel chef de l&rsquo;Etat.<\/p>\n<p>Entre 1996 et 1999, Rebelo de Sousa a \u00e9t\u00e9 pr\u00e9sident du <span style=\"color: #800000;\"><strong>parti PSD (Droite social d\u00e9mocracie)<\/strong><\/span>, un parti qui a approuv\u00e9 fin septembre une motion en faveur de sa r\u00e9\u00e9lection. Le CDS-PP a \u00e9galement d\u00e9cid\u00e9 de soutenir la r\u00e9\u00e9lection du Pr\u00e9sident de la R\u00e9publique.<\/p>\n<p>Membre de l&rsquo;Assembl\u00e9e constituante en 1975, secr\u00e9taire d&rsquo;\u00c9tat \u00e0 la pr\u00e9sidence du Conseil des ministres du VIII gouvernement constitutionnel et ministre des affaires parlementaires (entre 1981 et 1982), le \u00abfilleul\u00bb de l&rsquo;ancien pr\u00e9sident du Conseil Marcello Caetano, a \u00e9galement pr\u00e9sid\u00e9 les assembl\u00e9es municipales de Cascais et Celorico de Basto.<\/p>\n<p>Il a pris la direction de l&rsquo;\u00c9tat le 9 mars 2016, apr\u00e8s avoir \u00e9t\u00e9 \u00e9lu au premier tour avec 52% des suffrages exprim\u00e9s, et ce n&rsquo;est que le 7 d\u00e9cembre qu&rsquo;il a publiquement assum\u00e9 la r\u00e9\u00e9lection pour un nouveau mandat de cinq ans, apr\u00e8s des mois de \u00abtabou\u00bb.<\/p>\n<h3>Tiago Mayan<\/h3>\n<p>Tiago Mayan Gon\u00e7alves, 43 ans, est avocat et l&rsquo;un des fondateurs du<span style=\"color: #800000;\"><strong> parti Initiative lib\u00e9rale (Droite)<\/strong><\/span>. Il a \u00e9t\u00e9 pr\u00e9sident du Conseil de juridiction du parti, poste qu&rsquo;il a quitt\u00e9 lors du dernier congr\u00e8s, restant un militant de la base.<\/p>\n<p>Il \u00e9tait un activiste du PSD et a \u00e9t\u00e9 impliqu\u00e9 dans les campagnes et le mouvement \u00abPorto, notre parti\u00bb, qui a \u00e9lu Rui Moreira \u00e0 la pr\u00e9sidence de cette mairie, \u00e9tant un membre suppl\u00e9ant de l&rsquo;Assembl\u00e9e de l&rsquo;Union paroissiale d&rsquo;Aldoar, Foz do Douro et Nevogilde pour ce mouvement.<\/p>\n<p>Il a annonc\u00e9 sa candidature le 25 juillet 2020 et a le soutien de l&rsquo;Initiative lib\u00e9rale.<\/p>\n<h3>Andr\u00e9 Ventura<\/h3>\n<p>Andr\u00e9 Ventura, 37 ans, est professeur d&rsquo;universit\u00e9, pr\u00e9sident du <span style=\"color: #800000;\"><strong>parti CHEGA (Droite conservatrice)<\/strong><\/span> et d\u00e9put\u00e9 depuis 2019, ann\u00e9e o\u00f9 le parti s&rsquo;est pr\u00e9sent\u00e9 pour la premi\u00e8re fois aux \u00e9lections l\u00e9gislatives et a \u00e9lu un parlementaire.<\/p>\n<p>Il \u00e9tait militant du PSD et candidat de ce parti \u00e0 la mairie de Loures en 2017.<\/p>\n<p>Cependant, en octobre, Chega a rejoint la coalition post-\u00e9lectorale compos\u00e9e du PSD, du CDS-PP et du PPM, ainsi que de l&rsquo;Initiative lib\u00e9rale, pour garantir une solution gouvernementale dans la r\u00e9gion autonome des A\u00e7ores.<\/p>\n<p>Le repr\u00e9sentant du <span style=\"color: #800000;\"><strong>parti Chega<\/strong><\/span>, parlementaire, a \u00e9t\u00e9 le premier \u00e0 pr\u00e9-annoncer sa candidature \u00e0 la pr\u00e9sidence de la R\u00e9publique le 29 f\u00e9vrier.<\/p>\n<h3>Vitorino Silva<\/h3>\n<p>Vitorino Francisco da Rocha e Silva (dit Tino de Rans), 49 ans, est \u00ab\u00a0calceteiro\u00a0\u00bb et a \u00e9t\u00e9 pr\u00e9sident du Conseil paroissial de Rans (Penafiel) entre 1994 et 2002, \u00e9lu par les listes du PS.<\/p>\n<p>Il \u00e9tait connu au niveau national pour un discours qu&rsquo;il a prononc\u00e9 au XIe Congr\u00e8s du Parti socialiste en 1999, qui a fait rire les militants et s&rsquo;est termin\u00e9 par un c\u00e2lin au secr\u00e9taire g\u00e9n\u00e9ral de l&rsquo;\u00e9poque, Ant\u00f3nio Guterres, aujourd&rsquo;hui secr\u00e9taire g\u00e9n\u00e9ral des Nations Unies.<\/p>\n<p>Aux \u00e9lections municipales de 2009, il s&rsquo;est pr\u00e9sent\u00e9 comme ind\u00e9pendant \u00e0 la municipalit\u00e9 de Valongo et, en 2017, \u00e0 Penafiel.<\/p>\n<p>Il y a cinq ans, il \u00e9tait candidat \u00e0 la pr\u00e9sidence de la R\u00e9publique, ayant obtenu 3,28% des voix, et en 2019, il a fond\u00e9 le <span style=\"color: #800000;\"><strong>parti RIR (Reagir, Incluir, Reciclar)<\/strong><\/span>, apr\u00e8s avoir annonc\u00e9 sa deuxi\u00e8me candidature pour Bel\u00e9m le 13 septembre, \u00e0 Porto.<\/p>\n<h3>Jo\u00e3o Ferreira<\/h3>\n<p>Jo\u00e3o Manuel Peixoto Ferreira, 42 ans, est biologiste, d\u00e9put\u00e9 europ\u00e9en et conseiller \u00e0 la mairie de Lisbonne.<\/p>\n<p>Il a \u00e9t\u00e9 promu au XXIe Congr\u00e8s national du <strong>parti communiste<\/strong> <span style=\"color: #800000;\"><strong>PCP (Extr\u00eame Gauche)<\/strong><\/span>, en novembre, \u00e0 Loures, au comit\u00e9 politique du Comit\u00e9 central communiste, apr\u00e8s avoir \u00e9t\u00e9 le chef de liste par la CDU (PCP, \u00abOs Verdes\u00bb et Associa\u00e7\u00e3o Interven\u00e7\u00e3o Democr\u00e1tica) en European2019 et European2014 et, pour Lisbonne, Aut\u00e1rquicas2017 et Aut\u00e1rquicas2013.<\/p>\n<p>Au Parlement europ\u00e9en, Jo\u00e3o Ferreira est vice-pr\u00e9sident de \u00ab\u00a0Grupo Confederal da Esquerda Unit\u00e1ria Europeia\/Esquerda Verdes N\u00f3rdica (GUE\/NGL)\u00a0\u00bb<\/p>\n<p>C&rsquo;est le <strong>parti Communiste (PCP)<\/strong> qui a annonc\u00e9, le 12 septembre, sa candidature \u00e0 Bel\u00e9m, ayant, entre-temps, recueilli le soutien du Parti \u00e9cologiste \u00abOs Verdes\u00bb<\/p>\n<h3>Ana Gomes<\/h3>\n<p>Ana Maria Rosa Martins Gomes, 66 ans, est avocate et diplomate, qui s&rsquo;est d\u00e9marqu\u00e9e en tant que chef de la mission portugaise en Indon\u00e9sie pendant le processus d&rsquo;ind\u00e9pendance du Timor-Leste.<\/p>\n<p>Actuellement, elle est membre de base du <span style=\"color: #800000;\"><strong>parti socialiste PS (Gauche)<\/strong><\/span>, parti pour lequel elle a \u00e9t\u00e9 d\u00e9put\u00e9 europ\u00e9en entre 2004 et 2019 et dans lequel elle est devenue membre de l&rsquo;organe restreint de la direction, du Secr\u00e9tariat national, sous la direction de Ferro Rodrigues (2003-2004).<\/p>\n<p>Le PS a d\u00e9cid\u00e9 que l&rsquo;orientation des \u00e9lections pr\u00e9sidentielles serait la libert\u00e9 de vote, sans indication d&rsquo;un candidat pr\u00e9f\u00e9r\u00e9, Ana Gomes recueillant le soutien de personnalit\u00e9s socialistes telles que l&rsquo;historique Manuel Alegre, l&rsquo;ancien d\u00e9put\u00e9 europ\u00e9en Francisco Assis, le ministre de l&rsquo;Infrastructure et du Logement, Pedro Nuno Santos ou le secr\u00e9taire d&rsquo;\u00c9tat aux Affaires parlementaires, Duarte Cordeiro. Elle a annonc\u00e9 sa candidature \u00e0 la pr\u00e9sidence de la R\u00e9publique le 8 septembre et a le soutien des partis PAN et Livre.<\/p>\n","protected":false},"excerpt":{"rendered":"<p>Portugal: La Cour constitutionnelle (TC) a admis sept candidatures aux \u00e9lections \u00e0 la pr\u00e9sidence de la R\u00e9publique, qui se tiendront le 24 janvier. Bien que sept candidats aient \u00e9t\u00e9 accept\u00e9s sur les bulletins de vote, qui sont sous la responsabilit\u00e9 de la Commission \u00e9lectorale nationale, il y a huit noms. Le premier est celui de [&hellip;]<\/p>\n","protected":false},"author":1,"featured_media":8917,"comment_status":"open","ping_status":"closed","sticky":false,"template":"","format":"standard","meta":{"footnotes":""},"categories":[3],"tags":[429,1587,1586],"class_list":["post-8916","post","type-post","status-publish","format-standard","has-post-thumbnail","hentry","category-portugal","tag-elections-presidentielles-portugaises","tag-palais-de-belem","tag-presidentielles-portugal-2021"],"aioseo_notices":[],"_links":{"self":[{"href":"https:\/\/www.culturalusa.com\/news\/wp-json\/wp\/v2\/posts\/8916","targetHints":{"allow":["GET"]}}],"collection":[{"href":"https:\/\/www.culturalusa.com\/news\/wp-json\/wp\/v2\/posts"}],"about":[{"href":"https:\/\/www.culturalusa.com\/news\/wp-json\/wp\/v2\/types\/post"}],"author":[{"embeddable":true,"href":"https:\/\/www.culturalusa.com\/news\/wp-json\/wp\/v2\/users\/1"}],"replies":[{"embeddable":true,"href":"https:\/\/www.culturalusa.com\/news\/wp-json\/wp\/v2\/comments?post=8916"}],"version-history":[{"count":2,"href":"https:\/\/www.culturalusa.com\/news\/wp-json\/wp\/v2\/posts\/8916\/revisions"}],"predecessor-version":[{"id":13776,"href":"https:\/\/www.culturalusa.com\/news\/wp-json\/wp\/v2\/posts\/8916\/revisions\/13776"}],"wp:featuredmedia":[{"embeddable":true,"href":"https:\/\/www.culturalusa.com\/news\/wp-json\/wp\/v2\/media\/8917"}],"wp:attachment":[{"href":"https:\/\/www.culturalusa.com\/news\/wp-json\/wp\/v2\/media?parent=8916"}],"wp:term":[{"taxonomy":"category","embeddable":true,"href":"https:\/\/www.culturalusa.com\/news\/wp-json\/wp\/v2\/categories?post=8916"},{"taxonomy":"post_tag","embeddable":true,"href":"https:\/\/www.culturalusa.com\/news\/wp-json\/wp\/v2\/tags?post=8916"}],"curies":[{"name":"wp","href":"https:\/\/api.w.org\/{rel}","templated":true}]}}