{"id":8942,"date":"2021-01-22T11:51:21","date_gmt":"2021-01-22T10:51:21","guid":{"rendered":"https:\/\/www.culturalusa.com\/news\/?p=8942"},"modified":"2021-01-22T11:57:58","modified_gmt":"2021-01-22T10:57:58","slug":"ue-appelle-a-limiter-les-voyages-face-a-une-situation-tres-grave","status":"publish","type":"post","link":"https:\/\/www.culturalusa.com\/news\/actualite\/ue-appelle-a-limiter-les-voyages-face-a-une-situation-tres-grave\/","title":{"rendered":"UE appelle \u00e0 limiter les voyages face \u00e0 une \u00ab\u00a0situation tr\u00e8s grave\u00a0\u00bb"},"content":{"rendered":"<p>CoronaVirus: <strong>l&rsquo;Union Europ\u00e9enne a appel\u00e9 \u00e0 \u00e9viter les voyages non essentiels entre les pays du bloc pour faire face \u00e0 la menace des nouveaux variants du coronavirus<\/strong>, jugeant la situation sanitaire \u00ab\u00a0tr\u00e8s grave\u00a0\u00bb, \u00e0 l&rsquo;issue d&rsquo;un sommet des Vingt-Sept par vid\u00e9oconf\u00e9rence jeudi. <span style=\"color: #800000;\"><strong>Contr\u00f4les aux fronti\u00e8res<\/strong><\/span> internes de l\u2019UE pour les voyages non-essentiels afin d&rsquo;endiguer la recrudescence de l&rsquo;\u00e9pid\u00e9mie.<\/p>\n<p>La France a annonc\u00e9 dans la foul\u00e9e qu&rsquo;elle imposerait \u00e0 partir de dimanche aux <strong>voyageurs en provenance d&rsquo;autres pays europ\u00e9ens la pr\u00e9sentation d&rsquo;un test PCR r\u00e9alis\u00e9 72H avant le d\u00e9part<\/strong>. Une obligation qui ne concerne toutefois pas les voyages essentiels, les travailleurs frontaliers.<\/p>\n<blockquote><p>Faisant \u00e9cho \u00e0 l&rsquo;agence europ\u00e9enne charg\u00e9e des \u00e9pid\u00e9mies (ECDC), la pr\u00e9sidente de la Commission europ\u00e9enne Ursula von der Leyen a estim\u00e9 jeudi soir que <span style=\"color: #800000;\">\u00ab\u00a0tous les voyages non essentiels\u00a0\u00bb devaient \u00ab\u00a0\u00eatre fortement d\u00e9conseill\u00e9s\u00a0\u00bb.<\/span> \u00ab\u00a0Nous sommes de plus en plus <span style=\"color: #800000;\">inquiets au sujet des diff\u00e9rents variants\u00a0\u00bb du coronavirus<\/span>, a reconnu Mme von der Leyen.<\/p><\/blockquote>\n<p>Elle a propos\u00e9 une nouvelle d\u00e9finition plus pr\u00e9cise des zones \u00e0 risques du point de vue sanitaire, avec une nouvelle cat\u00e9gorie \u00ab\u00a0rouge sombre\u00a0\u00bb. Au sein de l&rsquo;UE, les voyageurs en provenance de ces r\u00e9gions pourraient \u00eatre soumis \u00e0 l&rsquo;obligation de subir un test avant leur d\u00e9part et de se mettre en quarantaine \u00e0 leur arriv\u00e9e.<\/p>\n<p>Concernant les pays hors UE, \u00ab\u00a0nous proposerons des mesures de s\u00e9curit\u00e9 suppl\u00e9mentaires pour les voyages essentiels vers l&rsquo;Europe, par exemple en exigeant un test avant le d\u00e9part\u00a0\u00bb, a-t-elle ajout\u00e9.<\/p>\n<p>Le contr\u00f4le des fronti\u00e8res est une pr\u00e9rogative nationale, mais les Europ\u00e9ens tentent de se coordonner pour pr\u00e9server le fonctionnement du march\u00e9 int\u00e9rieur, le transport de marchandises et le quotidien des travailleurs transfrontaliers. Ils veulent \u00e9viter le chaos qui avait suivi les fermetures de fronti\u00e8res en ordre dispers\u00e9 lors de l&rsquo;arriv\u00e9e de l&rsquo;\u00e9pid\u00e9mie au printemps dernier.<\/p>\n<blockquote><p>Face aux variants du coronavirus (britannique, sud-africain), plus contagieux, plusieurs pays ont d\u00e9j\u00e0 durci les restrictions ces derniers jours, comme l&rsquo;Allemagne mardi. Les Pays-Bas ont annonc\u00e9 jeudi soir un couvre-feu \u00e0 partir de 21h00, le Portugal une fermeture de ses \u00e9coles.<\/p><\/blockquote>\n<h3>Effort \u00e9norme<\/h3>\n<p>A la veille du sommet, les Europ\u00e9ens \u00e9taient finalement parvenus \u00e0 s&rsquo;entendre sur une reconnaissance mutuelle des r\u00e9sultats des tests, \u00e0 la fois PCR et antig\u00e9niques rapides, une avanc\u00e9e valid\u00e9e jeudi soir.<\/p>\n<p>Pour d\u00e9tecter les mutations du coronavirus, la Commission europ\u00e9enne a exhort\u00e9 les Etats de l&rsquo;UE \u00e0 accro\u00eetre le s\u00e9quen\u00e7age, jugeant le niveau actuel insuffisant. Elle les a aussi appel\u00e9s \u00e0 acc\u00e9l\u00e9rer la vaccination, en prot\u00e9geant 70% de la population adulte avant la fin de l&rsquo;\u00e9t\u00e9 et 80% des membres du personnel de sant\u00e9 et des plus de 80 ans d&rsquo;ici \u00e0 mars.<\/p>\n<p>Des objectifs soutenus par les 27, selon Ursula von der Leyen. \u00ab\u00a0C&rsquo;est un effort \u00e9norme mais c&rsquo;est faisable\u00a0\u00bb, a-t-elle martel\u00e9.<\/p>\n<p>Le pr\u00e9sident du Conseil europ\u00e9en Charles Michel a assur\u00e9 que \u00ab\u00a0tous les moyens possibles\u00a0\u00bb seraient \u00ab\u00a0examin\u00e9s pour assurer un approvisionnement rapide\u00a0\u00bb en vaccins, alors que les retards de livraisons de Pfizer-BioNTech -l&rsquo;un des deux autoris\u00e9s dans l&rsquo;UE- ont contraint plusieurs pays \u00e0 ralentir leur calendrier initial.<\/p>\n<p>Outre Pfizer-BioNTech, le vaccin Moderna est \u00e9galement autoris\u00e9 dans l&rsquo;UE et l&rsquo;avis de l&rsquo;Agence europ\u00e9enne des m\u00e9dicaments (EMA) sur celui d&rsquo;AstraZeneca, d\u00e9j\u00e0 utilis\u00e9 au Royaume-Uni, doit intervenir avant la fin du mois.<\/p>\n<h3>Impatience des Vaccins<\/h3>\n<p><strong>L&rsquo;UE a au total sign\u00e9 six contrats pour des vaccins avec des laboratoires pharmaceutiques et est en discussion avec deux autres (Novavax et Valneva), pour plus de 2,5 milliards de doses potentielles.<\/strong><\/p>\n<p>Signe d&rsquo;une impatience croissante, quatre pays -Autriche, Gr\u00e8ce, R\u00e9publique tch\u00e8que et Danemark- avaient \u00e9crit une lettre \u00e0 Charles Michel pour r\u00e9clamer que le processus d&rsquo;approbation des vaccins par l&rsquo;EMA soit plus rapide.<\/p>\n<p>Ath\u00e8nes a aussi plaid\u00e9 pour la mise en place d&rsquo;un certificat \u00ab\u00a0standardis\u00e9\u00a0\u00bb de vaccination au sein de l&rsquo;UE, une proposition discut\u00e9e au sommet.<\/p>\n<p>La Gr\u00e8ce souhaite sauver son industrie touristique, mais l&rsquo;id\u00e9e de se servir de ce certificat pour permettre aux personnes vaccin\u00e9es de voyager est jug\u00e9e pr\u00e9matur\u00e9e par plusieurs Etats membres, en raison de la faible proportion de la population vaccin\u00e9e et des incertitudes concernant l&rsquo;effet du vaccin sur la transmission du virus.<\/p>\n<p>\u00ab\u00a0Nous devrions \u00eatre en mesure de nous mettre d&rsquo;accord\u00a0\u00bb sur des normes communes pour ces certificats, a d\u00e9clar\u00e9 Charles Michel. \u00ab\u00a0Dans un second temps nous pourrons voir si et dans quelles circonstances ce certificat peut \u00eatre utilis\u00e9\u00a0\u00bb. (AFP)<\/p>\n","protected":false},"excerpt":{"rendered":"<p>CoronaVirus: l&rsquo;Union Europ\u00e9enne a appel\u00e9 \u00e0 \u00e9viter les voyages non essentiels entre les pays du bloc pour faire face \u00e0 la menace des nouveaux variants du coronavirus, jugeant la situation sanitaire \u00ab\u00a0tr\u00e8s grave\u00a0\u00bb, \u00e0 l&rsquo;issue d&rsquo;un sommet des Vingt-Sept par vid\u00e9oconf\u00e9rence jeudi. Contr\u00f4les aux fronti\u00e8res internes de l\u2019UE pour les voyages non-essentiels afin d&rsquo;endiguer la [&hellip;]<\/p>\n","protected":false},"author":1,"featured_media":8943,"comment_status":"open","ping_status":"closed","sticky":false,"template":"","format":"standard","meta":{"footnotes":""},"categories":[30],"tags":[1360,173,1430,1594],"class_list":["post-8942","post","type-post","status-publish","format-standard","has-post-thumbnail","hentry","category-actualite","tag-controles-frontieres","tag-union-europeenne","tag-vaccins","tag-variants-coronavirus"],"aioseo_notices":[],"_links":{"self":[{"href":"https:\/\/www.culturalusa.com\/news\/wp-json\/wp\/v2\/posts\/8942","targetHints":{"allow":["GET"]}}],"collection":[{"href":"https:\/\/www.culturalusa.com\/news\/wp-json\/wp\/v2\/posts"}],"about":[{"href":"https:\/\/www.culturalusa.com\/news\/wp-json\/wp\/v2\/types\/post"}],"author":[{"embeddable":true,"href":"https:\/\/www.culturalusa.com\/news\/wp-json\/wp\/v2\/users\/1"}],"replies":[{"embeddable":true,"href":"https:\/\/www.culturalusa.com\/news\/wp-json\/wp\/v2\/comments?post=8942"}],"version-history":[{"count":0,"href":"https:\/\/www.culturalusa.com\/news\/wp-json\/wp\/v2\/posts\/8942\/revisions"}],"wp:featuredmedia":[{"embeddable":true,"href":"https:\/\/www.culturalusa.com\/news\/wp-json\/wp\/v2\/media\/8943"}],"wp:attachment":[{"href":"https:\/\/www.culturalusa.com\/news\/wp-json\/wp\/v2\/media?parent=8942"}],"wp:term":[{"taxonomy":"category","embeddable":true,"href":"https:\/\/www.culturalusa.com\/news\/wp-json\/wp\/v2\/categories?post=8942"},{"taxonomy":"post_tag","embeddable":true,"href":"https:\/\/www.culturalusa.com\/news\/wp-json\/wp\/v2\/tags?post=8942"}],"curies":[{"name":"wp","href":"https:\/\/api.w.org\/{rel}","templated":true}]}}