{"id":8951,"date":"2021-01-23T11:42:17","date_gmt":"2021-01-23T10:42:17","guid":{"rendered":"https:\/\/www.culturalusa.com\/news\/?p=8951"},"modified":"2021-01-23T11:45:47","modified_gmt":"2021-01-23T10:45:47","slug":"aucun-retard-dans-la-campagne-de-vaccination-francaise-assure-pannier-runacher","status":"publish","type":"post","link":"https:\/\/www.culturalusa.com\/news\/actualite\/aucun-retard-dans-la-campagne-de-vaccination-francaise-assure-pannier-runacher\/","title":{"rendered":"Aucun retard dans la campagne de vaccination fran\u00e7aise, assure Pannier-Runacher"},"content":{"rendered":"<p>En France <strong>le plan de vaccination n&rsquo;est pas remis en cause par les d\u00e9lais de livraison annonc\u00e9s par certains industriels<\/strong>, derni\u00e8rement AstraZeneca, a assur\u00e9 samedi la ministre d\u00e9l\u00e9gu\u00e9e \u00e0 l&rsquo;Industrie, Agn\u00e9s Pannier-Runacher.<\/p>\n<h3>\u00ab\u00a0Nous avons de nouveaux vaccins qui arrivent, nous avons Pfizer qui augmente ses capacit\u00e9s de production\u00a0\u00bb, a-t-elle d\u00e9clar\u00e9 sur France Inter.<\/h3>\n<p>\u00ab\u00a0On avait indiqu\u00e9 un million de personnes vaccin\u00e9es \u00e0 la fin du mois de janvier, nous sommes \u00e0 950.000 aujourd&rsquo;hui. Donc cet objectif sera d\u00e9pass\u00e9\u00a0\u00bb, a indiqu\u00e9 la ministre.<\/p>\n<p>\u00ab\u00a0Nous avons \u00e9galement indiqu\u00e9 15 millions de personnes vaccin\u00e9es au mois de juin. Je suis raisonnablement confiante pour que cet objectif soit d\u00e9pass\u00e9\u00a0\u00bb, a-t-elle poursuivi.<\/p>\n<blockquote><p>Les livraisons du vaccin AstraZeneca\/Oxford en Europe, sous r\u00e9serve de son approbation, seront moins importantes que pr\u00e9vu, en raison d&rsquo;une \u00ab\u00a0baisse de rendement\u00a0\u00bb sur un site de fabrication, a indiqu\u00e9 vendredi le groupe britannique.<\/p><\/blockquote>\n<h3>La Commission europ\u00e9enne avait initialement r\u00e9serv\u00e9 jusqu&rsquo;\u00e0 400 millions de doses de ce vaccin.<\/h3>\n<p>\u00ab\u00a0L&rsquo;union a command\u00e9 beaucoup de doses\u00a0\u00bb, a soulign\u00e9 Mme Pannier-Runacher.<\/p>\n<p>\u00ab\u00a0S&rsquo;agissant d&rsquo;AstraZeneca, ils nous indiquent avoir une difficult\u00e9 sur une usine donc je leur ai propos\u00e9 de travailler \u00e0 trouver des solutions, peut-\u00eatre en allant chercher d&rsquo;autres usines pour produire et ils nous disent +on pr\u00e9f\u00e8re concentrer nos \u00e9quipes sur cette usine pour passer ce cap difficile+\u00a0\u00bb, a-t-elle fait savoir.<\/p>\n<p>\u00ab\u00a0Donc tout le monde est \u00e0 la manoeuvre, tout le monde est mobilis\u00e9\u00a0\u00bb, a-t-elle jug\u00e9, sans donner de chiffre sur l&rsquo;impact des retards annonc\u00e9s par AstraZeneca.<\/p>\n<p>Le groupe am\u00e9ricain Pfizer avait aussi annonc\u00e9 des retards de livraison pour le vaccin d\u00e9velopp\u00e9 avec l&rsquo;allemand BioNTech, mais les partenaires ont ensuite annonc\u00e9 un \u00ab\u00a0plan\u00a0\u00bb pour les limiter \u00e0 une semaine.<\/p>\n<p>\u00ab\u00a0En France nous n&rsquo;avons pas de retards de livraison de doses de Pfizer. <strong>Il y a eu un ralentissement la semaine derni\u00e8re mais qui est rattrap\u00e9\u00a0\u00bb<\/strong>, a assur\u00e9 Agn\u00e9s Pannier-Runacher.<\/p>\n<p>\u00ab\u00a0Plus de 2 millions de doses ont \u00e9t\u00e9 livr\u00e9es depuis le d\u00e9but de la campagne et ce sont essentiellement des doses de Pfizer puisque Moderna a un nombre de doses livr\u00e9es beaucoup moins importantes\u00a0\u00bb, a-t-elle pr\u00e9cis\u00e9. (AFP)<\/p>\n","protected":false},"excerpt":{"rendered":"<p>En France le plan de vaccination n&rsquo;est pas remis en cause par les d\u00e9lais de livraison annonc\u00e9s par certains industriels, derni\u00e8rement AstraZeneca, a assur\u00e9 samedi la ministre d\u00e9l\u00e9gu\u00e9e \u00e0 l&rsquo;Industrie, Agn\u00e9s Pannier-Runacher. \u00ab\u00a0Nous avons de nouveaux vaccins qui arrivent, nous avons Pfizer qui augmente ses capacit\u00e9s de production\u00a0\u00bb, a-t-elle d\u00e9clar\u00e9 sur France Inter. \u00ab\u00a0On avait [&hellip;]<\/p>\n","protected":false},"author":1,"featured_media":8783,"comment_status":"open","ping_status":"closed","sticky":false,"template":"","format":"standard","meta":{"footnotes":""},"categories":[30],"tags":[180,1597,1349],"class_list":["post-8951","post","type-post","status-publish","format-standard","has-post-thumbnail","hentry","category-actualite","tag-commission-europeenne","tag-plan-de-vaccination","tag-vaccination"],"aioseo_notices":[],"_links":{"self":[{"href":"https:\/\/www.culturalusa.com\/news\/wp-json\/wp\/v2\/posts\/8951","targetHints":{"allow":["GET"]}}],"collection":[{"href":"https:\/\/www.culturalusa.com\/news\/wp-json\/wp\/v2\/posts"}],"about":[{"href":"https:\/\/www.culturalusa.com\/news\/wp-json\/wp\/v2\/types\/post"}],"author":[{"embeddable":true,"href":"https:\/\/www.culturalusa.com\/news\/wp-json\/wp\/v2\/users\/1"}],"replies":[{"embeddable":true,"href":"https:\/\/www.culturalusa.com\/news\/wp-json\/wp\/v2\/comments?post=8951"}],"version-history":[{"count":0,"href":"https:\/\/www.culturalusa.com\/news\/wp-json\/wp\/v2\/posts\/8951\/revisions"}],"wp:featuredmedia":[{"embeddable":true,"href":"https:\/\/www.culturalusa.com\/news\/wp-json\/wp\/v2\/media\/8783"}],"wp:attachment":[{"href":"https:\/\/www.culturalusa.com\/news\/wp-json\/wp\/v2\/media?parent=8951"}],"wp:term":[{"taxonomy":"category","embeddable":true,"href":"https:\/\/www.culturalusa.com\/news\/wp-json\/wp\/v2\/categories?post=8951"},{"taxonomy":"post_tag","embeddable":true,"href":"https:\/\/www.culturalusa.com\/news\/wp-json\/wp\/v2\/tags?post=8951"}],"curies":[{"name":"wp","href":"https:\/\/api.w.org\/{rel}","templated":true}]}}