{"id":8959,"date":"2021-01-25T12:54:08","date_gmt":"2021-01-25T11:54:08","guid":{"rendered":"https:\/\/www.culturalusa.com\/news\/?p=8959"},"modified":"2021-01-25T14:57:19","modified_gmt":"2021-01-25T13:57:19","slug":"portugal-marcelo-rebelo-de-sousa-reelu-president-de-la-republique","status":"publish","type":"post","link":"https:\/\/www.culturalusa.com\/news\/portugal\/portugal-marcelo-rebelo-de-sousa-reelu-president-de-la-republique\/","title":{"rendered":"Portugal: Marcelo Rebelo de Sousa r\u00e9\u00e9lu Pr\u00e9sident de la R\u00e9publique"},"content":{"rendered":"<p><strong>Les Portugais ont reconduit dimanche leur pr\u00e9sident, Marcelo Rebelo de Sousa de (Droite social d\u00e9mocratie)<\/strong>, \u00e0 l&rsquo;issue d&rsquo;un scrutin r\u00e9alis\u00e9 en pleine tourmente sanitaire et marqu\u00e9 par une importante perc\u00e9e de la <strong>Droite conservatrice (anti-syt\u00e8me et anti-corruption)<\/strong>.<\/p>\n<blockquote><p>L&rsquo;actuel chef de l&rsquo;Etat, un ancien professeur de droit de 72 ans, devenu c\u00e9l\u00e8bre en tant que commentateur politique \u00e0 la t\u00e9l\u00e9vision, a obtenu 60,7% des voix, selon des r\u00e9sultats partiels portant sur la quasi-totalit\u00e9 des circonscriptions.<\/p><\/blockquote>\n<h3>L&rsquo;abstention aux \u00e9lections pr\u00e9sidentielles de dimanche \u00e9tait de 60,6% sur le territoire national, la plus \u00e9lev\u00e9 jamais enregistr\u00e9 en mati\u00e8re de suffrages pour le choix du chef de l&rsquo;Etat.<\/h3>\n<p>Dans son discours de victoire, il a promis de faire de la lutte contre la pand\u00e9mie sa \u00ab\u00a0premi\u00e8re priorit\u00e9\u00a0\u00bb, en remerciant les \u00e9lecteurs pour leur \u00ab\u00a0confiance renouvel\u00e9e dans des conditions tellement plus difficiles\u00a0\u00bb que celles d&rsquo;il y a cinq ans, lors de sa premi\u00e8re \u00e9lection.<\/p>\n<p>Avec <strong>12,97%<\/strong> des suffrages, l&rsquo;ex-eurod\u00e9put\u00e9e socialiste <strong>Ana Gomes<\/strong> est arriv\u00e9e en deuxi\u00e8me position, devan\u00e7ant in extremis le candidat de droite conservatrice <strong>Andr\u00e9 Ventura<\/strong>, qui a engrang\u00e9 <strong>11,9%<\/strong> des voix.<\/p>\n<p>Gr\u00e2ce \u00e0 ce r\u00e9sultat, le fondateur du parti antisyst\u00e8me \u00ab\u00a0Chega\u00a0\u00bb (\u00ab\u00a0\u00e7a suffit\u00a0\u00bb) confirme l&rsquo;assise de la droite populiste dans un pays qui a connu une longue dictature fasciste, et d&rsquo;un <a href=\"https:\/\/ensina.rtp.pt\/artigo\/a-tentativa-de-golpe-de-11-marco-de-1975\/\" target=\"_blank\" rel=\"noopener\"><strong>coup d&rsquo;\u00e9tat de l&rsquo;extr\u00eame-gauche en 1975<\/strong><\/a>, mais semblait jusqu&rsquo;ici passer \u00e0 c\u00f4t\u00e9 d&rsquo;une mouvance qui a fait des \u00e9mules ailleurs dans le monde.<\/p>\n<p>Ce juriste de 38 ans avait d&rsquo;abord cr\u00e9\u00e9 la surprise en entrant au Parlement lors des \u00e9lections l\u00e9gislatives de fin 2019, avec un score de 1,3%, soit pr\u00e8s de 70.000 voix.<\/p>\n<h3>Progression de la Droite Conservatrice (anti-syt\u00e8me et anti-corruption)<\/h3>\n<p>\u00ab\u00a0Pour la premi\u00e8re fois, un parti ouvertement antisyt\u00e8me et anti-corruption a rompu le champ de la droite traditionnelle, avec pr\u00e8s d&rsquo;un demi-million de voix\u00a0\u00bb.<\/p>\n<p>Il n&rsquo;a toutefois pas atteint l&rsquo;objectif qu&rsquo;il s&rsquo;\u00e9tait fix\u00e9 de battre la socialiste Ana Gomes, qui a fait campagne sans le soutien de son parti, ni du Premier ministre Antonio Costa qui le dirige, en promettant de faire barrage \u00e0 M. <strong>Andr\u00e9 Ventura<\/strong>.<\/p>\n<p>\u00ab\u00a0Si je n&rsquo;avais pas \u00e9t\u00e9 candidate, nous aurions encore plus \u00e0 regretter la progression de la droite anti-syt\u00e8me\u00a0\u00bb, a affirm\u00e9 cette ancienne diplomate et militante anticorruption \u00e2g\u00e9e de 66 ans.<\/p>\n<p>Le taux d&rsquo;abstention s&rsquo;est \u00e9lev\u00e9 \u00e0 60,6%, un record historique pour une \u00e9lection pr\u00e9sidentielle depuis l&rsquo;av\u00e8nement de la d\u00e9mocratie, en 1974.<\/p>\n<p>Mais candidats et analystes redoutaient une participation encore plus faible en raison de l&rsquo;explosion des cas de coronavirus que conna\u00eet actuellement le Portugal, dont les dix millions d&rsquo;habitants sont soumis depuis une dizaine de jours \u00e0 un deuxi\u00e8me confinement g\u00e9n\u00e9ral.<\/p>\n<p>Selon les donn\u00e9es collect\u00e9es par l&rsquo;AFP, c&rsquo;est le pays au monde ayant signal\u00e9 au cours des deux derni\u00e8res semaines le plus grand nombre de contagions et de d\u00e9c\u00e8s par Covid-19 en rapport avec sa population, d\u00e9pass\u00e9 seulement par l&rsquo;enclave britannique de Gibraltar.<\/p>\n<h3>Longues files d&rsquo;attente devant les bureaux de vote<\/h3>\n<p>Toute la journ\u00e9e, de nombreux \u00e9lecteurs ont d\u00fb faire de longues files d&rsquo;attente devant les bureaux de vote, en se tenant \u00e0 distance avant de pouvoir y entrer un par un.<\/p>\n<p><strong>La communaut\u00e9 portugaise de France se plaint d&rsquo;une \u00abn\u00e9gligence totale\u00bb lors des \u00e9lections.<\/strong><\/p>\n<p>Apr\u00e8s les commerces et les restaurants, le gouvernement s&rsquo;est r\u00e9solu \u00e0 fermer les \u00e9coles vendredi, tandis qu&rsquo;un nouveau record de d\u00e9c\u00e8s quotidiens a encore \u00e9t\u00e9 battu dimanche, portant le bilan total depuis le d\u00e9but de la pand\u00e9mie \u00e0 pr\u00e8s de 10.500 morts.<\/p>\n<p>\u00ab\u00a0M\u00eame si c&rsquo;est important de venir voter alors qu&rsquo;on est en confinement, cela n&rsquo;a aucun sens de sortir de la maison et de se regrouper avec des milliers de personnes\u00a0\u00bb, a regrett\u00e9 Luis Araujo, un \u00e9lecteur qui a vot\u00e9 dans un \u00e9cole de Lisbonne.<\/p>\n<p>En fin de campagne, le pr\u00e9sident sortant avait demand\u00e9 aux \u00e9lecteurs de se mobiliser pour \u00e9viter un second tour et \u00ab\u00a0\u00e9pargner aux Portugais le prolongement de l&rsquo;\u00e9lection pendant trois semaines cruciales\u00a0\u00bb pour freiner l&rsquo;\u00e9pid\u00e9mie.<\/p>\n<p>Au cours de son premier mandat, Marcelo Rebelo de Sousa a cohabit\u00e9 sans accroc majeur avec le gouvernement socialiste minoritaire d&rsquo;Antonio Costa.<\/p>\n<p>Au Portugal, le chef de l&rsquo;Etat n&rsquo;a aucun pouvoir ex\u00e9cutif mais joue un r\u00f4le d&rsquo;arbitre en cas de crise politique, et il peut dissoudre le Parlement pour convoquer des \u00e9lections l\u00e9gislatives anticip\u00e9es.<\/p>\n<h3><img decoding=\"async\" class=\"aligncenter\" src=\"https:\/\/www.culturalusa.com\/news\/wp-content\/uploads\/2021\/01\/elections-presidentielles-portugal-2021.jpg\" alt=\"\" width=\"100%\" \/><br \/>\n<a href=\"https:\/\/www.culturalusa.com\/news\/portugal\/presidentielles-portugal-2021-qui-sont-les-sept-candidats-au-palais-de-belem\/\">Qui sont les sept candidats au Palais de Bel\u00e9m ? en savoir plus\u00a0\u00bb <\/a><\/h3>\n","protected":false},"excerpt":{"rendered":"<p>Les Portugais ont reconduit dimanche leur pr\u00e9sident, Marcelo Rebelo de Sousa de (Droite social d\u00e9mocratie), \u00e0 l&rsquo;issue d&rsquo;un scrutin r\u00e9alis\u00e9 en pleine tourmente sanitaire et marqu\u00e9 par une importante perc\u00e9e de la Droite conservatrice (anti-syt\u00e8me et anti-corruption). L&rsquo;actuel chef de l&rsquo;Etat, un ancien professeur de droit de 72 ans, devenu c\u00e9l\u00e8bre en tant que commentateur [&hellip;]<\/p>\n","protected":false},"author":1,"featured_media":8960,"comment_status":"open","ping_status":"closed","sticky":false,"template":"","format":"standard","meta":{"footnotes":""},"categories":[3],"tags":[1599,1598,439,1586],"class_list":["post-8959","post","type-post","status-publish","format-standard","has-post-thumbnail","hentry","category-portugal","tag-droite-conservatrice","tag-droite-social-democratie","tag-marcelo-rebelo-de-sousa","tag-presidentielles-portugal-2021"],"aioseo_notices":[],"_links":{"self":[{"href":"https:\/\/www.culturalusa.com\/news\/wp-json\/wp\/v2\/posts\/8959","targetHints":{"allow":["GET"]}}],"collection":[{"href":"https:\/\/www.culturalusa.com\/news\/wp-json\/wp\/v2\/posts"}],"about":[{"href":"https:\/\/www.culturalusa.com\/news\/wp-json\/wp\/v2\/types\/post"}],"author":[{"embeddable":true,"href":"https:\/\/www.culturalusa.com\/news\/wp-json\/wp\/v2\/users\/1"}],"replies":[{"embeddable":true,"href":"https:\/\/www.culturalusa.com\/news\/wp-json\/wp\/v2\/comments?post=8959"}],"version-history":[{"count":0,"href":"https:\/\/www.culturalusa.com\/news\/wp-json\/wp\/v2\/posts\/8959\/revisions"}],"wp:featuredmedia":[{"embeddable":true,"href":"https:\/\/www.culturalusa.com\/news\/wp-json\/wp\/v2\/media\/8960"}],"wp:attachment":[{"href":"https:\/\/www.culturalusa.com\/news\/wp-json\/wp\/v2\/media?parent=8959"}],"wp:term":[{"taxonomy":"category","embeddable":true,"href":"https:\/\/www.culturalusa.com\/news\/wp-json\/wp\/v2\/categories?post=8959"},{"taxonomy":"post_tag","embeddable":true,"href":"https:\/\/www.culturalusa.com\/news\/wp-json\/wp\/v2\/tags?post=8959"}],"curies":[{"name":"wp","href":"https:\/\/api.w.org\/{rel}","templated":true}]}}