{"id":8974,"date":"2021-01-25T15:13:53","date_gmt":"2021-01-25T14:13:53","guid":{"rendered":"https:\/\/www.culturalusa.com\/news\/?p=8974"},"modified":"2021-01-25T15:17:59","modified_gmt":"2021-01-25T14:17:59","slug":"confrontee-aux-conflits-avec-la-turquie-la-grece-achete-18-rafale-a-la-france","status":"publish","type":"post","link":"https:\/\/www.culturalusa.com\/news\/actualite\/confrontee-aux-conflits-avec-la-turquie-la-grece-achete-18-rafale-a-la-france\/","title":{"rendered":"Confront\u00e9e aux conflits avec la Turquie, la Gr\u00e8ce ach\u00e8te 18 Rafale \u00e0 la France"},"content":{"rendered":"<p><strong>La Gr\u00e8ce doit conclure lundi l&rsquo;achat de 18 avions de combat Rafale \u00e0 la France<\/strong>, pour renforcer sa d\u00e9fense et son partenariat avec Paris face aux tensions accrues avec la Turquie voisine.<\/p>\n<p>La ministre fran\u00e7aise des Arm\u00e9es Florence Parly est attendue \u00e0 Ath\u00e8nes pour signer un contrat qui \u00ab\u00a0envoie un message clair dans plusieurs directions\u00a0\u00bb, selon son homologue Nikos Panagiotopoulos. En premier lieu \u00e0 Ankara.<\/p>\n<h3>Ce contrat, d&rsquo;un montant d&rsquo;environ 2,5 milliards d&rsquo;euros, porte sur 12 appareils d&rsquo;occasion et 6 avions neufs.<\/h3>\n<p>Il comprend \u00e9galement la fourniture de missiles de croisi\u00e8re Scalp, de missiles antinavires Exocet et des missiles antia\u00e9riens \u00e0 longue port\u00e9e Meteor.<\/p>\n<blockquote><p>Cette acquisition a \u00e9t\u00e9 discut\u00e9e en un temps record entre les deux gouvernements. La d\u00e9cision de n\u00e9gocier a \u00e9t\u00e9 prise en septembre par le Premier ministre grec Kyriakos Mitsotakis en r\u00e9action aux <span style=\"color: #800000;\">explorations gazi\u00e8res<\/span> de la Turquie et \u00e0 ses d\u00e9monstrations de force dans des eaux disput\u00e9es avec la Gr\u00e8ce et Chypre.<\/p><\/blockquote>\n<h3>Des actions turques \u00ab\u00a0ill\u00e9gales et agressives\u00a0\u00bb selon les dirigeants de l&rsquo;Union europ\u00e9enne qui ont ouvert la voie \u00e0 des sanctions contre Ankara.<\/h3>\n<p>Six des Rafale sont achet\u00e9s neufs aupr\u00e8s du constructeur Dassault Aviation et doivent \u00eatre livr\u00e9s \u00e0 partir de 2022.<\/p>\n<p>Mais Ath\u00e8nes voulant disposer sans attendre des avions destin\u00e9s \u00e0 lui assurer la sup\u00e9riorit\u00e9 a\u00e9rienne en mer Eg\u00e9e, 12 sont achet\u00e9s d&rsquo;occasion \u00e0 Paris, qui les pr\u00e9l\u00e8vera sur l&rsquo;inventaire de l&rsquo;arm\u00e9e de l&rsquo;Air fran\u00e7aise.<\/p>\n<p>Les livraisons doivent d\u00e9buter \u00e0 l&rsquo;\u00e9t\u00e9 et les 18 avions \u00eatre livr\u00e9s \u00e0 l&rsquo;\u00e9t\u00e9 2023, selon un responsable du minist\u00e8re grec de la D\u00e9fense. Quatre premiers pilotes grecs doivent commencer leur entra\u00eenement en France d\u00e9but 2021, selon cette source.<\/p>\n<h3>\u00ab\u00a0Rapport de force\u00a0\u00bb<\/h3>\n<p>Pour remplacer les 12 avions c\u00e9d\u00e9s \u00e0 la Gr\u00e8ce, le minist\u00e8re fran\u00e7ais des Arm\u00e9es va acqu\u00e9rir 12 appareils neufs. Tout le produit de la cession, \u00ab\u00a0de l&rsquo;ordre de 400 millions d&rsquo;euros\u00a0\u00bb, servira \u00e0 financer pour partie l&rsquo;achat, selon le cabinet de la ministre.<\/p>\n<p>Pour la France, le contrat grec repr\u00e9sente la premi\u00e8re vente du Rafale en Europe, vers qui Paris cherche \u00e0 orienter ses exportations d\u2019armements et susciter des coop\u00e9rations.<\/p>\n<p>Et alors que la France a cruellement besoin d\u2019exportations dynamiques pour conserver la viabilit\u00e9 de son industrie et de sa strat\u00e9gie de d\u00e9fense, cette vente permet \u00e9galement de donner une visibilit\u00e9 de 18 mois suppl\u00e9mentaires \u00e0 Dassault Aviation et \u00e0 ses 500 sous-traitants, dont beaucoup sont affaiblis par la crise du secteur a\u00e9ronautique.<\/p>\n<p>\u00ab\u00a0Ce contrat Rafale vient couronner le renforcement d&rsquo;une relation sur les deux-trois derni\u00e8res ann\u00e9es. La Gr\u00e8ce est un pays avec lequel on \u00e9change de plus en plus sur les enjeux strat\u00e9giques\u00a0\u00bb, r\u00e9sume-t-on au cabinet de Florence Parly, en \u00e9voquant un \u00ab\u00a0partenariat strat\u00e9gique de facto d\u00e9j\u00e0 mis en oeuvre\u00a0\u00bb.<\/p>\n<p>Ces derniers mois, la France s&rsquo;est rang\u00e9e d\u00e9monstrativement au c\u00f4t\u00e9 d&rsquo;Ath\u00e8nes et a envoy\u00e9 pendant l&rsquo;\u00e9t\u00e9 des Rafale et des navires de guerre face au d\u00e9ploiement de navires militaires et de prospection turcs dans une zone revendiqu\u00e9e par la Gr\u00e8ce.<\/p>\n<p>La Turquie \u00ab\u00a0n\u2019h\u00e9site pas \u00e0 imposer le rapport de force (\u2026) parfois au m\u00e9pris de son appartenance \u00e0 l\u2019Alliance (atlantique, ndr) ou au droit international\u00a0\u00bb, juge Paris dans sa revue strat\u00e9gique de d\u00e9fense actualis\u00e9e d\u00e9but janvier.<\/p>\n<p>En r\u00e9action aux tensions avec la Turquie, la Gr\u00e8ce a annonc\u00e9 son intention d&rsquo;augmenter ses capacit\u00e9s militaires en 2021 malgr\u00e9 une r\u00e9cession de plus de 10% en 2020 sous l&rsquo;effet de la pand\u00e9mie et alors que le pays se remet d&rsquo;une d\u00e9cennie de crise de la dette.<\/p>\n<p>Ath\u00e8nes pr\u00e9voit de consacrer 5,5 milliards d&rsquo;euros \u00e0 sa d\u00e9fense cette ann\u00e9e, multipliant par cinq ses d\u00e9penses d&rsquo;\u00e9quipements militaires pour les porter \u00e0 2,5 milliards d&rsquo;euros.<\/p>\n<p>Outre l&rsquo;acquisition des Rafale, Ath\u00e8nes pr\u00e9voit d&rsquo;acheter des fr\u00e9gates, des h\u00e9licopt\u00e8res et des drones, de moderniser sa flotte d&rsquo;avions F-16 et de recruter 15.000 militaires suppl\u00e9mentaires. La Gr\u00e8ce a par ailleurs annonc\u00e9 qu&rsquo;elle portait \u00e0 12 mois, contre neuf actuellement, la dur\u00e9e du service militaire.<\/p>\n<p>Ath\u00e8nes et Ankara ont toutefois convenu de reprendre lundi \u00e0 Istanbul des discussions au sujet de leurs diff\u00e9rends. (AFP)<\/p>\n","protected":false},"excerpt":{"rendered":"<p>La Gr\u00e8ce doit conclure lundi l&rsquo;achat de 18 avions de combat Rafale \u00e0 la France, pour renforcer sa d\u00e9fense et son partenariat avec Paris face aux tensions accrues avec la Turquie voisine. La ministre fran\u00e7aise des Arm\u00e9es Florence Parly est attendue \u00e0 Ath\u00e8nes pour signer un contrat qui \u00ab\u00a0envoie un message clair dans plusieurs directions\u00a0\u00bb, [&hellip;]<\/p>\n","protected":false},"author":1,"featured_media":8975,"comment_status":"open","ping_status":"closed","sticky":false,"template":"","format":"standard","meta":{"footnotes":""},"categories":[30],"tags":[1601,1602,135,1600,379],"class_list":["post-8974","post","type-post","status-publish","format-standard","has-post-thumbnail","hentry","category-actualite","tag-aviation","tag-explorations-gazieres","tag-grece","tag-rafale","tag-turquie"],"aioseo_notices":[],"_links":{"self":[{"href":"https:\/\/www.culturalusa.com\/news\/wp-json\/wp\/v2\/posts\/8974","targetHints":{"allow":["GET"]}}],"collection":[{"href":"https:\/\/www.culturalusa.com\/news\/wp-json\/wp\/v2\/posts"}],"about":[{"href":"https:\/\/www.culturalusa.com\/news\/wp-json\/wp\/v2\/types\/post"}],"author":[{"embeddable":true,"href":"https:\/\/www.culturalusa.com\/news\/wp-json\/wp\/v2\/users\/1"}],"replies":[{"embeddable":true,"href":"https:\/\/www.culturalusa.com\/news\/wp-json\/wp\/v2\/comments?post=8974"}],"version-history":[{"count":0,"href":"https:\/\/www.culturalusa.com\/news\/wp-json\/wp\/v2\/posts\/8974\/revisions"}],"wp:featuredmedia":[{"embeddable":true,"href":"https:\/\/www.culturalusa.com\/news\/wp-json\/wp\/v2\/media\/8975"}],"wp:attachment":[{"href":"https:\/\/www.culturalusa.com\/news\/wp-json\/wp\/v2\/media?parent=8974"}],"wp:term":[{"taxonomy":"category","embeddable":true,"href":"https:\/\/www.culturalusa.com\/news\/wp-json\/wp\/v2\/categories?post=8974"},{"taxonomy":"post_tag","embeddable":true,"href":"https:\/\/www.culturalusa.com\/news\/wp-json\/wp\/v2\/tags?post=8974"}],"curies":[{"name":"wp","href":"https:\/\/api.w.org\/{rel}","templated":true}]}}