{"id":8981,"date":"2021-01-25T15:36:37","date_gmt":"2021-01-25T14:36:37","guid":{"rendered":"https:\/\/www.culturalusa.com\/news\/?p=8981"},"modified":"2021-01-25T15:38:18","modified_gmt":"2021-01-25T14:38:18","slug":"pas-de-lien-etabli-mais-une-surveillance-stricte-concernant-les-deces-et-vaccins-covid","status":"publish","type":"post","link":"https:\/\/www.culturalusa.com\/news\/technologie\/pas-de-lien-etabli-mais-une-surveillance-stricte-concernant-les-deces-et-vaccins-covid\/","title":{"rendered":"Pas de lien \u00e9tabli mais une surveillance stricte, concernant les D\u00e9c\u00e8s et Vaccins Covid"},"content":{"rendered":"<p><strong>Vaccinations : <\/strong>depuis le d\u00e9but des campagnes de <strong>vaccination contre le Covid<\/strong>, des cas de personnes d\u00e9c\u00e9d\u00e9es alors qu&rsquo;elles avaient re\u00e7u peu avant une injection ont \u00e9t\u00e9 rapport\u00e9s dans certains pays. Scrut\u00e9s de pr\u00e8s, ces d\u00e9c\u00e8s &#8211; tr\u00e8s peu nombreux&#8211; ne sont pas pour l&rsquo;heure attribu\u00e9s au vaccin.<\/p>\n<h3>Surtout des personnes \u00e2g\u00e9es et fragiles<\/h3>\n<p>La semaine derni\u00e8re, la <strong>Norv\u00e8ge a fait part de 23 d\u00e9c\u00e8s, puis 33, de personnes \u00e2g\u00e9es ayant re\u00e7u une injection de vaccin Pfizer\/BioNTech<\/strong>, sur environ 20.000 r\u00e9sidents de maison de retraite vaccin\u00e9s \u00e0 ce moment-l\u00e0, suscitant l&rsquo;inqui\u00e9tude.<\/p>\n<p>Parmi elles, au moins 13 &#8211;dont le profil a \u00e9t\u00e9 analys\u00e9 de plus pr\u00e8s&#8211; \u00e9taient non seulement \u00ab\u00a0tr\u00e8s \u00e2g\u00e9es\u00a0\u00bb mais aussi \u00ab\u00a0fragiles\u00a0\u00bb porteuses de \u00ab\u00a0maladies graves\u00a0\u00bb, avait pr\u00e9cis\u00e9 l&rsquo;agence du m\u00e9dicament.<\/p>\n<blockquote><p>Sans \u00e9tablir de lien de causalit\u00e9, l&rsquo;agence avait \u00e9mis l&rsquo;hypoth\u00e8se que des effets secondaires du vaccin comme la fi\u00e8vre ou les naus\u00e9es, sans gravit\u00e9 pour un patient en bonne sant\u00e9, pouvaient \u00ab\u00a0avoir contribu\u00e9 \u00e0 une issue fatale chez certains patients fragiles\u00a0\u00bb.<\/p><\/blockquote>\n<p>Hors de Norv\u00e8ge, ces d\u00e9clarations avaient suscit\u00e9 un certain \u00e9moi et parfois \u00e9t\u00e9 utilis\u00e9es pour alimenter un discours anti-vaccin, au point que les autorit\u00e9s norv\u00e9giennes ont d\u00fb ensuite insister sur l&rsquo;absence de lien \u00e9tabli.<\/p>\n<p>En France, au 22 janvier, l&rsquo;agence du m\u00e9dicament (ANSM) a signal\u00e9 9 d\u00e9c\u00e8s de \u00ab\u00a0personnes \u00e2g\u00e9es r\u00e9sidant en Ehpad (\u00e9tablissements d&rsquo;h\u00e9bergement pour personnes \u00e2g\u00e9es d\u00e9pendantes) ou en r\u00e9sidence vieillesse qui pr\u00e9sentaient toutes des maladies chroniques et des traitements lourds\u00a0\u00bb. sur 800.000 personnes vaccin\u00e9es au total.<\/p>\n<p>L\u00e0 encore, \u00ab\u00a0au vu des connaissances actuelles sur le vaccin Comirnaty (nom commercial du vaccin de Pfizer\/BioNtech, NDLR) et des \u00e9l\u00e9ments renseign\u00e9s sur les cas \u00e0 ce jour, rien ne permet de conclure que les d\u00e9c\u00e8s rapport\u00e9s sont li\u00e9s \u00e0 la vaccination\u00a0\u00bb, a ajout\u00e9 l&rsquo;ANSM.<\/p>\n<p><strong>Autres exemples, 13 d\u00e9c\u00e8s de sujets \u00e2g\u00e9s ont \u00e9t\u00e9 signal\u00e9s en Su\u00e8de et 7 en Islande<\/strong>, <span style=\"color: #800000;\">sans que l\u00e0 non plus, un lien causal n&rsquo;ait \u00e9t\u00e9 \u00e9tabli \u00e0 ce jour<\/span>, selon les autorit\u00e9s sanitaires.<\/p>\n<p>Autre cas de figure: <span style=\"color: #800000;\">au Portugal, les m\u00e9dias portugais ont \u00e9voqu\u00e9 d\u00e9but janvier le cas d&rsquo;une soignante d\u00e9c\u00e9d\u00e9e deux jours apr\u00e8s avoir \u00e9t\u00e9 vaccin\u00e9e<\/span>. Mais le minist\u00e8re de la Justice a indiqu\u00e9 que l&rsquo;autopsie n&rsquo;avait \u00e9tabli \u00ab\u00a0aucun lien direct avec le vaccin contre la Covid-19\u00a0\u00bb.<\/p>\n<p>Le 18 janvier, le minist\u00e8re fran\u00e7ais de la Sant\u00e9 avait \u00e9voqu\u00e9 \u00ab\u00a0\u00e0 ce jour 71 observations de d\u00e9c\u00e8s\u00a0\u00bb au niveau europ\u00e9en de personnes ayant \u00e9t\u00e9 vaccin\u00e9es, sans plus de d\u00e9tails.<\/p>\n<h3>\u00a0Pas de lien \u00e9tabli mais une surveillance continue<\/h3>\n<p>Pour l&rsquo;heure, \u00ab\u00a0aucun d\u00e9c\u00e8s de personne \u00e2g\u00e9e n&rsquo;a \u00e9t\u00e9 attribu\u00e9 au vaccin Comirnaty\u00a0\u00bb, a r\u00e9sum\u00e9 le 18 janvier l&rsquo;Agence europ\u00e9enne du m\u00e9dicament, rappelant que \u00ab\u00a0d\u00e8s qu&rsquo;un d\u00e9c\u00e8s ou un \u00e9v\u00e9nement grave se produit, les autorit\u00e9s enqu\u00eatent pour voir si le vaccin a pu jouer un r\u00f4le\u00a0\u00bb.<\/p>\n<p>Les syst\u00e8mes de pharmacovigilance nationaux et au niveau europ\u00e9en &#8211;souvent renforc\u00e9s avec le Covid&#8211; servent \u00e0 recenser les \u00e9v\u00e9nements ind\u00e9sirables survenant \u00e0 un vaccin\u00e9, que doivent signaler les professionnels de sant\u00e9 et les fabricants. Les patients peuvent eux aussi faire un signalement.<\/p>\n<p>En eux-m\u00eames, ces signalements ne signifient pas qu&rsquo;il y ait une relation de cause \u00e0 effet : ils sont analys\u00e9s en d\u00e9tail par les autorit\u00e9s de sant\u00e9 pour d\u00e9terminer s&rsquo;il y a un lien et, si oui, lequel. Un processus complexe.<\/p>\n<p>Pour l&rsquo;heure, de par leur nombre et le profil des personnes, les d\u00e9c\u00e8s ne sont pas consid\u00e9r\u00e9s comme anormaux au vu des statistiques de d\u00e9c\u00e8s dans la population vaccin\u00e9e.<\/p>\n<p>Dans un grand nombre de pays europ\u00e9ens, ce sont pr\u00e9cis\u00e9ment des personnes fragiles (par exemple les r\u00e9sidents des Ehpad) qui sont vaccin\u00e9es parmi les premiers. C&rsquo;est le cas en France, en Norv\u00e8ge, au Royaume-Uni, en Espagne&#8230;<\/p>\n<p>\u00ab\u00a0La mont\u00e9e en charge de la campagne augmente chaque jour, dans cette population, la probabilit\u00e9 de voir des d\u00e9c\u00e8s survenir apr\u00e8s la vaccination contre la Covid, m\u00eame en l&rsquo;absence de tout effet du vaccin\u00a0\u00bb, rappelle notamment l&rsquo;ANSM.<\/p>\n<p>\u00ab\u00a0Il n&rsquo;est pas inattendu que l&rsquo;\u00e9tat de sant\u00e9 de certaines de ces personnes (fragiles) s&rsquo;aggrave en raison de leur \u00e2ge ou de leurs pathologies peu apr\u00e8s avoir \u00e9t\u00e9 vaccin\u00e9es, sans que le vaccin joue un r\u00f4le\u00a0\u00bb, abonde l&rsquo;agence britannique des produits de sant\u00e9.<\/p>\n<p>\u00ab\u00a0Quand on vaccine des gens \u00e0 haut risque de mourir, alors il y aura un certain nombre de d\u00e9c\u00e8s survenant de fa\u00e7on co\u00efncidente peu apr\u00e8s la vaccination\u00a0\u00bb, dit encore Stephen Evans, professeur de pharmaco-\u00e9pid\u00e9miologie, cit\u00e9 par l&rsquo;organisme Science Media Centre.<\/p>\n<h3>Une communication d\u00e9licate: r\u00e9assurance et transparence<\/h3>\n<p>Rajoutant \u00e0 la complexit\u00e9 d&rsquo;un sujet sensible, tous les pays ne communiquent pas de la m\u00eame fa\u00e7on : certains, comme la France ou les pays nordiques notamment, choisissent de d\u00e9clarer les nombre de d\u00e9c\u00e8s et effets secondaires potentiels m\u00eame si aucun lien n&rsquo;est \u00e9tabli. D&rsquo;autres s&rsquo;abstiennent de donner des chiffres.<\/p>\n<p>L&rsquo;agence britannique du m\u00e9dicament a pour sa part indiqu\u00e9 qu&rsquo;elle communiquerait r\u00e9guli\u00e8rement \u00ab\u00a0\u00e0 l&rsquo;avenir\u00a0\u00bb.<\/p>\n<p>Le vocabulaire est \u00e9galement d\u00e9licat \u00e0 manier pour les autorit\u00e9s. Si dans le langage courant, un lien semble impliquer une relation de cause \u00e0 effet, ce n&rsquo;est pas le cas : le \u00ab\u00a0lien\u00a0\u00bb peut \u00eatre simplement chronologique (le d\u00e9c\u00e8s s&rsquo;est produit apr\u00e8s le vaccin) et non pas causal (le d\u00e9c\u00e8s est d\u00fb au vaccin).<\/p>\n<p>En tout \u00e9tat de cause, les autorit\u00e9s sanitaires en Europe estiment que les d\u00e9c\u00e8s ne remettent pas en cause la s\u00e9curit\u00e9 du vaccin. Elles insistent sur la solidit\u00e9 de leurs syst\u00e8mes de pharmacovigilance et leur diligence \u00e0 enqu\u00eater sur tout d\u00e9c\u00e8s ou effet ind\u00e9sirable grave ou inattendu.<\/p>\n<p>Elles promettent de communiquer clairement en cas de signal pr\u00e9occupant.<\/p>\n<p>La Norv\u00e8ge n&rsquo;a d&rsquo;ailleurs pas modifi\u00e9 sa campagne de vaccination m\u00eame si elle a renouvel\u00e9 sa recommandation d&rsquo;une \u00e9valuation m\u00e9dicale avant l&rsquo;administration du vaccin \u00e0 une personne tr\u00e8s fragile ou en fin de vie, comme cela se fait dans de nombreux pays.<\/p>\n<p>Au moins 60 millions de doses ont \u00e9t\u00e9 administr\u00e9es dans au moins 64 pays ou territoires, selon un comptage de l&rsquo;AFP \u00e0 partir de sources officielles le 23 janvier \u00e0 11h00 GMT. (AFP)<\/p>\n","protected":false},"excerpt":{"rendered":"<p>Vaccinations : depuis le d\u00e9but des campagnes de vaccination contre le Covid, des cas de personnes d\u00e9c\u00e9d\u00e9es alors qu&rsquo;elles avaient re\u00e7u peu avant une injection ont \u00e9t\u00e9 rapport\u00e9s dans certains pays. Scrut\u00e9s de pr\u00e8s, ces d\u00e9c\u00e8s &#8211; tr\u00e8s peu nombreux&#8211; ne sont pas pour l&rsquo;heure attribu\u00e9s au vaccin. Surtout des personnes \u00e2g\u00e9es et fragiles La [&hellip;]<\/p>\n","protected":false},"author":1,"featured_media":8670,"comment_status":"open","ping_status":"closed","sticky":false,"template":"","format":"standard","meta":{"footnotes":""},"categories":[6],"tags":[1522,1349,1603],"class_list":["post-8981","post","type-post","status-publish","format-standard","has-post-thumbnail","hentry","category-technologie","tag-vaccin-pfizer-biontech","tag-vaccination","tag-vaccination-contre-le-covid"],"aioseo_notices":[],"_links":{"self":[{"href":"https:\/\/www.culturalusa.com\/news\/wp-json\/wp\/v2\/posts\/8981","targetHints":{"allow":["GET"]}}],"collection":[{"href":"https:\/\/www.culturalusa.com\/news\/wp-json\/wp\/v2\/posts"}],"about":[{"href":"https:\/\/www.culturalusa.com\/news\/wp-json\/wp\/v2\/types\/post"}],"author":[{"embeddable":true,"href":"https:\/\/www.culturalusa.com\/news\/wp-json\/wp\/v2\/users\/1"}],"replies":[{"embeddable":true,"href":"https:\/\/www.culturalusa.com\/news\/wp-json\/wp\/v2\/comments?post=8981"}],"version-history":[{"count":0,"href":"https:\/\/www.culturalusa.com\/news\/wp-json\/wp\/v2\/posts\/8981\/revisions"}],"wp:featuredmedia":[{"embeddable":true,"href":"https:\/\/www.culturalusa.com\/news\/wp-json\/wp\/v2\/media\/8670"}],"wp:attachment":[{"href":"https:\/\/www.culturalusa.com\/news\/wp-json\/wp\/v2\/media?parent=8981"}],"wp:term":[{"taxonomy":"category","embeddable":true,"href":"https:\/\/www.culturalusa.com\/news\/wp-json\/wp\/v2\/categories?post=8981"},{"taxonomy":"post_tag","embeddable":true,"href":"https:\/\/www.culturalusa.com\/news\/wp-json\/wp\/v2\/tags?post=8981"}],"curies":[{"name":"wp","href":"https:\/\/api.w.org\/{rel}","templated":true}]}}