{"id":8987,"date":"2021-01-26T12:48:17","date_gmt":"2021-01-26T11:48:17","guid":{"rendered":"https:\/\/www.culturalusa.com\/news\/?p=8987"},"modified":"2021-01-26T12:56:44","modified_gmt":"2021-01-26T11:56:44","slug":"les-deputes-se-penchent-sur-la-protection-des-animaux","status":"publish","type":"post","link":"https:\/\/www.culturalusa.com\/news\/actualite\/les-deputes-se-penchent-sur-la-protection-des-animaux\/","title":{"rendered":"Les d\u00e9put\u00e9s se penchent sur la protection des animaux"},"content":{"rendered":"<p><strong>L&rsquo;Assembl\u00e9e nationale est au chevet des animaux, chiens, chats, dauphins ou visons<\/strong>, les d\u00e9put\u00e9s se penchent sur la <strong>maltraitance et la protection des animaux<\/strong>, avec une proposition de loi de la majorit\u00e9 contre la maltraitance\u00a0 des animau<strong>x<\/strong>, en \u00e9cho aux pr\u00e9occupations de la soci\u00e9t\u00e9 et alors qu&rsquo;un Fran\u00e7ais sur deux poss\u00e8de un animal de compagnie.<\/p>\n<blockquote><p>Pour pr\u00e8s de 7 Fran\u00e7ais sur 10 (69 %), les animaux sont mal d\u00e9fendus par les politiques, selon le barom\u00e8tre Ifop pour la Fondation 30 Millions d&rsquo;Amis, selon qui les parlementaires sont \u00ab\u00a0sous la pression de l&rsquo;opinion\u00a0\u00bb.<\/p><\/blockquote>\n<p>Avant le coup d&rsquo;envoi des d\u00e9bats dans la soir\u00e9e, un rassemblement est pr\u00e9vu en d\u00e9but d&rsquo;apr\u00e8s-midi aux abords de l&rsquo;Assembl\u00e9e, \u00e0 l&rsquo;appel du Parti animaliste. Celui-ci ne veut pas se contenter d&rsquo;un \u00ab\u00a0effet d&rsquo;annonce\u00a0\u00bb avec les mesures sur la table, qui visent \u00e0 mieux encadrer la d\u00e9tention d&rsquo;animaux.<\/p>\n<p>De leur c\u00f4t\u00e9, les professionnels du cirque se r\u00e9unissent non loin mardi \u00e0 la mi-journ\u00e9e, pour d\u00e9noncer un \u00ab\u00a0coup de gr\u00e2ce\u00a0\u00bb avec l&rsquo;interdiction progressive des animaux sauvages dans les \u00e9tablissements itin\u00e9rants.<\/p>\n<p>Les d\u00e9put\u00e9s font jusqu&rsquo;\u00e0 vendredi une parenth\u00e8se au milieu des sujets sanitaires ou r\u00e9galiens. Pr\u00e8s de 500 amendements sont au menu jusqu&rsquo;\u00e0 vendredi sur ce texte qui les mobilise fortement et qui partage chaque groupe politique.<\/p>\n<h3>Ses auteurs &#8211; Lo\u00efc Dombreval, La\u00ebtitia Romeiro Dias, tous deux LREM, ainsi que Dimitri Houbron du groupe Agir &#8211; esp\u00e8rent rien de moins qu&rsquo;une loi \u00ab\u00a0historique\u00a0\u00bb, au pays champion d&rsquo;Europe de la possession d&rsquo;animaux, mais aussi de l&rsquo;abandon.<\/h3>\n<p>Le texte \u00e0 l&rsquo;ordre du jour est \u00ab\u00a0un premier pas\u00a0\u00bb avec des mesures \u00ab\u00a0utiles\u00a0\u00bb, relativisent des \u00e9lus de droite comme de gauche. Alors que ne sont pas abord\u00e9s les sujets qui f\u00e2chent comme la chasse, l&rsquo;\u00e9levage intensif ou la corrida, \u00ab\u00a0cette proposition de loi est faite pour que la majorit\u00e9 se donne bonne conscience\u00a0\u00bb, selon Bastien Lachaud (LFI).<\/p>\n<p>Comme pr\u00e9conis\u00e9 par le gouvernement, la proposition de loi instaure \u00ab\u00a0un certificat de sensibilisation\u00a0\u00bb (devenu \u00ab\u00a0certificat de connaissance\u00a0\u00bb) pour les futurs propri\u00e9taires d&rsquo;animaux, pour rappeler les obligations de soins, de vaccination et les co\u00fbts li\u00e9s \u00e0 la possession d&rsquo;un animal (nourriture, v\u00e9t\u00e9rinaire&#8230;).<\/p>\n<p><strong>Les chats errants devront \u00eatre st\u00e9rilis\u00e9s, une obligation jug\u00e9e lourde par certaines communes.<\/strong><\/p>\n<p>Elle pr\u00e9voit aussi de durcir les sanctions contre la maltraitance, avec trois ans d&#8217;emprisonnement et 45.000 euros d&rsquo;amende pour mort de l&rsquo;animal. En cas de condamnation, les personnes pourront se voir interdire de d\u00e9tenir un animal. Les peines pourraient \u00eatre durcies dans l&rsquo;h\u00e9micycle.<\/p>\n<blockquote><p>Les associations de protection animale saluent ces mesures mais regrettent que la proposition de loi n&rsquo;interdise pas par exemple la vente des animaux sur internet, qui \u00ab\u00a0favorise les \u00e9levages clandestins\u00a0\u00bb, et dans les animaleries, qui \u00ab\u00a0encourage l&rsquo;achat impulsif\u00a0\u00bb, selon le pr\u00e9sident de la SPA Jacques-Charles Fombonne. Il pr\u00e9f\u00e8rerait r\u00e9server la vente aux \u00e9levages, comme plusieurs d\u00e9put\u00e9s qui porteront des amendements sur cette question. Mais le gouvernement veut simplement mieux encadrer les ventes en ligne.<\/p><\/blockquote>\n<p>D&rsquo;autres articles reprennent des engagements du gouvernement: interdire progressivement la d\u00e9tention d&rsquo;animaux sauvages dans les cirques itin\u00e9rants et les delphinariums, la pr\u00e9sence d&rsquo;animaux sauvages sur des plateaux de t\u00e9l\u00e9vision, en discoth\u00e8ques ou lors de f\u00eates priv\u00e9es, interdire les montreurs d&rsquo;ours et de loups et fermer les \u00e9levages de visons. Ces dispositions h\u00e9rissent notamment les gens du cirque et les trois delphinariums du pays, d\u00e9j\u00e0 durement touch\u00e9s par la crise du Covid-19.<\/p>\n<p>Le Parc Ast\u00e9rix a annonc\u00e9 lundi m\u00eame la fermeture de son delphinarium, qui comptait huit dauphins.<\/p>\n<p>Les d\u00e9put\u00e9s avaient commenc\u00e9 en octobre \u00e0 d\u00e9battre de ce volet sur les animaux sauvages \u00e0 l&rsquo;occasion d&rsquo;une proposition de loi d&rsquo;ex-\u00ab\u00a0marcheurs\u00a0\u00bb du groupe Ecologie, D\u00e9mocratie, Solidarit\u00e9.<\/p>\n<p>Cet \u00e9pisode a finalement aid\u00e9 les \u00e9lus LREM, \u00ab\u00a0chiens et chats entre eux\u00a0\u00bb depuis de longs mois, \u00e0 \u00ab\u00a0converger\u00a0\u00bb, relate un t\u00e9nor. Les animaux sont \u00ab\u00a0un vrai sujet de pr\u00e9occupation\u00a0\u00bb, comme en t\u00e9moignent le demi-million de voix pour le Parti animaliste aux \u00e9lections europ\u00e9ennes, ou la tentative de \u00ab\u00a0r\u00e9f\u00e9rendum pour les animaux\u00a0\u00bb lanc\u00e9e l&rsquo;\u00e9t\u00e9 dernier.<\/p>\n<p>Le texte \u00ab\u00a0essaie de rassembler sur ce sujet d&rsquo;une grande sensibilit\u00e9\u00a0\u00bb, souligne ce responsable LREM. Exit les amendements pour interdire l&rsquo;\u00e9levage en cage ou la chasse \u00e0 courre, ou encore sur les conditions d&rsquo;abattage: ils ont \u00e9t\u00e9 jug\u00e9s irrecevables car sans lien avec le texte, au grand dam de nombreux parlementaires. (AFP)<\/p>\n<div><\/div>\n","protected":false},"excerpt":{"rendered":"<p>L&rsquo;Assembl\u00e9e nationale est au chevet des animaux, chiens, chats, dauphins ou visons, les d\u00e9put\u00e9s se penchent sur la maltraitance et la protection des animaux, avec une proposition de loi de la majorit\u00e9 contre la maltraitance\u00a0 des animaux, en \u00e9cho aux pr\u00e9occupations de la soci\u00e9t\u00e9 et alors qu&rsquo;un Fran\u00e7ais sur deux poss\u00e8de un animal de compagnie. [&hellip;]<\/p>\n","protected":false},"author":1,"featured_media":7261,"comment_status":"open","ping_status":"closed","sticky":false,"template":"","format":"standard","meta":{"footnotes":""},"categories":[30],"tags":[1606,1497,1607,1608],"class_list":["post-8987","post","type-post","status-publish","format-standard","has-post-thumbnail","hentry","category-actualite","tag-animaux","tag-association-de-defense-des-animaux","tag-maltraitance-des-animaux","tag-protection-des-animaux"],"aioseo_notices":[],"_links":{"self":[{"href":"https:\/\/www.culturalusa.com\/news\/wp-json\/wp\/v2\/posts\/8987","targetHints":{"allow":["GET"]}}],"collection":[{"href":"https:\/\/www.culturalusa.com\/news\/wp-json\/wp\/v2\/posts"}],"about":[{"href":"https:\/\/www.culturalusa.com\/news\/wp-json\/wp\/v2\/types\/post"}],"author":[{"embeddable":true,"href":"https:\/\/www.culturalusa.com\/news\/wp-json\/wp\/v2\/users\/1"}],"replies":[{"embeddable":true,"href":"https:\/\/www.culturalusa.com\/news\/wp-json\/wp\/v2\/comments?post=8987"}],"version-history":[{"count":0,"href":"https:\/\/www.culturalusa.com\/news\/wp-json\/wp\/v2\/posts\/8987\/revisions"}],"wp:featuredmedia":[{"embeddable":true,"href":"https:\/\/www.culturalusa.com\/news\/wp-json\/wp\/v2\/media\/7261"}],"wp:attachment":[{"href":"https:\/\/www.culturalusa.com\/news\/wp-json\/wp\/v2\/media?parent=8987"}],"wp:term":[{"taxonomy":"category","embeddable":true,"href":"https:\/\/www.culturalusa.com\/news\/wp-json\/wp\/v2\/categories?post=8987"},{"taxonomy":"post_tag","embeddable":true,"href":"https:\/\/www.culturalusa.com\/news\/wp-json\/wp\/v2\/tags?post=8987"}],"curies":[{"name":"wp","href":"https:\/\/api.w.org\/{rel}","templated":true}]}}