{"id":9000,"date":"2021-01-27T18:51:21","date_gmt":"2021-01-27T17:51:21","guid":{"rendered":"https:\/\/www.culturalusa.com\/news\/?p=9000"},"modified":"2021-01-27T18:53:36","modified_gmt":"2021-01-27T17:53:36","slug":"coronavirus-record-de-morts-en-24-heures-dans-le-monde-les-variants-se-propagent","status":"publish","type":"post","link":"https:\/\/www.culturalusa.com\/news\/actualite\/coronavirus-record-de-morts-en-24-heures-dans-le-monde-les-variants-se-propagent\/","title":{"rendered":"CoronaVirus: record de morts en 24 heures dans le monde, les variants se propagent"},"content":{"rendered":"<p>Covid-19: <strong>la pand\u00e9mie de est de plus en plus mortelle dans le monde<\/strong>, avec un <strong>nouveau record de plus de 18.000 d\u00e9c\u00e8s en 24 heures<\/strong>, et les variants, bien plus contagieux, ne cessent de se <strong>propager \u00e0 de nouveaux pays<\/strong>.<\/p>\n<blockquote><p><span style=\"color: #800000;\"><strong>Dans la course aux vaccins<\/strong><\/span>, lueur d&rsquo;espoir pour tenter de sortir d&rsquo;une crise qui continue de s&rsquo;aggraver, l&rsquo;un des fabriquants, le britannique AstraZeneca, se trouvait mercredi au coeur de tensions avec l&rsquo;UE.<\/p><\/blockquote>\n<p>De jour en jour, la situation s&rsquo;assombrit: le nombre de cas total officiellement recens\u00e9s a d\u00e9pass\u00e9 le cap des 100 millions \u00e0 travers le monde et selon l&rsquo;Organisation mondiale de la Sant\u00e9 (OMS) mercredi, les nouveaux variants du coronavirus continuent de se r\u00e9pandre. Le britannique s&rsquo;est \u00e9tendu \u00e0 70 pays et le sud-africain \u00e0 31.<\/p>\n<h3>Du jamais vu depuis le d\u00e9but de la pand\u00e9mie, 18.109 d\u00e9c\u00e8s ont \u00e9t\u00e9 enregistr\u00e9s sur la journ\u00e9e de mardi dans le monde, selon un comptage r\u00e9alis\u00e9 mercredi par l\u2019AFP \u00e0 partir des bilans communiqu\u00e9s par les autorit\u00e9s sanitaires.<\/h3>\n<p>Et ce chiffre confirme une tendance constat\u00e9e depuis d\u00e9but janvier: la mortalit\u00e9 s\u2019acc\u00e9l\u00e8re nettement, les seuils de d\u00e9c\u00e8s quotidiens sont pass\u00e9s plus rapidement et le plateau s\u2019\u00e9tablit \u00e0 des niveaux de plus en plus \u00e9lev\u00e9s (en moyenne, 14.000 d\u00e9c\u00e8s quotidiens depuis le 22 janvier, contre 10.000 fin novembre).<\/p>\n<h3>Au total, le monde a enregistr\u00e9 2,16 millions de d\u00e9c\u00e8s.<\/h3>\n<p>Cette situation met sous pression les gouvernements pour trouver de nouvelles parades.<\/p>\n<p>En Grande-Bretagne, premier pays en Europe o\u00f9 le seuil macabre des 100.000 morts a \u00e9t\u00e9 d\u00e9pass\u00e9, le gouvernement a annonc\u00e9 l&rsquo;imposition d&rsquo;une quarantaine \u00e0 l&rsquo;h\u00f4tel aux r\u00e9sidents au Royaume-Uni arrivant de pays jug\u00e9s \u00e0 risque.<\/p>\n<p>Sont concern\u00e9s les voyageurs venant de 22 pays o\u00f9 des variants du virus \u00ab\u00a0pr\u00e9sentent un risque\u00a0\u00bb, comme l&rsquo;Afrique du Sud, le Portugal et des pays d&rsquo;Am\u00e9rique du Sud. Les arriv\u00e9es de ces pays sont d\u00e9j\u00e0 interdites aux personnes ne r\u00e9sidant pas au Royaume-Uni.<\/p>\n<p>Ces voyageurs seront pris en charge \u00e0 l&rsquo;a\u00e9roport et \u00ab\u00a0emmen\u00e9s directement\u00a0\u00bb \u00e0 l&rsquo;h\u00f4tel, a pr\u00e9cis\u00e9 le Premier ministre Boris Johnson. Le dirigeant conservateur est accus\u00e9 d&rsquo;avoir sous-estim\u00e9 l&rsquo;ampleur de la crise au printemps, confin\u00e9 trop tard et d\u00e9confin\u00e9 trop vite \u00e0 l&rsquo;\u00e9t\u00e9, ignorant l&rsquo;avis des scientifiques.<\/p>\n<h3>Voyages non-essentiels sont interdits<\/h3>\n<p>Relativement \u00e9pargn\u00e9e par la pand\u00e9mie, la Finlande a n\u00e9anmoins \u00e9galement annonc\u00e9 durcir ses restrictions aux fronti\u00e8res: la France interdit d\u00e9sormais les voyages \u00ab\u00a0non essentiels\u00a0\u00bb vers son territoire.<\/p>\n<p>L&rsquo;Argentine a de son c\u00f4t\u00e9 impos\u00e9 aux compagnies a\u00e9riennes de r\u00e9duire la fr\u00e9quence des vols vers et depuis l&rsquo;Europe, les Etats-Unis, le Br\u00e9sil et le Mexique, le pays enregistrant une hausse des d\u00e9c\u00e8s et des nouveaux cas.<\/p>\n<blockquote><p>En France, Le gouvernement a indiqu\u00e9 mercredi \u00e9tudier plusieurs sc\u00e9narios pour enrayer la propagation du Covid-19, dont celui d&rsquo;un nouveau confinement \u00ab\u00a0tr\u00e8s serr\u00e9\u00a0\u00bb, le couvre-feu actuel \u00e0 partir de 18H00 n&rsquo;\u00e9tant pas assez efficace.<\/p><\/blockquote>\n<p>Si le chef de l&rsquo;Etat Emmanuel Macron a demand\u00e9 des \u00ab\u00a0analyses suppl\u00e9mentaires\u00a0\u00bb sur les diff\u00e9rents sc\u00e9narios avant de d\u00e9cider, \u00ab\u00a0le maintien du cadre actuel para\u00eet peu probable\u00a0\u00bb, a indiqu\u00e9 le porte-parole du gouvernement, Gabriel Attal.<\/p>\n<p>La France \u00ab\u00a0reste dans une p\u00e9riode ambigu\u00eb o\u00f9 la situation sanitaire se d\u00e9grade mais pas de mani\u00e8re exponentielle\u00a0\u00bb, a r\u00e9sum\u00e9 un cadre de la majorit\u00e9.<\/p>\n<p>Pas d&rsquo;ambigu\u00eft\u00e9 en Slovaquie: le pays a resserr\u00e9 son r\u00e9gime de confinement en exigeant d\u00e9sormais des tests n\u00e9gatifs pour pouvoir sortir de chez soi.<\/p>\n<h3>Tensions avec le vaccin AstraZeneca<\/h3>\n<p>Faisant figure d&rsquo;exception, la ville de Moscou a poursuivi mercredi l&rsquo;all\u00e8gement des restrictions en vigueur depuis des mois, s&rsquo;appuyant sur une baisse du nombre de contaminations malgr\u00e9 l&rsquo;absence de confinement. Bars, restaurants et bo\u00eetes de nuit pourront de nouveau rester ouverts apr\u00e8s 23H.<\/p>\n<p>Et Chypre a de son c\u00f4t\u00e9 annonc\u00e9 l&rsquo;all\u00e8gement progressif d\u00e9but f\u00e9vrier des mesures de strict confinement impos\u00e9es le 10 janvier, la hausse des cas ayant \u00e9t\u00e9 ma\u00eetris\u00e9e apr\u00e8s des pics enregistr\u00e9s apr\u00e8s les f\u00eates de fin d&rsquo;ann\u00e9e.<\/p>\n<p>La campagne massive de vaccination reste une des rares lueurs d&rsquo;espoir pour entrevoir une sortie de crise. A ce sujet, le laboratoire britannique AstraZeneca \u00e9tait au coeur de tensions avec l&rsquo;Union europ\u00e9enne. En cause: l&rsquo;annonce d&rsquo;un retard dans le calendrier de livraisons de vaccins.<\/p>\n<p>Le courroux de Bruxelles a \u00e9t\u00e9 notamment provoqu\u00e9 par les explications du patron d&rsquo;AstraZeneca, Pascal Soriot, dans un entretien accord\u00e9 mardi \u00e0 plusieurs quotidiens europ\u00e9ens.<\/p>\n<p>Selon lui, la production des vaccins dans les usines britanniques est r\u00e9serv\u00e9e au Royaume-Uni en vertu de l&rsquo;accord conclu avec Londres, trois mois avant le contrat sign\u00e9 avec l&rsquo;UE. Ce que conteste Bruxelles.<\/p>\n<blockquote><p>L&rsquo;UE r\u00e9clame ainsi \u00e0 AstraZeneca de lui livrer comme convenu des vaccins anti-Covid-19 produits dans deux usines situ\u00e9es au Royaume-Uni, alors que le groupe pr\u00e9voit d\u00e9sormais de ne livrer au premier trimestre qu'\u00a0\u00bbun quart\u00a0\u00bb des doses promises.<\/p><\/blockquote>\n<p>A ce jour, au moins 79,2 millions de doses de vaccins antiCovid ont \u00e9t\u00e9 administr\u00e9es dans au moins 69 pays ou territoires, selon un comptage r\u00e9alis\u00e9 par l&rsquo;AFP \u00e0 partir de sources officielles mercredi \u00e0 11H00 GMT.<\/p>\n<p>Mais la vaccination est pour l\u2019heure un privil\u00e8ge des pays \u00e0 \u00ab\u00a0revenu \u00e9lev\u00e9\u00a0\u00bb (au sens de la Banque mondiale), qui concentrent 62% des doses administr\u00e9es dans le monde alors qu\u2019ils ne regroupent que 16% de la population mondiale. (AFP)<\/p>\n<div><\/div>\n","protected":false},"excerpt":{"rendered":"<p>Covid-19: la pand\u00e9mie de est de plus en plus mortelle dans le monde, avec un nouveau record de plus de 18.000 d\u00e9c\u00e8s en 24 heures, et les variants, bien plus contagieux, ne cessent de se propager \u00e0 de nouveaux pays. Dans la course aux vaccins, lueur d&rsquo;espoir pour tenter de sortir d&rsquo;une crise qui continue [&hellip;]<\/p>\n","protected":false},"author":1,"featured_media":9001,"comment_status":"open","ping_status":"closed","sticky":false,"template":"","format":"standard","meta":{"footnotes":""},"categories":[30],"tags":[1180,1614,1211,1615],"class_list":["post-9000","post","type-post","status-publish","format-standard","has-post-thumbnail","hentry","category-actualite","tag-coronavirus","tag-course-aux-vaccins","tag-pandemie","tag-vaccin-astrazeneca"],"aioseo_notices":[],"_links":{"self":[{"href":"https:\/\/www.culturalusa.com\/news\/wp-json\/wp\/v2\/posts\/9000","targetHints":{"allow":["GET"]}}],"collection":[{"href":"https:\/\/www.culturalusa.com\/news\/wp-json\/wp\/v2\/posts"}],"about":[{"href":"https:\/\/www.culturalusa.com\/news\/wp-json\/wp\/v2\/types\/post"}],"author":[{"embeddable":true,"href":"https:\/\/www.culturalusa.com\/news\/wp-json\/wp\/v2\/users\/1"}],"replies":[{"embeddable":true,"href":"https:\/\/www.culturalusa.com\/news\/wp-json\/wp\/v2\/comments?post=9000"}],"version-history":[{"count":0,"href":"https:\/\/www.culturalusa.com\/news\/wp-json\/wp\/v2\/posts\/9000\/revisions"}],"wp:featuredmedia":[{"embeddable":true,"href":"https:\/\/www.culturalusa.com\/news\/wp-json\/wp\/v2\/media\/9001"}],"wp:attachment":[{"href":"https:\/\/www.culturalusa.com\/news\/wp-json\/wp\/v2\/media?parent=9000"}],"wp:term":[{"taxonomy":"category","embeddable":true,"href":"https:\/\/www.culturalusa.com\/news\/wp-json\/wp\/v2\/categories?post=9000"},{"taxonomy":"post_tag","embeddable":true,"href":"https:\/\/www.culturalusa.com\/news\/wp-json\/wp\/v2\/tags?post=9000"}],"curies":[{"name":"wp","href":"https:\/\/api.w.org\/{rel}","templated":true}]}}