{"id":9005,"date":"2021-01-28T13:08:25","date_gmt":"2021-01-28T12:08:25","guid":{"rendered":"https:\/\/www.culturalusa.com\/news\/?p=9005"},"modified":"2021-01-28T13:08:57","modified_gmt":"2021-01-28T12:08:57","slug":"loms-va-entamer-sa-mission-en-chine-washington-exige-une-enquete-poussee","status":"publish","type":"post","link":"https:\/\/www.culturalusa.com\/news\/monde\/loms-va-entamer-sa-mission-en-chine-washington-exige-une-enquete-poussee\/","title":{"rendered":"L&rsquo;OMS va entamer sa mission en Chine, Washington exige une \u00ab\u00a0enqu\u00eate pouss\u00e9e\u00a0\u00bb"},"content":{"rendered":"<p>CoronaVirus: <strong>une \u00e9quipe de l&rsquo;OMS est sortie jeudi de quarantaine en Chine pour entamer ses investigations sur le terrain<\/strong>, alors que Washington a r\u00e9clam\u00e9 une enqu\u00eate \u00ab\u00a0claire et pouss\u00e9e\u00a0\u00bb sur les origines de la pand\u00e9mie de Covid-19 qui continue de s&rsquo;aggraver \u00e0 travers le monde.<\/p>\n<p>Les dix enqu\u00eateurs internationaux de l&rsquo;Organisation mondiale de la Sant\u00e9 \u00e9taient arriv\u00e9s le 14 janvier \u00e0 Wuhan, o\u00f9 les autorit\u00e9s chinoises leur ont impos\u00e9 une quarantaine.<\/p>\n<p>Jeudi matin, une \u00e9quipe de l&rsquo;AFP tenue \u00e0 bonne distance a pu voir une dizaine d&rsquo;enqu\u00eateurs monter \u00e0 bord d&rsquo;un autocar qui les attendait \u00e0 la sortie de l&rsquo;h\u00f4tel o\u00f9 ils \u00e9taient confin\u00e9s. Le v\u00e9hicule est parti pour une destination inconnue dans la ville o\u00f9 le Covid-19 s&rsquo;est manifest\u00e9 d\u00e8s la fin 2019.<\/p>\n<p><span style=\"color: #800000;\"><strong>Cette visite est ultra-sensible pour le r\u00e9gime chinois, soucieux d&rsquo;\u00e9carter toute responsabilit\u00e9 dans l&rsquo;\u00e9pid\u00e9mie qui a fait plus de 2,1 millions de morts dans le monde<\/strong><\/span> alors qu&rsquo;elle est pratiquement \u00e9radiqu\u00e9e en Chine. Des proches de victimes du Covid-19 \u00e0 Wuhan ont accus\u00e9 les autorit\u00e9s d&rsquo;avoir ferm\u00e9 leur groupe sur les r\u00e9seaux sociaux et de faire pression sur eux pour qu&rsquo;ils s&rsquo;abstiennent de s&rsquo;exprimer.<\/p>\n<blockquote><p>\u00ab\u00a0Il est imp\u00e9ratif que nous allions au fond des choses dans l&rsquo;apparition de la pand\u00e9mie en Chine\u00a0\u00bb, a affirm\u00e9 mercredi la porte-parole de la Maison Blanche, Jen Psaki. Les Etats-Unis \u00ab\u00a0soutiennent une enqu\u00eate internationale qui \u00e0 notre avis doit \u00eatre claire et pouss\u00e9e\u00a0\u00bb, a-t-elle ajout\u00e9.<\/p><\/blockquote>\n<p><strong>Washington va \u00ab\u00a0\u00e9valuer la cr\u00e9dibilit\u00e9 du rapport d&rsquo;enqu\u00eate une fois termin\u00e9\u00a0\u00bb<\/strong> et puiser dans \u00ab\u00a0les informations rassembl\u00e9es et analys\u00e9es par le renseignement\u00a0\u00bb am\u00e9ricain sur le sujet, a ajout\u00e9 Jen Psaki.<\/p>\n<p><strong>L&rsquo;enqu\u00eate de terrain de l&rsquo;OMS d\u00e9marre alors que la pand\u00e9mie est de plus en plus mortelle dans le monde<\/strong>, avec un nouveau record quotidien de plus de 18.000 d\u00e9c\u00e8s mercredi et des variants, bien plus contagieux, qui ne cessent de se propager, poussant de plus en plus de pays \u00e0 fermer leurs fronti\u00e8res.<\/p>\n<p>Dans la course aux vaccins, l&rsquo;un des fabricants, le britannique AstraZeneca, se trouvait mercredi au coeur de tensions avec l&rsquo;UE.<\/p>\n<p>De jour en jour, la situation s&rsquo;assombrit: le nombre mondial des cas officiellement recens\u00e9s a d\u00e9pass\u00e9 les 100 millions et selon l&rsquo;OMS, les nouveaux variants du coronavirus continuent de se r\u00e9pandre: le britannique s&rsquo;est \u00e9tendu \u00e0 70 pays et le sud-africain \u00e0 31.<\/p>\n<p>Du jamais vu depuis le d\u00e9but de la pand\u00e9mie, 18.109 d\u00e9c\u00e8s ont \u00e9t\u00e9 enregistr\u00e9s mardi dans le monde, selon un comptage mercredi de l\u2019AFP. Au total, le monde a enregistr\u00e9 2,16 millions de morts.<\/p>\n<blockquote><p>\u00ab\u00a0Nous livrons le combat de notre vie\u00a0\u00bb, mais \u00ab\u00a0nous pouvons vaincre le virus &#8211; et nous vaincrons le virus\u00a0\u00bb et ses variants, a assur\u00e9 Maria Van Kerkhove, la responsable technique \u00e0 l&rsquo;OMS de la lutte contre le Covid-19.<\/p><\/blockquote>\n<h3>Les Gouvernements sont sous pression<\/h3>\n<p>Cette situation met sous pression les gouvernements pour trouver de nouvelles parades.<\/p>\n<p>En Grande-Bretagne, le premier pays europ\u00e9en \u00e0 avoir d\u00e9pass\u00e9 le seuil macabre des 100.000 morts, le gouvernement a impos\u00e9 une quarantaine \u00e0 l&rsquo;h\u00f4tel aux r\u00e9sidents au Royaume-Uni en provenance de 22 pays o\u00f9 des variants du virus \u00ab\u00a0pr\u00e9sentent un risque\u00a0\u00bb, comme l&rsquo;Afrique du Sud, le Portugal et des pays d&rsquo;Am\u00e9rique du Sud. Les arriv\u00e9es de ces Etats sont d\u00e9j\u00e0 interdites aux personnes ne r\u00e9sidant pas au Royaume-Uni.<\/p>\n<p>Ces voyageurs seront \u00ab\u00a0emmen\u00e9s directement\u00a0\u00bb de l&rsquo;a\u00e9roport \u00e0 l&rsquo;h\u00f4tel, a pr\u00e9cis\u00e9 le Premier ministre Boris Johnson.<\/p>\n<p>En France, o\u00f9 le bilan des morts ne cesse de grimper (pr\u00e8s de 75.000), le gouvernement a d\u00e9clar\u00e9 mercredi \u00e9tudier plusieurs sc\u00e9narios pour enrayer la propagation du Covid-19, dont celui d&rsquo;un nouveau confinement \u00ab\u00a0tr\u00e8s serr\u00e9\u00a0\u00bb, le couvre-feu actuel de 18H00 \u00e0 06H00 n&rsquo;\u00e9tant pas assez efficace.<\/p>\n<p>Pas d&rsquo;ambigu\u00eft\u00e9s en Slovaquie qui a resserr\u00e9 son r\u00e9gime de confinement en exigeant d\u00e9sormais des tests n\u00e9gatifs pour pouvoir sortir de chez soi.<\/p>\n<p>Au Liban, plus de 220 personnes ont \u00e9t\u00e9 bless\u00e9es mercredi dans de violents affrontements &#8211; pour la troisi\u00e8me soir\u00e9e cons\u00e9cutive &#8211; \u00e0 Tripoli (nord) entre policiers et manifestants qui protestent contre le strict confinement qui a aggrav\u00e9 la crise \u00e9conomique.<\/p>\n<h3>Tensions avec le vaccin AstraZeneca<\/h3>\n<p>La campagne massive de vaccination reste une des rares lueurs d&rsquo;espoir pour entrevoir une sortie de crise. A ce sujet, le laboratoire britannique AstraZeneca \u00e9tait au coeur de tensions avec l&rsquo;Union europ\u00e9enne. <strong>En cause: l&rsquo;annonce d&rsquo;un retard dans le calendrier de livraisons de vaccins<\/strong>.<\/p>\n<p><strong>Selon AstraZeneca, la production des vaccins dans les usines britanniques est r\u00e9serv\u00e9e au Royaume-Uni<\/strong> en vertu de l&rsquo;accord conclu avec Londres, trois mois avant le contrat sign\u00e9 avec l&rsquo;UE. Ce que conteste Bruxelles.<\/p>\n<blockquote><p>L&rsquo;UE r\u00e9clame ainsi \u00e0 AstraZeneca de lui livrer comme convenu des vaccins contre le Covid-19 produits dans deux usines britanniques, alors que le groupe pr\u00e9voit d\u00e9sormais de ne fournir au premier trimestre qu'\u00a0\u00bbun quart\u00a0\u00bb des doses promises.<\/p><\/blockquote>\n<p>A ce jour, au moins 79,2 millions de doses de vaccins contre le Covid ont \u00e9t\u00e9 administr\u00e9es dans au moins 69 pays ou territoires, selon un comptage r\u00e9alis\u00e9 par l&rsquo;AFP \u00e0 partir de sources officielles mercredi \u00e0 11H00 GMT.<\/p>\n<p>Mais la <span style=\"color: #800000;\"><strong>vaccination<\/strong><\/span> est pour l\u2019heure un privil\u00e8ge des pays \u00e0 \u00ab\u00a0revenu \u00e9lev\u00e9\u00a0\u00bb (au sens de la Banque mondiale), qui concentrent 62% des doses administr\u00e9es dans le monde alors qu\u2019ils ne regroupent que 16% de la population mondiale.<\/p>\n<p>Michael Ryan, le directeur des op\u00e9rations d&rsquo;urgence de l&rsquo;OMS, consid\u00e8re que \u00ab\u00a0si nous arrivons \u00e0 une situation dans le monde d\u00e9velopp\u00e9 o\u00f9 des gens en parfaite sant\u00e9 sont vaccin\u00e9s et que des travailleurs en premi\u00e8re ligne et des personnes vuln\u00e9rables (des pays pauvres) ne le sont pas, ce n&rsquo;est tout simplement pas juste\u00a0\u00bb.<\/p>\n<p>Et une \u00e9tude publi\u00e9e jeudi par un groupe de r\u00e9flexion australien a conclu que c&rsquo;est le Br\u00e9sil qui a le plus mal g\u00e9r\u00e9 la pand\u00e9mie de Covid-19 alors que la Nouvelle-Z\u00e9lande est la meilleure \u00e9l\u00e8ve de la plan\u00e8te. (AFP)<\/p>\n","protected":false},"excerpt":{"rendered":"<p>CoronaVirus: une \u00e9quipe de l&rsquo;OMS est sortie jeudi de quarantaine en Chine pour entamer ses investigations sur le terrain, alors que Washington a r\u00e9clam\u00e9 une enqu\u00eate \u00ab\u00a0claire et pouss\u00e9e\u00a0\u00bb sur les origines de la pand\u00e9mie de Covid-19 qui continue de s&rsquo;aggraver \u00e0 travers le monde. Les dix enqu\u00eateurs internationaux de l&rsquo;Organisation mondiale de la Sant\u00e9 [&hellip;]<\/p>\n","protected":false},"author":1,"featured_media":8867,"comment_status":"open","ping_status":"closed","sticky":false,"template":"","format":"standard","meta":{"footnotes":""},"categories":[1372],"tags":[1336,152,1298,1211,1349],"class_list":["post-9005","post","type-post","status-publish","format-standard","has-post-thumbnail","hentry","category-monde","tag-astrazeneca","tag-chine","tag-oms","tag-pandemie","tag-vaccination"],"aioseo_notices":[],"_links":{"self":[{"href":"https:\/\/www.culturalusa.com\/news\/wp-json\/wp\/v2\/posts\/9005","targetHints":{"allow":["GET"]}}],"collection":[{"href":"https:\/\/www.culturalusa.com\/news\/wp-json\/wp\/v2\/posts"}],"about":[{"href":"https:\/\/www.culturalusa.com\/news\/wp-json\/wp\/v2\/types\/post"}],"author":[{"embeddable":true,"href":"https:\/\/www.culturalusa.com\/news\/wp-json\/wp\/v2\/users\/1"}],"replies":[{"embeddable":true,"href":"https:\/\/www.culturalusa.com\/news\/wp-json\/wp\/v2\/comments?post=9005"}],"version-history":[{"count":0,"href":"https:\/\/www.culturalusa.com\/news\/wp-json\/wp\/v2\/posts\/9005\/revisions"}],"wp:featuredmedia":[{"embeddable":true,"href":"https:\/\/www.culturalusa.com\/news\/wp-json\/wp\/v2\/media\/8867"}],"wp:attachment":[{"href":"https:\/\/www.culturalusa.com\/news\/wp-json\/wp\/v2\/media?parent=9005"}],"wp:term":[{"taxonomy":"category","embeddable":true,"href":"https:\/\/www.culturalusa.com\/news\/wp-json\/wp\/v2\/categories?post=9005"},{"taxonomy":"post_tag","embeddable":true,"href":"https:\/\/www.culturalusa.com\/news\/wp-json\/wp\/v2\/tags?post=9005"}],"curies":[{"name":"wp","href":"https:\/\/api.w.org\/{rel}","templated":true}]}}