{"id":9011,"date":"2021-01-30T02:28:26","date_gmt":"2021-01-30T01:28:26","guid":{"rendered":"https:\/\/www.culturalusa.com\/news\/?p=9011"},"modified":"2021-01-30T02:39:44","modified_gmt":"2021-01-30T01:39:44","slug":"la-france-ferme-ses-frontieres-mais-echappe-au-reconfinement","status":"publish","type":"post","link":"https:\/\/www.culturalusa.com\/news\/actualite\/la-france-ferme-ses-frontieres-mais-echappe-au-reconfinement\/","title":{"rendered":"La France ferme ses fronti\u00e8res mais \u00e9chappe au reconfinement"},"content":{"rendered":"<p>Covid-19: <strong>Se donner \u00ab\u00a0encore une chance d&rsquo;\u00e9viter le confinement\u00a0\u00bb<\/strong>: Jean Castex a annonc\u00e9 vendredi de nouvelles restrictions face \u00e0 l&rsquo;\u00e9pid\u00e9mie du Covid, dont la <strong>fermeture des fronti\u00e8res aux pays hors-UE<\/strong>, mais a renvoy\u00e9 toute nouvelle d\u00e9cision radicale aux \u00ab\u00a0prochains jours\u00a0\u00bb, jug\u00e9s \u00ab\u00a0d\u00e9terminants\u00a0\u00bb.<\/p>\n<blockquote><p>Lors d&rsquo;une prise de parole inattendue \u00e0 l&rsquo;issue d&rsquo;un Conseil de d\u00e9fense autour d&rsquo;Emmanuel Macron, le chef du gouvernement a soulign\u00e9 depuis l&rsquo;Elys\u00e9e que \u00ab\u00a0la question d&rsquo;un confinement se pose l\u00e9gitimement\u00a0\u00bb. Mais, a-t-il ajout\u00e9 \u00ab\u00a0nous en connaissons l&rsquo;impact tr\u00e8s lourd sur tous les plans\u00a0\u00bb.<\/p><\/blockquote>\n<p><span style=\"color: #800000;\"><strong>Pas de troisi\u00e8me confinement dans l&rsquo;imm\u00e9diat.<\/strong><\/span> Mais une s\u00e9rie de restrictions, aussit\u00f4t jug\u00e9es trop faibles par certains dans l&rsquo;opposition.<\/p>\n<h3>A partir de dimanche 00h00, la France va fermer ses fronti\u00e8res aux pays ext\u00e9rieurs \u00e0 l&rsquo;Union europ\u00e9enne, \u00ab\u00a0sauf motif imp\u00e9rieux\u00a0\u00bb.<\/h3>\n<p>Le Premier ministre a par ailleurs pr\u00e9cis\u00e9 qu&rsquo;un test PCR n\u00e9gatif serait demand\u00e9 pour toute entr\u00e9e en France en provenance d&rsquo;un pays de l&rsquo;UE, \u00ab\u00a0\u00e0 l&rsquo;exception des travailleurs transfrontaliers\u00a0\u00bb. Cette mesure, d\u00e9j\u00e0 en vigueur depuis dimanche dernier pour le transport maritime et a\u00e9rien, doit donc \u00eatre \u00e9tendue au transport terrestre.<\/p>\n<p>Enfin, tous les d\u00e9placements en provenance et en direction de tous nos territoires ultramarins seront \u00e9galement soumis \u00e0 la production de motif imp\u00e9rieux \u00e0 compter de dimanche.<\/p>\n<blockquote><p>Les centres commerciaux non-alimentaires de plus de 20.000 m2, \u00ab\u00a0c&rsquo;est-\u00e0-dire ceux qui favorisent le plus de brassage\u00a0\u00bb, seront ferm\u00e9s en France d\u00e8s ce dimanche. Et, \u00e0 partir de lundi, les jauges de fr\u00e9quentation \u00ab\u00a0seront renforc\u00e9es dans toutes les grandes surfaces\u00a0\u00bb.<\/p><\/blockquote>\n<p><strong>Le Premier ministre a par ailleurs annonc\u00e9 un <span style=\"color: #800000;\">renforcement des contr\u00f4les du couvre-feu de 18H00<\/span>, des f\u00eates clandestines et de \u00ab\u00a0l&rsquo;ouverture ill\u00e9gale\u00a0\u00bb des restaurants<\/strong>, afin que \u00ab\u00a0les d\u00e9rives de quelques-uns ne (&#8230;) ruinent pas les efforts de tous\u00a0\u00bb. Une \u00ab\u00a0consigne de particuli\u00e8re fermet\u00e9 sera appliqu\u00e9e pour ceux qui fraudent les r\u00e8gles en vigueur\u00a0\u00bb.<\/p>\n<p>L&rsquo;ex\u00e9cutif avait r\u00e9uni vendredi un Conseil de d\u00e9fense sanitaire jug\u00e9 crucial, apr\u00e8s plusieurs jours d&rsquo;incertitudes quant \u00e0 la mise en place d&rsquo;un nouveau confinement, et deux jours de consultation du gouvernement avec les groupes politiques au Parlement, associations d&rsquo;\u00e9lus et syndicats, au moment o\u00f9 <strong>la campagne de vaccination risque de ralentir \u00e0 cause d&rsquo;une baisse des livraisons des laboratoires<\/strong>.<\/p>\n<p>Sur le front de la propagation de l&rsquo;\u00e9pid\u00e9mie, le chef du gouvernement a estim\u00e9 que la situation est \u00ab\u00a0pr\u00e9occupante\u00a0\u00bb m\u00eame si elle \u00ab\u00a0reste mieux maitris\u00e9e en France que chez beaucoup de nos voisins\u00a0\u00bb. Avec pr\u00e8s de 23.000 nouvelles contaminations et un niveau \u00e9lev\u00e9 d&rsquo;entr\u00e9es \u00e0 l&rsquo;h\u00f4pital et en r\u00e9animation, la pression reste forte.<\/p>\n<p><strong>La crainte porte d&rsquo;abord sur les variants qui se sont diffus\u00e9s au Royaume-Uni et en Afrique du Sud<\/strong> et qui repr\u00e9senteraient d\u00e9sormais un dixi\u00e8me des cas en France.<\/p>\n<h3>\u00a0\u00ab\u00a0H\u00e9sitation\u00a0\u00bb<\/h3>\n<p><strong>Alors que les d\u00e9bits de boisson, restaurants, lieux culturels et universit\u00e9s sont ferm\u00e9s depuis la fin octobre<\/strong>, les voix politiques et scientifiques se sont multipli\u00e9es ces derniers jours pour redemander aux commerces de baisser le rideau, voire fermer les \u00e9coles.<\/p>\n<p>Le gouvernement avait temporis\u00e9, \u00e0 la recherche d&rsquo;un compromis entre les restrictions et le maintien d&rsquo;une vie \u00e9conomique et sociale, sur fond de ras-le-bol de la population.<\/p>\n<p>La situation est particuli\u00e8rement difficile dans certaines r\u00e9gions, comme en Provence-Alpes-C\u00f4te-d&rsquo;Azur, o\u00f9 six transferts de malades ont eu lieu cette semaine vers d&rsquo;autres territoires, notamment en Bretagne et en Occitanie, pour soulager les h\u00f4pitaux.<\/p>\n<p>Le rythme des d\u00e9c\u00e8s ne d\u00e9cro\u00eet pas, avec 356 morts \u00e0 l&rsquo;h\u00f4pital vendredi, portant \u00e0 75.620 le bilan total depuis le d\u00e9but de l&rsquo;\u00e9pid\u00e9mie.<\/p>\n<h3>Moins de vaccin\u00e9s<\/h3>\n<p>Comme les autres pays europ\u00e9ens, <span style=\"color: #800000;\"><strong>la France doit aussi faire face \u00e0 une baisse des livraisons esp\u00e9r\u00e9es de vaccins, aussi bien de la part de Pfizer\/BioNTech que de Moderna ou d&rsquo;AstraZeneca<\/strong><\/span>.<\/p>\n<p>R\u00e9sultat, le gouvernement pr\u00e9voit qu&rsquo;en f\u00e9vrier seulement un million de personnes recevront la premi\u00e8re des deux injections n\u00e9cessaires, apr\u00e8s plus d&rsquo;1,4 million en janvier.<\/p>\n<p>S&rsquo;ajouteront 1,4 million de deuxi\u00e8mes injections, mais cette pr\u00e9vision est tr\u00e8s inf\u00e9rieure au chiffre de 4 millions de personnes vaccin\u00e9es fin f\u00e9vrier, r\u00e9cemment \u00e9voqu\u00e9 par le ministre de la Sant\u00e9.<\/p>\n<p>Alors que la vaccination est ouverte notamment dans les Ehpad, pour les professionnels de sant\u00e9 de plus de 50 ans ou fragiles, et \u00e0 cinq millions de plus de 75 ans, plusieurs r\u00e9gions ont d\u00fb reporter des milliers de rendez-vous pour une premi\u00e8re injection, \u00e0 cause de baisses d&rsquo;approvisionnement.<\/p>\n<p>La suite de la campagne va aussi d\u00e9pendre des d\u00e9tails de l&rsquo;autorisation de mise sur le march\u00e9 du vaccin AstraZeneca, qui a l&rsquo;avantage d&rsquo;\u00eatre plus facilement conserv\u00e9 et transport\u00e9 que ceux de Pfizer et Moderna, mais dont l&rsquo;efficacit\u00e9 sur les personnes \u00e2g\u00e9es a \u00e9t\u00e9 mise en cause, notamment par la commission de vaccination allemande, qui l&rsquo;a d\u00e9conseill\u00e9 pour les plus de 65 ans.<\/p>\n<p>Emmanuel Macron a \u00e9galement fait part de ses doutes vendredi avant que l&rsquo;Agence europ\u00e9enne du m\u00e9dicament (EMA) ne donne son feu vert pour les plus de 18 ans.<\/p>\n<p>Si la Haute autorit\u00e9 de sant\u00e9 (HAS) en France a des r\u00e9ticences, \u00ab\u00a0on peut \u00eatre amen\u00e9 \u00e0 une intensification de la vaccination d&rsquo;autres publics\u00a0\u00bb, a expliqu\u00e9 \u00e0 l&rsquo;AFP le minist\u00e8re de la Sant\u00e9.<\/p>\n<p>Dans tous les cas, il faudra faire, au mieux, avec 4,6 millions de doses de ce vaccin d&rsquo;ici \u00e0 la fin mars, soit moiti\u00e9 moins qu&rsquo;attendu auparavant. (AFP)<\/p>\n","protected":false},"excerpt":{"rendered":"<p>Covid-19: Se donner \u00ab\u00a0encore une chance d&rsquo;\u00e9viter le confinement\u00a0\u00bb: Jean Castex a annonc\u00e9 vendredi de nouvelles restrictions face \u00e0 l&rsquo;\u00e9pid\u00e9mie du Covid, dont la fermeture des fronti\u00e8res aux pays hors-UE, mais a renvoy\u00e9 toute nouvelle d\u00e9cision radicale aux \u00ab\u00a0prochains jours\u00a0\u00bb, jug\u00e9s \u00ab\u00a0d\u00e9terminants\u00a0\u00bb. Lors d&rsquo;une prise de parole inattendue \u00e0 l&rsquo;issue d&rsquo;un Conseil de d\u00e9fense autour [&hellip;]<\/p>\n","protected":false},"author":1,"featured_media":9013,"comment_status":"open","ping_status":"closed","sticky":false,"template":"","format":"standard","meta":{"footnotes":""},"categories":[30],"tags":[1336,1360,1617,1418,1510,1311],"class_list":["post-9011","post","type-post","status-publish","format-standard","has-post-thumbnail","hentry","category-actualite","tag-astrazeneca","tag-controles-frontieres","tag-fermeture-des-frontieres","tag-moderna","tag-pfizer-biontech","tag-reconfinement"],"aioseo_notices":[],"_links":{"self":[{"href":"https:\/\/www.culturalusa.com\/news\/wp-json\/wp\/v2\/posts\/9011","targetHints":{"allow":["GET"]}}],"collection":[{"href":"https:\/\/www.culturalusa.com\/news\/wp-json\/wp\/v2\/posts"}],"about":[{"href":"https:\/\/www.culturalusa.com\/news\/wp-json\/wp\/v2\/types\/post"}],"author":[{"embeddable":true,"href":"https:\/\/www.culturalusa.com\/news\/wp-json\/wp\/v2\/users\/1"}],"replies":[{"embeddable":true,"href":"https:\/\/www.culturalusa.com\/news\/wp-json\/wp\/v2\/comments?post=9011"}],"version-history":[{"count":0,"href":"https:\/\/www.culturalusa.com\/news\/wp-json\/wp\/v2\/posts\/9011\/revisions"}],"wp:featuredmedia":[{"embeddable":true,"href":"https:\/\/www.culturalusa.com\/news\/wp-json\/wp\/v2\/media\/9013"}],"wp:attachment":[{"href":"https:\/\/www.culturalusa.com\/news\/wp-json\/wp\/v2\/media?parent=9011"}],"wp:term":[{"taxonomy":"category","embeddable":true,"href":"https:\/\/www.culturalusa.com\/news\/wp-json\/wp\/v2\/categories?post=9011"},{"taxonomy":"post_tag","embeddable":true,"href":"https:\/\/www.culturalusa.com\/news\/wp-json\/wp\/v2\/tags?post=9011"}],"curies":[{"name":"wp","href":"https:\/\/api.w.org\/{rel}","templated":true}]}}