{"id":9016,"date":"2021-02-01T02:19:52","date_gmt":"2021-02-01T01:19:52","guid":{"rendered":"https:\/\/www.culturalusa.com\/news\/?p=9016"},"modified":"2021-02-01T02:19:52","modified_gmt":"2021-02-01T01:19:52","slug":"lagarde-udi-souhaite-reserver-le-vaccin-astrazeneca-en-priorite-aux-etudiants","status":"publish","type":"post","link":"https:\/\/www.culturalusa.com\/news\/politique\/lagarde-udi-souhaite-reserver-le-vaccin-astrazeneca-en-priorite-aux-etudiants\/","title":{"rendered":"Lagarde (UDI) souhaite r\u00e9server le vaccin AstraZeneca en priorit\u00e9 aux \u00e9tudiants"},"content":{"rendered":"<p>Jean-Christophe Lagarde, d\u00e9put\u00e9 centriste a pr\u00e9conis\u00e9 de consacrer les premi\u00e8res doses re\u00e7ues en France du vaccin AstraZeneca contre le Covid-19 \u00e0 la vaccination des \u00e9tudiants, afin de r\u00e9pondre au malaise chez les jeunes.<\/p>\n<blockquote><p>\u00ab\u00a0Les premi\u00e8res doses d&rsquo;AstraZeneca que nous recevrons devraient \u00eatre consacr\u00e9es \u00e0 nos 2,8 millions d&rsquo;\u00e9tudiants, pour les vacciner et leur permettre de reprendre une vie normale\u00a0\u00bb, a d\u00e9clar\u00e9 le pr\u00e9sident de l&rsquo;UDI lors du Forum Radio J.<\/p><\/blockquote>\n<h3>AstraZeneca\/Oxford est, depuis vendredi, le troisi\u00e8me s\u00e9rum \u00e0 \u00eatre avalis\u00e9 dans l&rsquo;UE apr\u00e8s ceux de Pfizer\/BioNTech et de Moderna.<\/h3>\n<p><strong><span style=\"color: #800000;\">Son efficacit\u00e9<\/span> est toutefois mise en cause par les autorit\u00e9s allemandes pour <span style=\"color: #800000;\">les plus de 65 ans<\/span>.<\/strong><\/p>\n<p>Selon M. Lagarde, \u00ab\u00a0dans la course contre-la-montre en question, je pense qu&rsquo;il faut qu&rsquo;on relib\u00e8re les jeunes (&#8230;) et qu&rsquo;on leur ouvre la porte des universit\u00e9s\u00a0\u00bb.<\/p>\n<blockquote><p>Le ministre de l&rsquo;Education nationale, Jean-Michel Blanquer, qui s&rsquo;est battu pour le maintien des \u00e9coles ouvertes, avait souhait\u00e9 jeudi matin que la jeunesse devienne \u00ab\u00a0la priorit\u00e9 absolue\u00a0\u00bb.<\/p><\/blockquote>\n<p>\u00ab\u00a0Il y a des mesures qui sont prises mais il faut aller plus loin et \u00eatre extr\u00eamement bienveillant pour cette g\u00e9n\u00e9ration\u00a0\u00bb, a-t-il d\u00e9clar\u00e9 sur France 2.<\/p>\n<p>Les signaux envoy\u00e9s depuis quelques semaines par l&rsquo;ex\u00e9cutif vont dans le sens d&rsquo;une prise en compte de la d\u00e9tresse de la jeunesse : selon un sondage Ipsos publi\u00e9 jeudi, pr\u00e8s d&rsquo;un tiers des 18-25 ans \u00e9voque des pens\u00e9es suicidaires. (AFP)<\/p>\n","protected":false},"excerpt":{"rendered":"<p>Jean-Christophe Lagarde, d\u00e9put\u00e9 centriste a pr\u00e9conis\u00e9 de consacrer les premi\u00e8res doses re\u00e7ues en France du vaccin AstraZeneca contre le Covid-19 \u00e0 la vaccination des \u00e9tudiants, afin de r\u00e9pondre au malaise chez les jeunes. \u00ab\u00a0Les premi\u00e8res doses d&rsquo;AstraZeneca que nous recevrons devraient \u00eatre consacr\u00e9es \u00e0 nos 2,8 millions d&rsquo;\u00e9tudiants, pour les vacciner et leur permettre de [&hellip;]<\/p>\n","protected":false},"author":1,"featured_media":9017,"comment_status":"open","ping_status":"closed","sticky":false,"template":"","format":"standard","meta":{"footnotes":""},"categories":[1494],"tags":[1618,1344,1244,1619],"class_list":["post-9016","post","type-post","status-publish","format-standard","has-post-thumbnail","hentry","category-politique","tag-astrazeneca-oxford","tag-education-nationale","tag-vaccin","tag-vaccination-etudiants"],"aioseo_notices":[],"_links":{"self":[{"href":"https:\/\/www.culturalusa.com\/news\/wp-json\/wp\/v2\/posts\/9016","targetHints":{"allow":["GET"]}}],"collection":[{"href":"https:\/\/www.culturalusa.com\/news\/wp-json\/wp\/v2\/posts"}],"about":[{"href":"https:\/\/www.culturalusa.com\/news\/wp-json\/wp\/v2\/types\/post"}],"author":[{"embeddable":true,"href":"https:\/\/www.culturalusa.com\/news\/wp-json\/wp\/v2\/users\/1"}],"replies":[{"embeddable":true,"href":"https:\/\/www.culturalusa.com\/news\/wp-json\/wp\/v2\/comments?post=9016"}],"version-history":[{"count":0,"href":"https:\/\/www.culturalusa.com\/news\/wp-json\/wp\/v2\/posts\/9016\/revisions"}],"wp:featuredmedia":[{"embeddable":true,"href":"https:\/\/www.culturalusa.com\/news\/wp-json\/wp\/v2\/media\/9017"}],"wp:attachment":[{"href":"https:\/\/www.culturalusa.com\/news\/wp-json\/wp\/v2\/media?parent=9016"}],"wp:term":[{"taxonomy":"category","embeddable":true,"href":"https:\/\/www.culturalusa.com\/news\/wp-json\/wp\/v2\/categories?post=9016"},{"taxonomy":"post_tag","embeddable":true,"href":"https:\/\/www.culturalusa.com\/news\/wp-json\/wp\/v2\/tags?post=9016"}],"curies":[{"name":"wp","href":"https:\/\/api.w.org\/{rel}","templated":true}]}}