{"id":9019,"date":"2021-02-01T02:34:11","date_gmt":"2021-02-01T01:34:11","guid":{"rendered":"https:\/\/www.culturalusa.com\/news\/?p=9019"},"modified":"2021-02-01T02:34:11","modified_gmt":"2021-02-01T01:34:11","slug":"bruxelles-arrestations-pour-eviter-des-manifestations-contre-les-mesures-anti-covid","status":"publish","type":"post","link":"https:\/\/www.culturalusa.com\/news\/belgique\/bruxelles-arrestations-pour-eviter-des-manifestations-contre-les-mesures-anti-covid\/","title":{"rendered":"Bruxelles: arrestations pour \u00e9viter des manifestations contre les mesures anti-Covid"},"content":{"rendered":"<p>Belgique: pr\u00e8s de <strong>500 personnes ont \u00e9t\u00e9 arr\u00eat\u00e9es pr\u00e9ventivement dimanche \u00e0 Bruxelles<\/strong> pour emp\u00eacher deux manifestations interdites par les autorit\u00e9s contre les <strong>mesures anti-Covid<\/strong>, a d\u00e9clar\u00e9 \u00e0 l&rsquo;AFP un porte-parole de la police locale.<\/p>\n<blockquote><p>\u00ab\u00a0488 personnes ont \u00e9t\u00e9 arr\u00eat\u00e9es administrativement\u00a0\u00bb, principalement aux abords des gares de la capitale belge, a pr\u00e9cis\u00e9 ce porte-parole. Elles ont commenc\u00e9 \u00e0 \u00eatre lib\u00e9r\u00e9es vers 14H00 GMT.<\/p><\/blockquote>\n<p>Une place situ\u00e9e devant la gare centrale, o\u00f9 la mobilisation \u00e9tait la \u00ab\u00a0plus large\u00a0\u00bb, a d\u00fb \u00eatre \u00e9vacu\u00e9e, a-t-il ajout\u00e9. Parmi les personnes pr\u00e9sentes figurent \u00ab\u00a0des supporters de cinq ou six clubs\u00a0\u00bb de football belge flamands et wallons.<\/p>\n<p>Outre la gare centrale, les manifestants \u00e9taient appel\u00e9s sur les r\u00e9seaux sociaux \u00e0 se rassembler \u00e0 l&rsquo;Atomium, un monument embl\u00e9matique de la ville, o\u00f9 quelques dizaines de personnes \u00e9taient pr\u00e9sentes.<\/p>\n<h3>La police belge a twitt\u00e9 des photos des objets r\u00e9cup\u00e9r\u00e9s sur certaines personnes arr\u00eat\u00e9es : couteaux, p\u00e9tards, feu de bengale, gants renforc\u00e9s ou encore un prot\u00e8ge-dents. \u00ab\u00a0Pas des objets pour un rassemblement pacifique\u00a0\u00bb, a-t-elle comment\u00e9.<\/h3>\n<p>\u00ab\u00a0Nous rappelons qu&rsquo;il n&rsquo;y a aucune autorisation pour venir manifester ce dimanche\u00a0\u00bb, avait-elle insist\u00e9 sur le m\u00eame r\u00e9seau social.<\/p>\n<p>\u00ab\u00a0Les personnes qui ont malgr\u00e9 tout l&rsquo;intention de manifester \u00e0 Bruxelles seront abord\u00e9es, dissuad\u00e9es de rester et, si n\u00e9cessaire, arr\u00eat\u00e9es administrativement\u00a0\u00bb, avait-elle pr\u00e9venu.<\/p>\n<blockquote><p>La Belgique, qui compte 11,5 millions d&rsquo;habitants, a d\u00e9j\u00e0 recens\u00e9 plus de 20.000 d\u00e9c\u00e8s li\u00e9s au coronavirus depuis mars 2020.<\/p><\/blockquote>\n<p>Ce pays a r\u00e9cemment d\u00e9cid\u00e9 d&rsquo;interdire les voyages \u00ab\u00a0non essentiels\u00a0\u00bb vers et hors de son territoire jusqu&rsquo;au 1er mars.<\/p>\n<p>Depuis trois mois, les Belges sont partiellement confin\u00e9s, avec les \u00e9coles ouvertes mais de multiples secteurs d&rsquo;activit\u00e9 ferm\u00e9s (caf\u00e9s, restaurants, salles de spectacles, de sport, etc.).<\/p>\n<p>Aux Pays-Bas voisins, des \u00e9meutes ont eu lieu ces derniers jours contre l&rsquo;instauration d&rsquo;un couvre-feu pour faire face au Covid-19.<\/p>\n<p>Dimanche \u00e0 Apeldoorn, dans le centre, quelque 400 protestataires se sont dispers\u00e9s pacifiquement apr\u00e8s une manifestation autoris\u00e9e par le maire de la ville.<\/p>\n<p>A Amsterdam, une importante pr\u00e9sence polici\u00e8re a mis fin \u00e0 une manifestation essentiellement pacifique, mais ill\u00e9gale, contre les mesures anti-Covid.<\/p>\n<p>La police avait auparavant arr\u00eat\u00e9 une trentaine de personnes \u00e0 proximit\u00e9 \u00ab\u00a0en raison du risque de trouble \u00e0 l&rsquo;ordre public\u00a0\u00bb, selon les m\u00e9dias n\u00e9erlandais, apr\u00e8s un arr\u00eat\u00e9 d&rsquo;urgence du conseil municipal interdisant toute manifestation autour de la c\u00e9l\u00e8bre place qui abrite les mus\u00e9es Van Gogh, Rijks et Stedelijk. (AFP)<\/p>\n","protected":false},"excerpt":{"rendered":"<p>Belgique: pr\u00e8s de 500 personnes ont \u00e9t\u00e9 arr\u00eat\u00e9es pr\u00e9ventivement dimanche \u00e0 Bruxelles pour emp\u00eacher deux manifestations interdites par les autorit\u00e9s contre les mesures anti-Covid, a d\u00e9clar\u00e9 \u00e0 l&rsquo;AFP un porte-parole de la police locale. \u00ab\u00a0488 personnes ont \u00e9t\u00e9 arr\u00eat\u00e9es administrativement\u00a0\u00bb, principalement aux abords des gares de la capitale belge, a pr\u00e9cis\u00e9 ce porte-parole. Elles ont [&hellip;]<\/p>\n","protected":false},"author":1,"featured_media":9020,"comment_status":"open","ping_status":"closed","sticky":false,"template":"","format":"standard","meta":{"footnotes":""},"categories":[1177],"tags":[1179,1620,1621],"class_list":["post-9019","post","type-post","status-publish","format-standard","has-post-thumbnail","hentry","category-belgique","tag-belgique","tag-manifestations-bruxelles","tag-mesures-anti-covid"],"aioseo_notices":[],"_links":{"self":[{"href":"https:\/\/www.culturalusa.com\/news\/wp-json\/wp\/v2\/posts\/9019","targetHints":{"allow":["GET"]}}],"collection":[{"href":"https:\/\/www.culturalusa.com\/news\/wp-json\/wp\/v2\/posts"}],"about":[{"href":"https:\/\/www.culturalusa.com\/news\/wp-json\/wp\/v2\/types\/post"}],"author":[{"embeddable":true,"href":"https:\/\/www.culturalusa.com\/news\/wp-json\/wp\/v2\/users\/1"}],"replies":[{"embeddable":true,"href":"https:\/\/www.culturalusa.com\/news\/wp-json\/wp\/v2\/comments?post=9019"}],"version-history":[{"count":0,"href":"https:\/\/www.culturalusa.com\/news\/wp-json\/wp\/v2\/posts\/9019\/revisions"}],"wp:featuredmedia":[{"embeddable":true,"href":"https:\/\/www.culturalusa.com\/news\/wp-json\/wp\/v2\/media\/9020"}],"wp:attachment":[{"href":"https:\/\/www.culturalusa.com\/news\/wp-json\/wp\/v2\/media?parent=9019"}],"wp:term":[{"taxonomy":"category","embeddable":true,"href":"https:\/\/www.culturalusa.com\/news\/wp-json\/wp\/v2\/categories?post=9019"},{"taxonomy":"post_tag","embeddable":true,"href":"https:\/\/www.culturalusa.com\/news\/wp-json\/wp\/v2\/tags?post=9019"}],"curies":[{"name":"wp","href":"https:\/\/api.w.org\/{rel}","templated":true}]}}