{"id":9034,"date":"2021-02-02T12:32:17","date_gmt":"2021-02-02T11:32:17","guid":{"rendered":"https:\/\/www.culturalusa.com\/news\/?p=9034"},"modified":"2021-02-02T12:35:20","modified_gmt":"2021-02-02T11:35:20","slug":"les-italiens-de-retour-dans-les-bars-et-restaurants-le-colisee-rouvre","status":"publish","type":"post","link":"https:\/\/www.culturalusa.com\/news\/monde\/les-italiens-de-retour-dans-les-bars-et-restaurants-le-colisee-rouvre\/","title":{"rendered":"Les Italiens de retour dans les bars et restaurants, le Colis\u00e9e rouvre"},"content":{"rendered":"<p>Covid: <strong>L&rsquo;Italie, \u00e0 contre-courant de ses voisins europ\u00e9ens<\/strong>, a assoupli lundi les restrictions anti-Covid en vigueur dans la plupart de ses r\u00e9gions, <strong>permettant la r\u00e9ouverture au public des bars et restaurants et de lieux aussi embl\u00e9matiques que le Colis\u00e9e et la Chapelle Sixtine<\/strong>.<\/p>\n<blockquote><p>La grande majorit\u00e9 des r\u00e9gions italiennes sont d\u00e9sormais class\u00e9es au niveau \u00ab\u00a0jaune\u00a0\u00bb, c&rsquo;est-\u00e0-dire \u00e0 risque mod\u00e9r\u00e9, \u00e0 l&rsquo;exception du Haut-Adige (nord), de l&rsquo;Ombrie (centre), des Pouilles, de la Sardaigne et de la Sicile (sud), class\u00e9es en \u00ab\u00a0orange\u00a0\u00bb (risque moyen). Plus aucune r\u00e9gion n&rsquo;est class\u00e9e \u00ab\u00a0rouge\u00a0\u00bb, le niveau de risque le plus \u00e9lev\u00e9.<\/p><\/blockquote>\n<p>Cet abaissement du niveau de risque, d\u00e9cid\u00e9 sur la base de crit\u00e8res comme le taux d&rsquo;occupation des services de r\u00e9animation ou le taux de propagation du virus, permet notamment la r\u00e9ouverture des bars et restaurants, qui ne pouvaient jusqu&rsquo;ici faire que de la vente \u00e0 emporter.<\/p>\n<p><strong>Ils peuvent d\u00e9sormais accueillir des clients \u00e0 leurs tables jusqu&rsquo;\u00e0 18H00, mais en nombre limit\u00e9 et en respectant les r\u00e8gles de distanciation.<\/strong><\/p>\n<p>Lundi en milieu de journ\u00e9e, une file s&rsquo;\u00e9tait ainsi form\u00e9e devant La Tazza d&rsquo;Oro, un caf\u00e9 r\u00e9put\u00e9 pr\u00e8s du Panth\u00e9on \u00e0 Rome: \u00ab\u00a0D\u00e9sol\u00e9s de vous faire attendre, chacun son tour\u00a0\u00bb, s&rsquo;excusait \u00e0 l&rsquo;entr\u00e9e un gar\u00e7on charg\u00e9 de r\u00e9guler le flux des clients pour \u00e9viter qu&rsquo;ils ne s&rsquo;agglutinent devant le comptoir surmont\u00e9 de s\u00e9parateurs en plexiglas.<\/p>\n<p><strong>Mais dans les restaurants on est loin de la foule des grands jours<\/strong>, comme en t\u00e9moigne aupr\u00e8s de l&rsquo;AFPTV Silvana Mattu, propri\u00e9taire d&rsquo;un restaurant sur la tr\u00e8s touristique place romaine de Campo de Fiori: \u00ab\u00a0On a juste quelques clients qui travaillent dans des bureaux du quartier, mais dans le centre, on ne travaille pas beaucoup aujourd&rsquo;hui, car nous sommes habitu\u00e9s \u00e0 fonctionner essentiellement avec le tourisme\u00a0\u00bb.<\/p>\n<h3>Les mus\u00e9es aussi ont enfin pu rouvrir, mais seulement en semaine pour \u00e9viter les concentrations de personnes.<\/h3>\n<p>Parmi les premiers \u00e0 rentrer aux Mus\u00e9es du Vatican, qui abritent la Chapelle Sixtine et ses c\u00e9l\u00e8bres fresques de Michel-Ange, un guide touristique qui, avant leur fermeture durant 88 jours, y accompagnait des groupes cinq jours sur sept. \u00ab\u00a0Ce mus\u00e9e \u00e9tait notre deuxi\u00e8me maison. Aujourd&rsquo;hui nous red\u00e9couvrons un endroit que nous n&rsquo;avions pas oubli\u00e9 mais qui s&rsquo;\u00e9tait un peu estomp\u00e9 dans notre m\u00e9moire\u00a0\u00bb, a confi\u00e9 \u00e0 l&rsquo;AFP Vincenzo Spina, accompagn\u00e9 d&rsquo;une coll\u00e8gue.<\/p>\n<p>D&rsquo;autres monuments embl\u00e9matiques de la capitale italienne sont concern\u00e9s: le Panth\u00e9on, la Galerie Borghese ou encore le Ch\u00e2teau Saint-Ange. Pr\u00e8s de Rome \u00e0 Tivoli, la Villa d&rsquo;Este et la Villa d&rsquo;Hadrien ont aussi rouvert leurs portes.<\/p>\n<p><strong>M\u00eame si le couvre-feu reste en vigueur sur tout le territoire national de 22H00 \u00e0 05H00<\/strong>, cet assouplissement contredit la tendance g\u00e9n\u00e9rale des autres pays europ\u00e9ens \u00e0 \u00e9dicter des restrictions plus s\u00e9v\u00e8res.<\/p>\n<h3>\u00ab\u00a0A contre-courant\u00a0\u00bb<\/h3>\n<p>L&rsquo;Organisation mondiale de la Sant\u00e9 (OMS) a pourtant averti jeudi qu&rsquo;il \u00e9tait \u00ab\u00a0trop t\u00f4t pour assouplir\u00a0\u00bb les restrictions en raison de la circulation \u00ab\u00a0encore tr\u00e8s \u00e9lev\u00e9e\u00a0\u00bb du virus.<\/p>\n<blockquote><p>\u00ab\u00a0L&rsquo;Italie est \u00e0 contre-courant\u00a0\u00bb, a confirm\u00e9 Walter Ricciardi, un expert en sant\u00e9 publique qui conseille le minist\u00e8re italien de la Sant\u00e9 face \u00e0 la pand\u00e9mie, dans un entretien vendredi avec l&rsquo;AFP.<\/p><\/blockquote>\n<p>Dimanche, la p\u00e9ninsule a enregistr\u00e9 11.252 nouveaux cas, un chiffre en baisse par rapport aux 12.715 comptabilis\u00e9s samedi.<\/p>\n<p>Ce week-end, alors que cet assouplissement avait \u00e9t\u00e9 annonc\u00e9 mais n&rsquo;\u00e9tait pas encore en vigueur, des milliers de personnes se sont d\u00e9vers\u00e9es dans les rues et les parcs des grandes villes, conduisant le ministre de la Sant\u00e9 Roberto Speranza \u00e0 lancer une mise en garde: \u00ab\u00a0Le classement en zone jaune ne signifie pas que nous avons \u00e9chapp\u00e9 au danger, il faut encore faire preuve de la plus grande prudence si nous ne voulons pas annuler les progr\u00e8s accomplis ces derni\u00e8res semaines\u00a0\u00bb.<\/p>\n<p>Les dirigeants italiens sont monopolis\u00e9s par la crise politique provoqu\u00e9e par la d\u00e9mission mardi du Premier ministre Giuseppe Conte, qui exp\u00e9die les affaires courantes en attendant que les consultations politiques en cours aboutissent \u00e0 une solution.<\/p>\n<p>L&rsquo;Italie, premier pays europ\u00e9en durement touch\u00e9 par la premi\u00e8re vague de coronavirus, a enregistr\u00e9 plus de 88.000 morts depuis le d\u00e9but de la pand\u00e9mie, et la troisi\u00e8me \u00e9conomie de la zone euro a plong\u00e9 dans sa pire r\u00e9cession depuis la Deuxi\u00e8me Guerre mondiale. (AFP)<\/p>\n","protected":false},"excerpt":{"rendered":"<p>Covid: L&rsquo;Italie, \u00e0 contre-courant de ses voisins europ\u00e9ens, a assoupli lundi les restrictions anti-Covid en vigueur dans la plupart de ses r\u00e9gions, permettant la r\u00e9ouverture au public des bars et restaurants et de lieux aussi embl\u00e9matiques que le Colis\u00e9e et la Chapelle Sixtine. La grande majorit\u00e9 des r\u00e9gions italiennes sont d\u00e9sormais class\u00e9es au niveau \u00ab\u00a0jaune\u00a0\u00bb, [&hellip;]<\/p>\n","protected":false},"author":1,"featured_media":9035,"comment_status":"open","ping_status":"closed","sticky":false,"template":"","format":"standard","meta":{"footnotes":""},"categories":[1372],"tags":[1353,542,1622,1352],"class_list":["post-9034","post","type-post","status-publish","format-standard","has-post-thumbnail","hentry","category-monde","tag-bars","tag-italie","tag-reouverture-bars-et-restaurants","tag-restaurants"],"aioseo_notices":[],"_links":{"self":[{"href":"https:\/\/www.culturalusa.com\/news\/wp-json\/wp\/v2\/posts\/9034","targetHints":{"allow":["GET"]}}],"collection":[{"href":"https:\/\/www.culturalusa.com\/news\/wp-json\/wp\/v2\/posts"}],"about":[{"href":"https:\/\/www.culturalusa.com\/news\/wp-json\/wp\/v2\/types\/post"}],"author":[{"embeddable":true,"href":"https:\/\/www.culturalusa.com\/news\/wp-json\/wp\/v2\/users\/1"}],"replies":[{"embeddable":true,"href":"https:\/\/www.culturalusa.com\/news\/wp-json\/wp\/v2\/comments?post=9034"}],"version-history":[{"count":0,"href":"https:\/\/www.culturalusa.com\/news\/wp-json\/wp\/v2\/posts\/9034\/revisions"}],"wp:featuredmedia":[{"embeddable":true,"href":"https:\/\/www.culturalusa.com\/news\/wp-json\/wp\/v2\/media\/9035"}],"wp:attachment":[{"href":"https:\/\/www.culturalusa.com\/news\/wp-json\/wp\/v2\/media?parent=9034"}],"wp:term":[{"taxonomy":"category","embeddable":true,"href":"https:\/\/www.culturalusa.com\/news\/wp-json\/wp\/v2\/categories?post=9034"},{"taxonomy":"post_tag","embeddable":true,"href":"https:\/\/www.culturalusa.com\/news\/wp-json\/wp\/v2\/tags?post=9034"}],"curies":[{"name":"wp","href":"https:\/\/api.w.org\/{rel}","templated":true}]}}