{"id":9050,"date":"2021-02-04T00:01:31","date_gmt":"2021-02-03T23:01:31","guid":{"rendered":"https:\/\/www.culturalusa.com\/news\/?p=9050"},"modified":"2021-02-04T00:07:23","modified_gmt":"2021-02-03T23:07:23","slug":"la-russie-defend-sa-fermete-face-aux-manifestants-pro-navalny","status":"publish","type":"post","link":"https:\/\/www.culturalusa.com\/news\/monde\/la-russie-defend-sa-fermete-face-aux-manifestants-pro-navalny\/","title":{"rendered":"La Russie d\u00e9fend sa \u00ab\u00a0fermet\u00e9\u00a0\u00bb face aux manifestants pro-Navalny"},"content":{"rendered":"<p><strong>Alexe\u00ef Navalny<\/strong>: le <strong>Kremlin s&rsquo;est f\u00e9licit\u00e9 de \u00ab\u00a0l&rsquo;action ferme\u00a0\u00bb<\/strong> de la police face aux <strong>manifestations r\u00e9clamant la lib\u00e9ration de l&rsquo;opposant Alexe\u00ef Navalny<\/strong>, dont le mouvement veut continuer le combat malgr\u00e9 la r\u00e9pression et l\u2019emprisonnement de son chef.<\/p>\n<blockquote><p>Un mouvement de protestation d&rsquo;une ampleur in\u00e9dite depuis plusieurs ann\u00e9es a essaim\u00e9 \u00e0 travers la Russie depuis l&#8217;emprisonnement mi-janvier d&rsquo;Alexe\u00ef Navalny \u00e0 son retour en Russie, apr\u00e8s cinq mois de convalescence en Allemagne o\u00f9 il se remettait d&rsquo;un empoisonnement dont il accuse Vladimir Poutine.<\/p><\/blockquote>\n<p><strong>Poursuivi pour avoir enfreint son contr\u00f4le judiciaire dans une affaire remontant \u00e0 2014<\/strong>, il a vu mardi sa peine avec sursis commu\u00e9e en deux ans et huit mois prison ferme. <span style=\"color: #800000;\"><strong>Un emprisonnement qui a suscit\u00e9 un toll\u00e9 en Europe comme aux Etats-Unis<\/strong><\/span>, des critiques balay\u00e9es par la Russie.<\/p>\n<p>Le jugement a aussit\u00f4t provoqu\u00e9 des manifestations dans le centre de Moscou et Saint-P\u00e9tersbourg conclues par 1.400 nouvelles arrestations et des images de violences polici\u00e8res. Au total, depuis le 23 janvier 10.000 personnes ont \u00e9t\u00e9 arr\u00eat\u00e9es, selon l&rsquo;ONG sp\u00e9cialis\u00e9e OVD-Info.<\/p>\n<p>Interrog\u00e9 par les journalistes, le porte-parole du Kremlin Dmitri Peskov a estim\u00e9 que la police avait r\u00e9pliqu\u00e9 \u00ab\u00a0de mani\u00e8re d\u00e9termin\u00e9e\u00a0\u00bb et \u00ab\u00a0justifi\u00e9e\u00a0\u00bb \u00e0 des manifestations ill\u00e9gales.<\/p>\n<p>Avant les protestations de mardi soir, deux week-ends cons\u00e9cutifs de mobilisation avaient vu des dizaines de milliers de Russes sortir dans la rue \u00e0 travers le pays, notamment dans les r\u00e9gions traditionnellement plus apathiques que les grandes villes comme Moscou et Saint-P\u00e9tersbourg.<\/p>\n<h3>Elles s&rsquo;\u00e9taient sold\u00e9es par des nombre record d&rsquo;arrestations: 4.000 le 23 janvier puis 5.700 le 31 janvier selon les comptes OVD-Info, soit plus de 10.000 depuis le d\u00e9but du mouvement.<\/h3>\n<p>\u00ab\u00a0Les autorit\u00e9s ont pass\u00e9 un cap en emprisonnant Navalny. L&rsquo;\u00e9tape ou elles l&rsquo;endiguaient, le supportaient est termin\u00e9e. Maintenant, elles pourrait viser la destruction\u00a0\u00bb de son organisation\u00a0\u00bb, estime Alexandre Baounov du Centre Carnegie de Moscou.<\/p>\n<p>Malgr\u00e9 la r\u00e9pression, l&rsquo;incarc\u00e9ration de nombreux cadres et l&#8217;emprisonnement de leur leader charismatique, les proches de l&rsquo;opposant ont n\u00e9anmoins promis de poursuivre le mouvement.<\/p>\n<p><span style=\"color: #800000;\"><strong>\u00ab\u00a0Ce n&rsquo;est que le d\u00e9but\u00a0\u00bb, a affirm\u00e9 sur Telegram l&rsquo;un des proches d&rsquo;Alexe\u00ef Navalny, Leonid Volkov, qui r\u00e9side en Lituanie.<\/strong><\/span><\/p>\n<p>Selon lui, les partisans de l&rsquo;opposition vont \u00ab\u00a0augmenter la pression sur Poutine\u00a0\u00bb, organiseront \u00ab\u00a0de nouveaux rassemblements pacifiques\u00a0\u00bb et de \u00ab\u00a0nouvelles enqu\u00eates\u00a0\u00bb sur le pr\u00e9sident russe et ses proches.<\/p>\n<h3>Traitements inflig\u00e9s aux manifestants<\/h3>\n<p>Outre les arrestations, OVD-Info s&rsquo;est alarm\u00e9 de traitements d\u00e9gradants inflig\u00e9s aux manifestants, alors que se multiplient sur les r\u00e9seaux sociaux les t\u00e9moignages de personnes enferm\u00e9es des heures dans des fourgons cellulaires ou les images de la r\u00e9ponse polici\u00e8re tr\u00e8s ferme, notamment mardi soir.<\/p>\n<p>Des interpell\u00e9s ont \u00ab\u00a0pass\u00e9 la nuit dans des conditions difficiles\u00a0\u00bb, a d\u00e9clar\u00e9 \u00e0 l&rsquo;AFP un responsable de l&rsquo;ONG, Grigori Dournovo, expliquant que certains ont dormi par terre ou n&rsquo;ont pu aller aux toilettes.<\/p>\n<p>Autre souci, les avocats font face \u00e0 de nombreuses difficult\u00e9s pour avoir acc\u00e8s aux centres de d\u00e9tention. \u00ab\u00a0Ils montrent clairement qu&rsquo;un avocat est vu comme un complice de l&rsquo;accus\u00e9\u00a0\u00bb, a d\u00e9clar\u00e9 M. Dournovo.<\/p>\n<p>La cha\u00eene de t\u00e9l\u00e9vision Dojd avait diffus\u00e9 mardi une vid\u00e9o Instagram d&rsquo;un manifestant: \u00ab\u00a0Plus de 40 heures se sont \u00e9coul\u00e9es depuis notre arrestation (&#8230;) Nous ne sommes pratiquement pas nourris. Ces neuf derni\u00e8res heures, on est dans un bus, oblig\u00e9s de rester debout\u00a0\u00bb, d\u00e9clarait-il.<\/p>\n<p>Arr\u00eat\u00e9 \u00e0 la demande des services p\u00e9nitentiaires (FSIN) pour n&rsquo;avoir pas point\u00e9 comme il aurait d\u00fb le faire, alors qu&rsquo;il \u00e9tait en Allemagne, Alexe\u00ef Navalny a vu une peine de prison avec sursis re\u00e7ue dans une affaire de d\u00e9tournements \u00eatre commu\u00e9e en ferme.<\/p>\n<p>Sit\u00f4t la condamnation connue, l&rsquo;\u00e9quipe de l&rsquo;opposant avait appel\u00e9 \u00e0 manifester dans le centre de Moscou, quadrill\u00e9 par de tr\u00e8s importants d\u00e9ploiements de forces anti-\u00e9meutes OMON ou de la garde nationale.<\/p>\n<p>Sa condamnation a provoqu\u00e9 un torrent de condamnations internationales appelant \u00e0 la \u00ab\u00a0lib\u00e9ration imm\u00e9diate\u00a0\u00bb d&rsquo;Alexe\u00ef Navalny. Le chef de la diplomatie europ\u00e9enne, Josep Borrell, est attendu vendredi \u00e0 Moscou.<\/p>\n<p>D&rsquo;autres affaires judiciaires attendent Alexe\u00ef Navalny, qui doit compara\u00eetre d\u00e8s vendredi pour \u00ab\u00a0diffamation\u00a0\u00bb envers un ancien combattant. Il est aussi accus\u00e9 d&rsquo;escroquerie dans un autre dossier et nombre de ses collaborateurs sont assign\u00e9s \u00e0 r\u00e9sidence, incarc\u00e9r\u00e9s ou poursuivis. (AFP)<\/p>\n","protected":false},"excerpt":{"rendered":"<p>Alexe\u00ef Navalny: le Kremlin s&rsquo;est f\u00e9licit\u00e9 de \u00ab\u00a0l&rsquo;action ferme\u00a0\u00bb de la police face aux manifestations r\u00e9clamant la lib\u00e9ration de l&rsquo;opposant Alexe\u00ef Navalny, dont le mouvement veut continuer le combat malgr\u00e9 la r\u00e9pression et l\u2019emprisonnement de son chef. Un mouvement de protestation d&rsquo;une ampleur in\u00e9dite depuis plusieurs ann\u00e9es a essaim\u00e9 \u00e0 travers la Russie depuis l&#8217;emprisonnement [&hellip;]<\/p>\n","protected":false},"author":1,"featured_media":9051,"comment_status":"open","ping_status":"closed","sticky":false,"template":"","format":"standard","meta":{"footnotes":""},"categories":[1372],"tags":[1629,1630,314,388],"class_list":["post-9050","post","type-post","status-publish","format-standard","has-post-thumbnail","hentry","category-monde","tag-alexei-navalny","tag-kremlin","tag-moscou","tag-russie"],"aioseo_notices":[],"_links":{"self":[{"href":"https:\/\/www.culturalusa.com\/news\/wp-json\/wp\/v2\/posts\/9050","targetHints":{"allow":["GET"]}}],"collection":[{"href":"https:\/\/www.culturalusa.com\/news\/wp-json\/wp\/v2\/posts"}],"about":[{"href":"https:\/\/www.culturalusa.com\/news\/wp-json\/wp\/v2\/types\/post"}],"author":[{"embeddable":true,"href":"https:\/\/www.culturalusa.com\/news\/wp-json\/wp\/v2\/users\/1"}],"replies":[{"embeddable":true,"href":"https:\/\/www.culturalusa.com\/news\/wp-json\/wp\/v2\/comments?post=9050"}],"version-history":[{"count":0,"href":"https:\/\/www.culturalusa.com\/news\/wp-json\/wp\/v2\/posts\/9050\/revisions"}],"wp:featuredmedia":[{"embeddable":true,"href":"https:\/\/www.culturalusa.com\/news\/wp-json\/wp\/v2\/media\/9051"}],"wp:attachment":[{"href":"https:\/\/www.culturalusa.com\/news\/wp-json\/wp\/v2\/media?parent=9050"}],"wp:term":[{"taxonomy":"category","embeddable":true,"href":"https:\/\/www.culturalusa.com\/news\/wp-json\/wp\/v2\/categories?post=9050"},{"taxonomy":"post_tag","embeddable":true,"href":"https:\/\/www.culturalusa.com\/news\/wp-json\/wp\/v2\/tags?post=9050"}],"curies":[{"name":"wp","href":"https:\/\/api.w.org\/{rel}","templated":true}]}}