{"id":9101,"date":"2021-02-10T12:45:35","date_gmt":"2021-02-10T11:45:35","guid":{"rendered":"https:\/\/www.culturalusa.com\/news\/?p=9101"},"modified":"2021-02-10T12:45:35","modified_gmt":"2021-02-10T11:45:35","slug":"le-gouvernement-sort-son-projet-de-loi-climat-ambitieux-ou-insuffisant","status":"publish","type":"post","link":"https:\/\/www.culturalusa.com\/news\/politique\/le-gouvernement-sort-son-projet-de-loi-climat-ambitieux-ou-insuffisant\/","title":{"rendered":"Le gouvernement sort son projet de loi Climat \u00ab\u00a0Ambitieux\u00a0\u00bb ou \u00ab\u00a0insuffisant\u00a0\u00bb?"},"content":{"rendered":"<p>Climat: examin\u00e9 en Conseil des ministres, le tr\u00e8s attendu projet de loi issu des propositions de la Convention citoyenne pour le climat repr\u00e9sente, \u00e0 un an de la pr\u00e9sidentielle, un v\u00e9ritable test pour la cr\u00e9dibilit\u00e9 des engagements environnementaux d&rsquo;Emmanuel Macron.<\/p>\n<blockquote><p>Le gouvernement l&rsquo;assure: ce texte baptis\u00e9 \u00ab\u00a0Climat et r\u00e9silience\u00a0\u00bb rendra \u00ab\u00a0cr\u00e9dible\u00a0\u00bb l&rsquo;atteinte de l&rsquo;objectif de r\u00e9duction de 40% des \u00e9missions de gaz \u00e0 effet de serre en 2030 par rapport \u00e0 1990.<\/p><\/blockquote>\n<h3>Avec ses 65 articles, cette loi \u00ab\u00a0ambitieuse et riche dont le gouvernement n&rsquo;a pas \u00e0 rougir\u00a0\u00bb, \u00ab\u00a0ancre l&rsquo;\u00e9cologie dans la soci\u00e9t\u00e9 fran\u00e7aise et fait le dernier kilom\u00e8tre de la transition \u00e9cologique\u00a0\u00bb, d\u00e9clare-t-on \u00e0 Matignon.<\/h3>\n<p>Une affirmation qui est loin de faire l&rsquo;unanimit\u00e9, comme le montre la pluie de critiques qui accusent l&rsquo;ex\u00e9cutif de d\u00e9tricoter les 149 propositions de la Convention climat. Des critiques des militants \u00e9cologistes, mais aussi de certains Citoyens eux-m\u00eames.<\/p>\n<p>\u00ab\u00a0La loi manque tellement de muscle que je ne reconnais m\u00eame plus nos objectifs de la Convention. O\u00f9 est la grande victoire pour le climat? Pourquoi se contenter de si peu?\u00a0\u00bb, s&rsquo;est emport\u00e9 sur Twitter William Aucant, l&rsquo;un des 150 citoyens.<\/p>\n<p>Les ONG attirent aussi l&rsquo;attention sur la d\u00e9cision \u00ab\u00a0historique\u00a0\u00bb du tribunal administratif de Paris qui vient de reconna\u00eetre l&rsquo;Etat responsable de manquements dans la lutte contre le r\u00e9chauffement climatique.<\/p>\n<p>\u00ab\u00a0Ce jugement concerne le pass\u00e9\u00a0\u00bb, r\u00e9pond-on \u00e0 Matignon. La d\u00e9cision porte effectivement sur le fait que l&rsquo;Etat n&rsquo;a pas respect\u00e9 ses propres engagements en d\u00e9passant son budget carbone 2015-2018.<\/p>\n<p>Et selon les derniers chiffres publi\u00e9s par le gouvernement dimanche, la France a d\u00e9pass\u00e9 ses objectifs pour 2019, avec une baisse des \u00e9missions de 1,7%.<\/p>\n<p>\u00ab\u00a0Avec la loi climat, pr\u00e9par\u00e9e avec vous, nous allons encore acc\u00e9l\u00e9rer\u00a0\u00bb, a promis Emmanuel Macron, qui s&rsquo;affiche en champion du climat sur la sc\u00e8ne internationale.<\/p>\n<h3>\u00ab\u00a0Edulcor\u00e9es\u00a0\u00bb<\/h3>\n<p>Hormis les trois mesures \u00e9cart\u00e9es d&#8217;embl\u00e9e par le chef de l&rsquo;Etat, comme la demande d&rsquo;un moratoire sur la 5G, le gouvernement assure que toutes les autres propositions des Citoyens sont mises en oeuvre (75) ou en cours de mises en oeuvre (71), dont une cinquantaine dans ce projet de loi, outil privil\u00e9gi\u00e9 de leur d\u00e9ploiement.<\/p>\n<blockquote><p>Selon l&rsquo;\u00e9tude d&rsquo;impact du gouvernement, ce texte permettra de \u00ab\u00a0s\u00e9curiser\u00a0\u00bb entre la moiti\u00e9 et les deux tiers de la baisse des \u00e9missions pr\u00e9vues d&rsquo;ici 2030. Sans compter l&rsquo;effet \u00ab\u00a0difficile \u00e0 quantifier\u00a0\u00bb de l&rsquo;impact \u00ab\u00a0culturel\u00a0\u00bb de certaines mesures comme le \u00ab\u00a0CO2-Score\u00a0\u00bb, sorte de \u00ab\u00a0nutriscore\u00a0\u00bb pour l&rsquo;impact climatique des produits, note-t-on au minist\u00e8re de la Transition \u00e9cologique.<\/p><\/blockquote>\n<p>Mais si les mesures pr\u00e9sent\u00e9es sont \u00ab\u00a0en g\u00e9n\u00e9ral pertinentes\u00a0\u00bb, elles sont souvent \u00ab\u00a0limit\u00e9es\u00a0\u00bb, \u00ab\u00a0diff\u00e9r\u00e9es\u00a0\u00bb, et \u00ab\u00a0soumises \u00e0 des conditions telles qu&rsquo;on doute de les voir mises en oeuvre \u00e0 terme rapproch\u00e9\u00a0\u00bb, a jug\u00e9 le Conseil \u00e9conomique, social et environnemental (Cese).<\/p>\n<p>Les nombreuses critiques pointent surtout des mesures \u00ab\u00a0\u00e9dulcor\u00e9es\u00a0\u00bb, notamment sur la demande de cr\u00e9ation d&rsquo;un \u00ab\u00a0crime d&rsquo;\u00e9cocide\u00a0\u00bb devenu d\u00e9lit dans le projet de loi.<\/p>\n<p>La Convention recommandait aussi l&rsquo;interdiction de la publicit\u00e9 pour les produits les plus polluants. Le texte interdit celle pour les \u00e9nergies fossiles, en compl\u00e9tant avec des \u00ab\u00a0codes de bonne conduite\u00a0\u00bb.<\/p>\n<p>En mati\u00e8re de logement, un des secteurs les plus \u00e9metteurs de CO2, la CCC demandait la r\u00e9novation \u00e9nerg\u00e9tique obligatoire des b\u00e2timents d&rsquo;ici 2040. Le projet de loi interdit la location des passoires thermiques \u00e0 partir de 2028.<\/p>\n<p>Dans ce domaine, en fonction des conclusions attendues en mars d&rsquo;une mission lanc\u00e9e par le gouvernement, des amendements pourraient compl\u00e9ter le dispositif lors du d\u00e9bat parlementaire.<\/p>\n<p>Vu l&rsquo;\u00e9tendue des domaines couverts par cette loi, de l&rsquo;\u00e9ducation aux finances en passant par les collectivit\u00e9s locales, une commission sp\u00e9ciale de l&rsquo;Assembl\u00e9e nationale devrait examiner le texte en mars, avant le passage dans l&rsquo;h\u00e9micycle en avril.<\/p>\n<p>Et certains \u00e9lus souhaitent d\u00e9j\u00e0 modifier le texte, dans un sens ou dans l&rsquo;autre. Comme le d\u00e9put\u00e9 \u00e9cologiste ex-LREM Matthieu Orphelin qui a identifi\u00e9 \u00ab\u00a0cinq mesures de plus\u00a0\u00bb qui permettraient selon lui de \u00ab\u00a0multiplier par pr\u00e8s de quatre les \u00e9missions de CO2 \u00e9vit\u00e9es en 2030\u00a0\u00bb. Ou le s\u00e9nateur Jean-Fran\u00e7ois Longeot (UDI) qui veut introduire des mesures sur l&rsquo;impact environnemental du num\u00e9rique.<\/p>\n<p>Ce domaine n&rsquo;est pas couvert par le texte qui se d\u00e9cline en six chapitres: consommer, produire et travailler, se d\u00e9placer, se loger, se nourrir et renforcer la protection judiciaire de l&rsquo;environnement.<\/p>\n<p>Les Citoyens eux doivent se r\u00e9unir une derni\u00e8re fois officiellement fin f\u00e9vrier pour juger de la r\u00e9ponse de l&rsquo;ex\u00e9cutif \u00e0 leurs propositions. (AFP)<\/p>\n","protected":false},"excerpt":{"rendered":"<p>Climat: examin\u00e9 en Conseil des ministres, le tr\u00e8s attendu projet de loi issu des propositions de la Convention citoyenne pour le climat repr\u00e9sente, \u00e0 un an de la pr\u00e9sidentielle, un v\u00e9ritable test pour la cr\u00e9dibilit\u00e9 des engagements environnementaux d&rsquo;Emmanuel Macron. Le gouvernement l&rsquo;assure: ce texte baptis\u00e9 \u00ab\u00a0Climat et r\u00e9silience\u00a0\u00bb rendra \u00ab\u00a0cr\u00e9dible\u00a0\u00bb l&rsquo;atteinte de l&rsquo;objectif de [&hellip;]<\/p>\n","protected":false},"author":1,"featured_media":9102,"comment_status":"open","ping_status":"closed","sticky":false,"template":"","format":"standard","meta":{"footnotes":""},"categories":[1494],"tags":[208,227,356,1635],"class_list":["post-9101","post","type-post","status-publish","format-standard","has-post-thumbnail","hentry","category-politique","tag-climat","tag-gaz-a-effet-de-serre","tag-rechauffement-climatique","tag-transition-ecologique"],"aioseo_notices":[],"_links":{"self":[{"href":"https:\/\/www.culturalusa.com\/news\/wp-json\/wp\/v2\/posts\/9101","targetHints":{"allow":["GET"]}}],"collection":[{"href":"https:\/\/www.culturalusa.com\/news\/wp-json\/wp\/v2\/posts"}],"about":[{"href":"https:\/\/www.culturalusa.com\/news\/wp-json\/wp\/v2\/types\/post"}],"author":[{"embeddable":true,"href":"https:\/\/www.culturalusa.com\/news\/wp-json\/wp\/v2\/users\/1"}],"replies":[{"embeddable":true,"href":"https:\/\/www.culturalusa.com\/news\/wp-json\/wp\/v2\/comments?post=9101"}],"version-history":[{"count":0,"href":"https:\/\/www.culturalusa.com\/news\/wp-json\/wp\/v2\/posts\/9101\/revisions"}],"wp:featuredmedia":[{"embeddable":true,"href":"https:\/\/www.culturalusa.com\/news\/wp-json\/wp\/v2\/media\/9102"}],"wp:attachment":[{"href":"https:\/\/www.culturalusa.com\/news\/wp-json\/wp\/v2\/media?parent=9101"}],"wp:term":[{"taxonomy":"category","embeddable":true,"href":"https:\/\/www.culturalusa.com\/news\/wp-json\/wp\/v2\/categories?post=9101"},{"taxonomy":"post_tag","embeddable":true,"href":"https:\/\/www.culturalusa.com\/news\/wp-json\/wp\/v2\/tags?post=9101"}],"curies":[{"name":"wp","href":"https:\/\/api.w.org\/{rel}","templated":true}]}}