{"id":9105,"date":"2021-02-11T12:40:55","date_gmt":"2021-02-11T11:40:55","guid":{"rendered":"https:\/\/www.culturalusa.com\/news\/?p=9105"},"modified":"2021-02-11T12:43:45","modified_gmt":"2021-02-11T11:43:45","slug":"pandemie-le-vaccin-dastrazeneca-est-desormais-soutenu-par-loms","status":"publish","type":"post","link":"https:\/\/www.culturalusa.com\/news\/technologie\/pandemie-le-vaccin-dastrazeneca-est-desormais-soutenu-par-loms\/","title":{"rendered":"Pand\u00e9mie: le vaccin d&rsquo;AstraZeneca est d\u00e9sormais soutenu par l&rsquo;OMS"},"content":{"rendered":"<p>Quant aux doutes sur son efficacit\u00e9, <span style=\"color: #800000;\"><strong>l&rsquo;Organisation mondiale de la Sant\u00e9 (OMS) a finalement jug\u00e9 que le vaccin d&rsquo;AstraZeneca pouvait \u00eatre administr\u00e9 aux plus de 65 ans<\/strong><\/span>, et dans les pays o\u00f9 circulent des <strong>variants<\/strong>, en particulier les variants britanniques et sud-africains identifi\u00e9s comme plus contagieux.<\/p>\n<blockquote><p>Apr\u00e8s avoir re\u00e7u le soutien de l&rsquo;OMS pour son vaccin anti-Covid, le groupe pharmaceutique britannique AstraZeneca a annonc\u00e9 jeudi des b\u00e9n\u00e9fices record en 2020, ann\u00e9e d&rsquo;une pand\u00e9mie plan\u00e9taire que les campagnes de vaccination tentent aujourd&rsquo;hui de faire reculer.<\/p><\/blockquote>\n<p>Le groupe pharmaceutique a publi\u00e9 un b\u00e9n\u00e9fice net de 3,2 milliards de dollars, qui a plus que doubl\u00e9 en une ann\u00e9e, et des ventes en augmentation de 9%, \u00e0 26,6 milliards de dollars par an, tir\u00e9es notamment par la forte demande de m\u00e9dicaments contre les troubles g\u00e9n\u00e9r\u00e9s par le virus, comme l&rsquo;asthme par exemple.<\/p>\n<p><strong>Associ\u00e9 \u00e0 l&rsquo;universit\u00e9 d&rsquo;Oxford, AstraZeneca est l&rsquo;un des premiers laboratoires \u00e0 avoir mis au point un vaccin contre le Covid-19<\/strong>, autoris\u00e9 en urgence en d\u00e9cembre en Grande-Bretagne, puis dans la foul\u00e9e par de nombreux pays dans le monde et l&rsquo;Union europ\u00e9enne.<\/p>\n<h3>Le s\u00e9rum miracle a valu au laboratoire d&rsquo;\u00eatre initialement salu\u00e9 par la communaut\u00e9 internationale, qui table sur les vaccins pour tenter de tourner la page de la pand\u00e9mie. Mais des retards de livraison en Europe et des doutes sur son efficacit\u00e9 -chez les personnes \u00e2g\u00e9es et contre les variants du virus- ont cr\u00e9\u00e9 la pol\u00e9mique.<\/h3>\n<p>Sur les retards de livraison, AstraZeneca s&rsquo;est engag\u00e9 jeudi \u00ab\u00a0\u00e0 l&rsquo;acc\u00e8s de 170 millions de doses de vaccin dans 190 pays\u00a0\u00bb.<\/p>\n<p>Malgr\u00e9 ces assurances de l&rsquo;OMS, l&rsquo;Afrique du Sud s&rsquo;est dite pr\u00eate \u00e0 revendre ou \u00e9changer un million de doses d&rsquo;AstraZeneca, \u00e9cart\u00e9 au profit de celui de Johnson &amp; Johnson.<\/p>\n<p>Pour tenter d&rsquo;y voir plus clair, l&rsquo;Agence europ\u00e9enne du m\u00e9dicament (EMA) a annonc\u00e9 mercredi avoir demand\u00e9 \u00e0 tous les d\u00e9veloppeurs de vaccins d&rsquo;\u00e9valuer si leur produit est efficace contre les nouvelles mutations du coronavirus.<\/p>\n<p>L&rsquo;Union europ\u00e9enne a par ailleurs affirm\u00e9 vouloir muscler sa production de vaccins.<\/p>\n<h3>\u00ab\u00a0D\u00e9crochage europ\u00e9en\u00a0\u00bb<\/h3>\n<p>\u00ab\u00a0Nous avons \u00e9t\u00e9 trop optimistes, et sans doute trop confiants sur la livraison en temps voulu des doses command\u00e9es\u00a0\u00bb, a admis la pr\u00e9sidente de la Commission europ\u00e9enne Ursula von der Leyen.<\/p>\n<p>\u00ab\u00a0Nous devons am\u00e9liorer la mont\u00e9e en puissance des capacit\u00e9s\u00a0\u00bb, a-t-elle insist\u00e9.<\/p>\n<p>\u00ab\u00a0Il y a un point sur lequel on n&rsquo;a pas \u00e9t\u00e9 assez bons, pas assez forts, pas assez rapides, c&rsquo;est l&rsquo;investissement dans le d\u00e9veloppement du vaccin\u00a0\u00bb, a rench\u00e9ri le secr\u00e9taire d&rsquo;Etat fran\u00e7ais aux Affaires europ\u00e9ennes Cl\u00e9ment Beaune, d\u00e9plorant un \u00ab\u00a0d\u00e9crochage europ\u00e9en\u00a0\u00bb.<\/p>\n<p>Dans la foul\u00e9e, AstraZeneca a dit s&rsquo;associer avec l&rsquo;allemand IDT Biologika afin d&rsquo;\u00eatre capable de produire d\u00e8s le deuxi\u00e8me trimestre davantage de vaccins pour l&rsquo;Europe.<\/p>\n<p><strong>Le laboratoire allemand BioNTech a pour sa part annonc\u00e9 le d\u00e9marrage de la production de son vaccin<\/strong>, con\u00e7u avec l&rsquo;Am\u00e9ricain Pfizer, dans une nouvelle usine \u00e0 Marbourg (Allemagne), destin\u00e9e \u00e0 augmenter les livraisons.<\/p>\n<p>En attendant, la chanceli\u00e8re Angela Merkel a annonc\u00e9 mercredi soir la prolongation jusqu&rsquo;au 7 mars de la plupart des restrictions en place en Allemagne. La Gr\u00e8ce va de son c\u00f4t\u00e9 durcir \u00e0 partir de jeudi son confinement national.<\/p>\n<blockquote><p>L&rsquo;UE, qui a franchi le seuil symbolique des 500.000 d\u00e9c\u00e8s li\u00e9s au Covid-19, a vu toutefois la tendance s&rsquo;am\u00e9liorer depuis quelques jours, avec 16% de cas en moins sur la semaine du 3 au 9 f\u00e9vrier, et une mortalit\u00e9 quotidienne en baisse \u00e9galement (-7%).<\/p><\/blockquote>\n<p>Le Moyen-Orient a pour sa part franchi la barre des 100.000 morts des suites du Covid-19 depuis le d\u00e9but de la pand\u00e9mie en d\u00e9cembre 2019, selon un comptage r\u00e9alis\u00e9 par l\u2019AFP jeudi \u00e0 8H00 GMT.<\/p>\n<p>Pour amortir l&rsquo;impact \u00e9conomique de la crise sanitaire, les eurod\u00e9put\u00e9s ont approuv\u00e9 mercredi le fonds de relance massif destin\u00e9 \u00e0 aider les pays de l&rsquo;UE, le d\u00e9blocage des 672,5 milliards d&rsquo;euros ne devant toutefois pas intervenir avant plusieurs mois.<\/p>\n<p>Aux Etats-Unis, le d\u00e9bat se poursuit sur le gigantesque plan d&rsquo;urgence de 1.900 milliards de dollars propos\u00e9 par le pr\u00e9sident Joe Biden pour aider les PME et les m\u00e9nages les plus vuln\u00e9rables.<\/p>\n<p>Les Am\u00e9ricains pourront d\u00e8s jeudi se faire vacciner dans les pharmacies du pays. Dans l&rsquo;Etat de New York, les grandes salles de spectacle et les stades pourraient partiellement rouvrir \u00e0 partir du 23 f\u00e9vrier, une premi\u00e8re apr\u00e8s presque un an de fermeture.<\/p>\n<h3>Le Japon en qu\u00eate de seringues<\/h3>\n<p>Apr\u00e8s un mois de mission \u00e0 Wuhan, en Chine, les experts d\u00e9p\u00each\u00e9s par l&rsquo;OMS n&rsquo;ont pu percer les origines de la pand\u00e9mie et plusieurs questions restent en suspens comme l&rsquo;origine animale du virus ou la th\u00e8se, avanc\u00e9e par P\u00e9kin, selon laquelle il aurait pu \u00eatre import\u00e9 en Chine via des aliments surgel\u00e9s.<\/p>\n<p>Au Japon, pays h\u00f4te des JO l&rsquo;\u00e9t\u00e9 prochain, la campagne vaccinale commencera la semaine prochaine, a annonc\u00e9 mercredi son Premier ministre, mais les autorit\u00e9s travaillent d&rsquo;arrache-pied pour se procurer des seringues adapt\u00e9es afin de ne pas gaspiller les doses.<\/p>\n<p>En Russie ce sont quelque 1,7 million de personnes qui ont \u00e9t\u00e9 vaccin\u00e9es, le pays ayant franchi le cap des quatre millions d&rsquo;infections mercredi.<\/p>\n<p>Les autorit\u00e9s sanitaires du Mexique ont pour leur part autoris\u00e9 l&rsquo;utilisation des vaccins chinois CanSino Biologics et CoronaVac contre le Covid-19.<\/p>\n<p>Plus de 151 millions de doses de vaccins anti-Covid ont \u00e9t\u00e9 administr\u00e9es dans au moins 91 pays ou territoires, selon un comptage r\u00e9alis\u00e9 par l&rsquo;AFP mercredi.<\/p>\n<p>La pand\u00e9mie a fait plus de 2,34 millions de morts dans le monde depuis fin d\u00e9cembre 2019, selon un bilan \u00e9tabli par l&rsquo;AFP \u00e0 partir de sources officielles mercredi. (AFP)<\/p>\n","protected":false},"excerpt":{"rendered":"<p>Quant aux doutes sur son efficacit\u00e9, l&rsquo;Organisation mondiale de la Sant\u00e9 (OMS) a finalement jug\u00e9 que le vaccin d&rsquo;AstraZeneca pouvait \u00eatre administr\u00e9 aux plus de 65 ans, et dans les pays o\u00f9 circulent des variants, en particulier les variants britanniques et sud-africains identifi\u00e9s comme plus contagieux. Apr\u00e8s avoir re\u00e7u le soutien de l&rsquo;OMS pour son [&hellip;]<\/p>\n","protected":false},"author":1,"featured_media":7346,"comment_status":"open","ping_status":"closed","sticky":false,"template":"","format":"standard","meta":{"footnotes":""},"categories":[6],"tags":[1336,1298,1569,1636],"class_list":["post-9105","post","type-post","status-publish","format-standard","has-post-thumbnail","hentry","category-technologie","tag-astrazeneca","tag-oms","tag-organisation-mondiale-de-la-sante","tag-vaccin-dastrazeneca"],"aioseo_notices":[],"_links":{"self":[{"href":"https:\/\/www.culturalusa.com\/news\/wp-json\/wp\/v2\/posts\/9105","targetHints":{"allow":["GET"]}}],"collection":[{"href":"https:\/\/www.culturalusa.com\/news\/wp-json\/wp\/v2\/posts"}],"about":[{"href":"https:\/\/www.culturalusa.com\/news\/wp-json\/wp\/v2\/types\/post"}],"author":[{"embeddable":true,"href":"https:\/\/www.culturalusa.com\/news\/wp-json\/wp\/v2\/users\/1"}],"replies":[{"embeddable":true,"href":"https:\/\/www.culturalusa.com\/news\/wp-json\/wp\/v2\/comments?post=9105"}],"version-history":[{"count":0,"href":"https:\/\/www.culturalusa.com\/news\/wp-json\/wp\/v2\/posts\/9105\/revisions"}],"wp:featuredmedia":[{"embeddable":true,"href":"https:\/\/www.culturalusa.com\/news\/wp-json\/wp\/v2\/media\/7346"}],"wp:attachment":[{"href":"https:\/\/www.culturalusa.com\/news\/wp-json\/wp\/v2\/media?parent=9105"}],"wp:term":[{"taxonomy":"category","embeddable":true,"href":"https:\/\/www.culturalusa.com\/news\/wp-json\/wp\/v2\/categories?post=9105"},{"taxonomy":"post_tag","embeddable":true,"href":"https:\/\/www.culturalusa.com\/news\/wp-json\/wp\/v2\/tags?post=9105"}],"curies":[{"name":"wp","href":"https:\/\/api.w.org\/{rel}","templated":true}]}}