{"id":9131,"date":"2021-02-17T19:27:52","date_gmt":"2021-02-17T18:27:52","guid":{"rendered":"https:\/\/www.culturalusa.com\/news\/?p=9131"},"modified":"2021-02-17T19:31:57","modified_gmt":"2021-02-17T18:31:57","slug":"vaccin-lue-achete-a-moderna-300-millions-de-doses-lonu-reclame-un-plan-mondial-de-vaccination","status":"publish","type":"post","link":"https:\/\/www.culturalusa.com\/news\/actualite\/vaccin-lue-achete-a-moderna-300-millions-de-doses-lonu-reclame-un-plan-mondial-de-vaccination\/","title":{"rendered":"Vaccin: l&rsquo;UE ach\u00e8te \u00e0 Moderna 300 millions de doses, l&rsquo;ONU r\u00e9clame un \u00ab\u00a0plan mondial de vaccination\u00a0\u00bb"},"content":{"rendered":"<p><strong>L&rsquo;Union Europ\u00e9enne a annonc\u00e9 un accord pour acheter 300 millions de doses suppl\u00e9mentaires du vaccin Moderna contre le Covid-19<\/strong>, acc\u00e9l\u00e9rant la course \u00e0 l&rsquo;immunisation au moment o\u00f9 le secr\u00e9taire g\u00e9n\u00e9ral de l&rsquo;ONU appelait \u00e0 b\u00e2tir un \u00ab\u00a0plan mondial de vaccination\u00a0\u00bb.<\/p>\n<blockquote><p>L&rsquo;Organisation mondiale de la Sant\u00e9, faisant \u00e9tat d&rsquo;une chute de 16% des nouveaux cas dans le monde, a pr\u00e9venu cependant que \u00ab\u00a0le feu n&rsquo;est pas \u00e9teint\u00a0\u00bb, plus d&rsquo;un an apr\u00e8s le d\u00e9but de la pand\u00e9mie qui a fait plus de 2,4 millions de morts.<\/p><\/blockquote>\n<p><strong>\u00ab\u00a0Le monde a urgemment besoin d&rsquo;un plan mondial de vaccination pour rassembler tous ceux qui ont la puissance, l&rsquo;expertise scientifique et les capacit\u00e9s de production et financi\u00e8res requises\u00a0\u00bb<\/strong>, a lanc\u00e9 le secr\u00e9taire g\u00e9n\u00e9ral de l&rsquo;ONU Antonio Guterres, mercredi devant les pays du G20.<\/p>\n<blockquote><p>Sur le front europ\u00e9en, le nouvel accord, annonc\u00e9 par la pr\u00e9sidente de la Commission Ursula von der Leyen, porte sur l&rsquo;achat de 150 millions de doses du vaccin du laboratoire am\u00e9ricain Moderna, destin\u00e9es \u00e0 \u00eatre livr\u00e9es aux 3e et 4e trimestres 2021, avec une option de 150 millions de doses suppl\u00e9mentaires en 2022.<\/p><\/blockquote>\n<p>Critiqu\u00e9e pour les rat\u00e9s de la vaccination, la Commission a d\u00e9voil\u00e9 le m\u00eame jour un plan pour mieux surveiller les mutations du coronavirus.<\/p>\n<p>Baptis\u00e9 Hera Incubator, ce projet sera dot\u00e9 de 75 millions d&rsquo;euros. Quelque 150 millions d&rsquo;euros suppl\u00e9mentaires seront engag\u00e9s pour renforcer la recherche.<\/p>\n<h3>\u00ab\u00a0Par tous les moyens\u00a0\u00bb<\/h3>\n<p><strong>Le variant britannique, qui repr\u00e9sente en Allemagne plus de 20% des cas, est en voie d&rsquo;y devenir \u00ab\u00a0dominant\u00a0\u00bb, a pr\u00e9venu mercredi le ministre de la Sant\u00e9, Jens Spahn.<\/strong><\/p>\n<p>Devant le danger toujours pr\u00e9sent, le nouveau Premier ministre italien Mario Draghi s&rsquo;est fix\u00e9 mercredi comme \u00ab\u00a0principal devoir\u00a0\u00bb de \u00ab\u00a0combattre la pand\u00e9mie par tous les moyens\u00a0\u00bb dans son pays, o\u00f9 le Covid-19 a fait pr\u00e8s de 100.000 morts.<\/p>\n<p><strong>Le pr\u00e9sident am\u00e9ricain Joe Biden a lui appel\u00e9 \u00e0 \u00ab\u00a0frapper fort\u00a0\u00bb pour soutenir \u00e9conomiquement la population, avec un gigantesque plan de sauvetage de 1.900 milliards de dollars. \u00ab\u00a0Il faut d\u00e9penser maintenant\u00a0\u00bb, a-t-il martel\u00e9.<\/strong><\/p>\n<p>Au Japon, des professionnels de sant\u00e9 volontaires ont \u00e9t\u00e9 les premiers mercredi \u00e0 recevoir le vaccin suite au feu vert obtenu dimanche par le groupe Pfizer dans l&rsquo;archipel. La vaccination n&rsquo;y sera pas \u00e9tendue aux personnes \u00e2g\u00e9es avant avril.<\/p>\n<p>Toujours en Asie, la Nouvelle-Z\u00e9lande a lev\u00e9 mercredi soir le confinement ordonn\u00e9 pour trois jours \u00e0 Auckland, le foyer d&rsquo;infection d\u00e9couvert dans la plus grande ville du pays \u00e9tant consid\u00e9r\u00e9 sous contr\u00f4le.<\/p>\n<p>\u00ab\u00a0Nous n&rsquo;avons pas une \u00e9pid\u00e9mie de grande ampleur, mais plut\u00f4t une cha\u00eene de transmission circonscrite\u00a0\u00bb, a d\u00e9clar\u00e9 la Premi\u00e8re ministre Jacinda Ardern.<\/p>\n<p>L&rsquo;Australie a \u00e9galement lev\u00e9 mercredi le confinement pour les six millions d&rsquo;habitants de l\u2019\u00c9tat de Victoria, deuxi\u00e8me plus peupl\u00e9 du pays, et le public pourra revenir assister aux matches de l&rsquo;Open d&rsquo;Australie \u00e0 partir de jeudi avec une jauge maximum de 7.477 personnes par session.<\/p>\n<h3>\u00ab\u00a0Notre carnaval est \u00e0 nous!\u00a0\u00bb<\/h3>\n<p>Dans les Antilles fran\u00e7aises, des habitants de Fort-de-France et Pointe-\u00e0-Pitre ont brav\u00e9 l&rsquo;interdit de d\u00e9filer dans la rue lors du traditionnel carnaval pour cause de Covid-19, chantant et dansant sous leurs d\u00e9guisements. \u00ab\u00a0C&rsquo;est notre tradition, notre carnaval c&rsquo;est \u00e0 nous !\u00a0\u00bb, d\u00e9clare une participante, un peu \u00e0 l&rsquo;\u00e9cart de la foule, tenant sa fille en bas \u00e2ge par la main.<\/p>\n<p>La campagne de vaccination a commenc\u00e9 mercredi en Afrique du Sud. La premi\u00e8re dose du lot de 80.000 vaccins du laboratoire am\u00e9ricain Johnson &amp; Johnson a \u00e9t\u00e9 administr\u00e9e devant les cam\u00e9ras \u00e0 une infirmi\u00e8re en maternit\u00e9 de l&rsquo;h\u00f4pital de Khayelitsha, important township du Cap.<\/p>\n<p>Le pr\u00e9sident Cyril Ramaphosa y a \u00e9t\u00e9 vaccin\u00e9 dans la foul\u00e9e. \u00ab\u00a0C&rsquo;est un jour important pour notre pays\u00a0\u00bb, a-t-il dit.<\/p>\n<p>En Indon\u00e9sie c&rsquo;est la deuxi\u00e8me deuxi\u00e8me phase de vaccination qui a \u00e9t\u00e9 lanc\u00e9e, visant les travailleurs \u00e0 risque et les plus \u00e2g\u00e9s.<\/p>\n<p>Dans la bande de Gaza sous blocus isra\u00e9lien, un premier lot de 1.000 vaccins \u00e9tait en train d&rsquo;\u00eatre achemin\u00e9, selon les autorit\u00e9s isra\u00e9liennes qui en avaient auparavant bloqu\u00e9 le transfert.<\/p>\n<p>La question centrale de la vaccination \u00e9tait au menu du Conseil de s\u00e9curit\u00e9 de l&rsquo;ONU mercredi. Le Mexique a annonc\u00e9 qu&rsquo;il allait soulever le probl\u00e8me de l&rsquo;in\u00e9galit\u00e9 d&rsquo;acc\u00e8s. Le Royaume-Uni allait faire pression pour des cessez-le-feu dans les zones de conflit pour y vacciner contre le coronavirus.<\/p>\n<p>L&rsquo;OMS a d\u00e9voil\u00e9 mardi des chiffres r\u00e9v\u00e9lant une nette baisse des contaminations et des d\u00e9c\u00e8s li\u00e9s au Covid-19 dans le monde la semaine derni\u00e8re. Mais elle se garde bien de crier victoire.<\/p>\n<p>Le nombre de nouveaux cas a recul\u00e9 de 16% \u00e0 2,7 millions de cas, selon elle. Le nombre de nouveaux d\u00e9c\u00e8s signal\u00e9s a \u00e9galement diminu\u00e9 de 10% par rapport \u00e0 la semaine pr\u00e9c\u00e9dente, \u00e0 81.000.<\/p>\n<p>La pand\u00e9mie a fait au moins 2.419.730 morts dans le monde, selon un bilan \u00e9tabli par l&rsquo;AFP mercredi.<\/p>\n<p>Le d\u00e9c\u00e8s du vice-pr\u00e9sident de la r\u00e9gion semi-autonome de Zanzibar, Seif Sharif Hamad, annonc\u00e9 mercredi, allonge la liste de dirigeants emport\u00e9s par la pand\u00e9mie.<\/p>\n<p>La Tanzanie se disait jusqu&rsquo;\u00e0 r\u00e9cemment \u00ab\u00a0lib\u00e9r\u00e9e du Covid\u00a0\u00bb, mais la contestation grandit sur place face \u00e0 une augmentation du nombre de morts, officiellement en raison de \u00ab\u00a0pneumonies\u00a0\u00bb. (AFP)<\/p>\n","protected":false},"excerpt":{"rendered":"<p>L&rsquo;Union Europ\u00e9enne a annonc\u00e9 un accord pour acheter 300 millions de doses suppl\u00e9mentaires du vaccin Moderna contre le Covid-19, acc\u00e9l\u00e9rant la course \u00e0 l&rsquo;immunisation au moment o\u00f9 le secr\u00e9taire g\u00e9n\u00e9ral de l&rsquo;ONU appelait \u00e0 b\u00e2tir un \u00ab\u00a0plan mondial de vaccination\u00a0\u00bb. L&rsquo;Organisation mondiale de la Sant\u00e9, faisant \u00e9tat d&rsquo;une chute de 16% des nouveaux cas dans [&hellip;]<\/p>\n","protected":false},"author":1,"featured_media":9132,"comment_status":"open","ping_status":"closed","sticky":false,"template":"","format":"standard","meta":{"footnotes":""},"categories":[30],"tags":[1646,173,1269,1430],"class_list":["post-9131","post","type-post","status-publish","format-standard","has-post-thumbnail","hentry","category-actualite","tag-plan-mondial-de-vaccination","tag-union-europeenne","tag-vaccin-anti-covid-19","tag-vaccins"],"aioseo_notices":[],"_links":{"self":[{"href":"https:\/\/www.culturalusa.com\/news\/wp-json\/wp\/v2\/posts\/9131","targetHints":{"allow":["GET"]}}],"collection":[{"href":"https:\/\/www.culturalusa.com\/news\/wp-json\/wp\/v2\/posts"}],"about":[{"href":"https:\/\/www.culturalusa.com\/news\/wp-json\/wp\/v2\/types\/post"}],"author":[{"embeddable":true,"href":"https:\/\/www.culturalusa.com\/news\/wp-json\/wp\/v2\/users\/1"}],"replies":[{"embeddable":true,"href":"https:\/\/www.culturalusa.com\/news\/wp-json\/wp\/v2\/comments?post=9131"}],"version-history":[{"count":0,"href":"https:\/\/www.culturalusa.com\/news\/wp-json\/wp\/v2\/posts\/9131\/revisions"}],"wp:featuredmedia":[{"embeddable":true,"href":"https:\/\/www.culturalusa.com\/news\/wp-json\/wp\/v2\/media\/9132"}],"wp:attachment":[{"href":"https:\/\/www.culturalusa.com\/news\/wp-json\/wp\/v2\/media?parent=9131"}],"wp:term":[{"taxonomy":"category","embeddable":true,"href":"https:\/\/www.culturalusa.com\/news\/wp-json\/wp\/v2\/categories?post=9131"},{"taxonomy":"post_tag","embeddable":true,"href":"https:\/\/www.culturalusa.com\/news\/wp-json\/wp\/v2\/tags?post=9131"}],"curies":[{"name":"wp","href":"https:\/\/api.w.org\/{rel}","templated":true}]}}